{"id":696584,"date":"2026-01-29T04:55:21","date_gmt":"2026-01-29T04:55:21","guid":{"rendered":"https:\/\/www.europesays.com\/fr\/696584\/"},"modified":"2026-01-29T04:55:21","modified_gmt":"2026-01-29T04:55:21","slug":"quatre-nouvelles-mises-en-examen-apres-lenlevement-dun-banquier-multimillionnaire-ouzbek-en-juin-dernier","status":"publish","type":"post","link":"https:\/\/www.europesays.com\/fr\/696584\/","title":{"rendered":"quatre nouvelles mises en examen apr\u00e8s l\u2019enl\u00e8vement d\u2019un banquier multimillionnaire ouzbek en juin dernier"},"content":{"rendered":"<p>\n    Ces nouvelles mises en examen portent \u00e0 six le nombre de suspects poursuivis dans l\u2019information judiciaire ouverte le 29 juin par la juridiction interr\u00e9gionale sp\u00e9cialis\u00e9e (Jirs) de Paris.<\/p>\n<p class=\"fig-paragraph\">Trois hommes et une femme ont \u00e9t\u00e9 mis en examen ces derniers jours, soup\u00e7onn\u00e9s d&rsquo;\u00eatre impliqu\u00e9s dans l&rsquo;<a href=\"http:\/\/www.lefigaro.fr\/bordeaux\/bordeaux-un-homme-sequestre-dans-un-appartement-apres-avoir-ete-enleve-par-quatre-individus-cagoules-a-la-rochelle-20260128\" data-fig-type=\"NewsFlash\" data-gtm-custom-categorie=\"navigation\" data-gtm-custom-action=\"crossclick\" data-gtm-custom-label=\"Contextuel\" data-gtm-event=\"customEventSPE\" data-fig-domain=\"LEFIGARO\" target=\"_blank\" rel=\"noopener\">enl\u00e8vement<\/a>\u00a0en juin en plein Paris d&rsquo;un banquier multimillionnaire ouzbek, a indiqu\u00e9 samedi le parquet, sollicit\u00e9 par l&rsquo;AFP. Ces nouvelles mises en examen portent \u00e0 six le nombre de suspects poursuivis dans l&rsquo;information judiciaire ouverte le 29 juin par la juridiction interr\u00e9gionale sp\u00e9cialis\u00e9e (Jirs) de\u00a0<a href=\"http:\/\/www.lefigaro.fr\/faits-divers\/paris-une-cycliste-tuee-dans-le-12e-arrondissement-ecrasee-par-un-poids-lourd-20260127\" data-fig-type=\"NewsFlash\" data-gtm-custom-categorie=\"navigation\" data-gtm-custom-action=\"crossclick\" data-gtm-custom-label=\"Contextuel\" data-gtm-event=\"customEventSPE\" data-fig-domain=\"LEFIGARO\" target=\"_blank\" rel=\"noopener\">Paris<\/a>.<\/p>\n<p class=\"fig-paragraph\">L&rsquo;affaire d\u00e9bute par une plainte, d\u00e9pos\u00e9e le 24 juin. Kakhramonjon Olimov, \u00abli\u00e9 \u00e0 la banque Anorbank\u00bb comme le d\u00e9crit le parquet, d\u00e9nonce \u00abavoir \u00e9t\u00e9 victime d&rsquo;un enl\u00e8vement avec s\u00e9questration entre le 22 et le 23 juin\u00bb \u00e0 Paris et en r\u00e9gion ni\u00e7oise. Dans un entretien au journal Le Monde, en juillet, le financier raconte avoir \u00e9t\u00e9 approch\u00e9 par une femme, avoir accept\u00e9 de la rejoindre dans un restaurant mais avoir \u00e9t\u00e9, sur le chemin, kidnapp\u00e9.<\/p>\n<p>                                            <a class=\"fig-a11y-skip\" href=\"#fig-a11y-skip-main-inarticle\" data-module=\"a11y-skip\" data-context=\"was @visible\"><br \/>\n    Passer la publicit\u00e9<br \/>\n<\/a>            <\/p>\n<p class=\"fig-paragraph\">Selon son r\u00e9cit, s&rsquo;ensuivent des violences, un simulacre de pendaison, d&rsquo;\u00e9gorgement, des sc\u00e8nes d&rsquo;humiliation film\u00e9es et des menaces de viol. M. Olimov assure avoir reconnu parmi ses kidnappeurs l&rsquo;homme de confiance de l&rsquo;un de ses ex-associ\u00e9s dans une importante banque, avec qui il est en conflit commercial. Il affirme aussi avoir sign\u00e9 une reconnaissance de dette de 5 millions de dollars, dont il a fait verser un acompte de 200.000 dollars, puis avoir \u00e9t\u00e9 lib\u00e9r\u00e9.<\/p>\n<p>                                            \u00abRelations mafieuses ouzb\u00e8ques\u00bb<\/p>\n<p class=\"fig-paragraph\">\u00abL&rsquo;enl\u00e8vement s&rsquo;est produit dans le cadre de relations mafieuses ouzb\u00e8ques\u00bb, a estim\u00e9 une source proche du dossier. \u00abLe commanditaire connaissait la victime, avec qui il faisait des affaires et il y a eu un diff\u00e9rend\u00bb, a-t-elle avanc\u00e9 \u00e0 l&rsquo;AFP. Le 29 juin, un premier suspect est mis en examen puis \u00e9crou\u00e9 dans cette information judiciaire ouverte pour arrestation, enl\u00e8vement et s\u00e9questration en bande organis\u00e9e, mais aussi pour extorsion en bande organis\u00e9e avec arme et association de malfaiteurs criminelle. Le 24 juillet, une femme est interpell\u00e9e en Turquie sur mandat d&rsquo;arr\u00eat international, selon le parquet.<\/p>\n<p class=\"fig-paragraph\">C&rsquo;est \u00abl&rsquo;app\u00e2t\u00bb pr\u00e9sum\u00e9, d&rsquo;apr\u00e8s une deuxi\u00e8me source proche du dossier. Remise \u00e0 la France le 26 novembre, elle est mise en examen et \u00e9crou\u00e9e. Entre les 16 et 20 janvier, quatre autres personnes ont \u00e9t\u00e9 mises en examen, dont deux ont \u00e9t\u00e9 plac\u00e9es en d\u00e9tention provisoire et deux sous contr\u00f4le judiciaire. L&rsquo;une, \u00abamie de l&rsquo;app\u00e2t\u00bb, est accus\u00e9e d&rsquo;avoir \u00e9t\u00e9 au courant du projet d&rsquo;enl\u00e8vement, a appris l&rsquo;AFP de sources proches du dossier. Un deuxi\u00e8me, d&rsquo;avoir log\u00e9 les malfaiteurs. Leurs avocates, Mes Camille Lucotte et Clothilde Humbert, n&rsquo;ont pas souhait\u00e9 commenter.<\/p>\n<p class=\"fig-paragraph\">Un troisi\u00e8me suspect est soup\u00e7onn\u00e9 d&rsquo;avoir jou\u00e9 le r\u00f4le de chauffeur, d&rsquo;apr\u00e8s les sources proches. Selon son avocat, Me Julien Fresnault, il \u00abn&rsquo;a commis aucune violence dans cette affaire\u00bb. \u00abL&rsquo;instruction fera la part des choses sur le r\u00f4le de chacun et le contexte particuli\u00e8rement flou de ces faits\u00bb, a-t-il d\u00e9clar\u00e9 \u00e0 l&rsquo;AFP. Un quatri\u00e8me a \u00e9t\u00e9 arr\u00eat\u00e9 \u00ab\u00e0 l&rsquo;a\u00e9roport de Nice, alors qu&rsquo;il s&rsquo;appr\u00eatait \u00e0 embarquer pour la G\u00e9orgie\u00bb, selon le parquet. Il a fait appel de sa d\u00e9tention provisoire.<\/p>\n","protected":false},"excerpt":{"rendered":"Ces nouvelles mises en examen portent \u00e0 six le nombre de suspects poursuivis dans l\u2019information judiciaire ouverte le&hellip;\n","protected":false},"author":2,"featured_media":696585,"comment_status":"","ping_status":"","sticky":false,"template":"","format":"standard","meta":{"footnotes":""},"categories":[1888],"tags":[1111,1928,11,1927,2716,1777,674,1011,27,12,1926,2763,626,1925,25],"class_list":{"0":"post-696584","1":"post","2":"type-post","3":"status-publish","4":"format-standard","5":"has-post-thumbnail","7":"category-paris","8":"tag-actu","9":"tag-actu-paris","10":"tag-actualites","11":"tag-actualites-paris","12":"tag-enlevement","13":"tag-eu","14":"tag-europe","15":"tag-fr","16":"tag-france","17":"tag-news","18":"tag-news-paris","19":"tag-ouzbekistan","20":"tag-paris","21":"tag-paris-news","22":"tag-republique-francaise"},"share_on_mastodon":{"url":"https:\/\/pubeurope.com\/@fr\/115976609690135974","error":""},"_links":{"self":[{"href":"https:\/\/www.europesays.com\/fr\/wp-json\/wp\/v2\/posts\/696584","targetHints":{"allow":["GET"]}}],"collection":[{"href":"https:\/\/www.europesays.com\/fr\/wp-json\/wp\/v2\/posts"}],"about":[{"href":"https:\/\/www.europesays.com\/fr\/wp-json\/wp\/v2\/types\/post"}],"author":[{"embeddable":true,"href":"https:\/\/www.europesays.com\/fr\/wp-json\/wp\/v2\/users\/2"}],"replies":[{"embeddable":true,"href":"https:\/\/www.europesays.com\/fr\/wp-json\/wp\/v2\/comments?post=696584"}],"version-history":[{"count":0,"href":"https:\/\/www.europesays.com\/fr\/wp-json\/wp\/v2\/posts\/696584\/revisions"}],"wp:featuredmedia":[{"embeddable":true,"href":"https:\/\/www.europesays.com\/fr\/wp-json\/wp\/v2\/media\/696585"}],"wp:attachment":[{"href":"https:\/\/www.europesays.com\/fr\/wp-json\/wp\/v2\/media?parent=696584"}],"wp:term":[{"taxonomy":"category","embeddable":true,"href":"https:\/\/www.europesays.com\/fr\/wp-json\/wp\/v2\/categories?post=696584"},{"taxonomy":"post_tag","embeddable":true,"href":"https:\/\/www.europesays.com\/fr\/wp-json\/wp\/v2\/tags?post=696584"}],"curies":[{"name":"wp","href":"https:\/\/api.w.org\/{rel}","templated":true}]}}