{"id":696587,"date":"2026-01-29T04:57:12","date_gmt":"2026-01-29T04:57:12","guid":{"rendered":"https:\/\/www.europesays.com\/fr\/696587\/"},"modified":"2026-01-29T04:57:12","modified_gmt":"2026-01-29T04:57:12","slug":"montauban-saisons-hanabi-une-orgie-de-films-japonais-au-cgr-le-paris","status":"publish","type":"post","link":"https:\/\/www.europesays.com\/fr\/696587\/","title":{"rendered":"Montauban. Saisons Hanabi: une orgie de films japonais au CGR Le Paris"},"content":{"rendered":"<p>Apr\u00e8s le succ\u00e8s de la pr\u00e9c\u00e9dente \u00e9dition (vous \u00e9tiez plus de 40 000 spectateurs sur toute la France), ces nouvelles Saisons Hanabi font s\u2019entrechoquer intime et collectif, en proposant aux spectateurs du CGR Le Paris de d\u00e9couvrir en avant-premi\u00e8re, du 28 janvier au 9 f\u00e9vrier 2026 (1), sept films japonais encore in\u00e9dits en France.<\/p>\n<p>Derri\u00e8re le devoir, la norme ou le jugement, le cin\u00e9ma interroge plus que jamais la difficult\u00e9 d\u2019\u00eatre soi au sein de la soci\u00e9t\u00e9 japonaise. Au centre de notre s\u00e9lection, \u00ab\u00a0Love on trial\u00a0\u00bb : l\u2019histoire d\u2019une idole poursuivie par son agence pour avoir aim\u00e9. Au-del\u00e0 du scandale, se r\u00e9v\u00e8le un syst\u00e8me qui contr\u00f4le jusqu\u2019aux \u00e9motions, dans une industrie o\u00f9 la sinc\u00e9rit\u00e9 devient un acte de r\u00e9sistance. K\u014dji Fukada, fid\u00e8le \u00e0 son regard humaniste, signe une \u0153uvre \u00e0 la fois pop et politique \u2013 \u00e0 l\u2019image de cette saison, vibrante mais lucide. Cette m\u00eame tension entre v\u00e9rit\u00e9 et fa\u00e7ade traverse \u00ab\u00a0Sham\u00a0\u00bb, un thriller o\u00f9 la justice se mue en spectacle. Si les films de cette \u00e9dition dialoguent si bien entre eux, c\u2019est qu\u2019ils explorent ce m\u00eame instant fragile : celui o\u00f9 l\u2019on cesse de jouer un r\u00f4le, o\u00f9 le masque tombe, et o\u00f9 la v\u00e9rit\u00e9 affleure. De \u00ab\u00a0Fais-moi un signe\u00a0\u00bb \u00e0 \u00ab\u00a0Sous le ciel de Kyoto\u00a0\u00bb, de \u00ab\u00a0La Fille du konbini\u00a0\u00bb \u00e0 \u00ab\u00a0Seppuku\u00a0\u00bb, peu \u00e0 peu la fa\u00e7ade se fissure sous le regard de cin\u00e9astes talentueux. Et n\u2019est-ce pas, aussi, la mission que s\u2019assigne Hanabi : inviter le spectateur \u00e0 d\u00e9couvrir un Japon sans fard \u2013 plus nuanc\u00e9, plus vrai ?<\/p>\n<p>Les prochains films programm\u00e9s<\/p>\n<p>&#8211; Samedi 31 janvier \u00e0 15 h 30 : <b>\u00ab\u00a0Sham\u00a0\u00bb<\/b>, drame, thriller de Takashi Miike avec K\u00f4 Shibasaki, K\u00f4ji Ohkura, Fumino Kimura. 2 h 09.<\/p>\n<p>Seiichi Yabushita, professeur d\u2019\u00e9cole \u00e9l\u00e9mentaire, se veut strict mais juste. Lorsqu\u2019une m\u00e8re l\u2019accuse d\u2019avoir humili\u00e9\u0301 son fils, tout bascule : la presse s\u2019enflamme, la rumeur enfle, l\u2019opinion s\u2019emballe. Pris dans la tourmente, Yabushita tente de d\u00e9fendre sa propre v\u00e9rit\u00e9\u2026 Au risque de la voir se retourner contre lui.<\/p>\n<p>&#8211; Dimanche 1er f\u00e9vrier \u00e0 13 h 45 : <b>\u00ab\u00a0Sacr\u00e9e frousse !\u00a0\u00bb<\/b>, film d\u2019animation d\u2019Emma de Dice Tsutsumi &amp; Makoto Nakamura. 1 h 08, \u00e0 partir de 8 ans.<\/p>\n<p>Un programme du Studio Dwarf avec Les fant\u00f4mes d\u2019Emma (54\u2019) de Makoto Nakamura pr\u00e9c\u00e9d\u00e9 de Monsieur Bouteille (14\u2019) de Dice Tsutsumi.<\/p>\n<p>&#8211; Mardi 3 f\u00e9vrier \u00e0 18 h : <b>\u00ab\u00a0Sous le ciel de Kyoto\u00a0\u00bb<\/b>, drame, romance de Akiko Ohku avec Yumi Kawai, Riku Hagiwara, Aoi It\u00f4. 2 h 08.<\/p>\n<p>\u00c0\u0300 Kyoto, entre l\u2019universit\u00e9\u0301 et un petit boulot dans des bains publics, Toru garde toujours ses parapluies \u00e0 port\u00e9e de main, tels des boucliers contre le monde ext\u00e9rieur. Quand il rencontre Hana, myste\u0301rieuse, lumineuse, fragile, l\u2019\u00e9vidence na\u00eet entre eux\u2026 avant qu\u2019elle ne disparaisse soudainement.<\/p>\n<p>&#8211; Jeudi 5 f\u00e9vrier \u00e0 18 h 30 : <b>\u00ab\u00a0La fille du Konbini <\/b>\u00ab\u00a0, drame de Y\u00fbho Ishibashi avec Erika Karata, Haruka Im\u00f4. 1 h 16.<\/p>\n<p>\u00c0 24 ans, Nozomi a abandonn\u00e9 son tailleur de commerciale pour l\u2019uniforme modeste d\u2019une sup\u00e9rette. Entre la monotonie rassurante du quotidien et la complicit\u00e9 de ses coll\u00e8gues, elle pense avoir trouv\u00e9 un fragile \u00e9quilibre. Mais l\u2019irruption d\u2019une ancienne amie du lyc\u00e9e dans le \u00ab\u00a0konbini\u00a0\u00bb vient bouleverser sa routine et la confronter \u00e0 ses choix de vie.<\/p>\n<p><b>Tarif s\u00e9ance : 6,40 \u20ac.<\/b><\/p>\n<p>(1) Le film \u00ab\u00a0Mon grand fr\u00e8re et moi\u00a0\u00bb ouvrait les Saisons Hanabi hier soir mercredi.<\/p>\n","protected":false},"excerpt":{"rendered":"Apr\u00e8s le succ\u00e8s de la pr\u00e9c\u00e9dente \u00e9dition (vous \u00e9tiez plus de 40 000 spectateurs sur toute la France),&hellip;\n","protected":false},"author":2,"featured_media":696588,"comment_status":"","ping_status":"","sticky":false,"template":"","format":"standard","meta":{"footnotes":""},"categories":[1888],"tags":[11,7196,872,1777,674,1011,27,19054,12,626,25,36586],"class_list":{"0":"post-696587","1":"post","2":"type-post","3":"status-publish","4":"format-standard","5":"has-post-thumbnail","7":"category-paris","8":"tag-actualites","9":"tag-cinu00e9ma","10":"tag-culture-et-loisirs","11":"tag-eu","12":"tag-europe","13":"tag-fr","14":"tag-france","15":"tag-montauban","16":"tag-news","17":"tag-paris","18":"tag-republique-francaise","19":"tag-tarn-et-garonne"},"share_on_mastodon":{"url":"https:\/\/pubeurope.com\/@fr\/115976617726662798","error":""},"_links":{"self":[{"href":"https:\/\/www.europesays.com\/fr\/wp-json\/wp\/v2\/posts\/696587","targetHints":{"allow":["GET"]}}],"collection":[{"href":"https:\/\/www.europesays.com\/fr\/wp-json\/wp\/v2\/posts"}],"about":[{"href":"https:\/\/www.europesays.com\/fr\/wp-json\/wp\/v2\/types\/post"}],"author":[{"embeddable":true,"href":"https:\/\/www.europesays.com\/fr\/wp-json\/wp\/v2\/users\/2"}],"replies":[{"embeddable":true,"href":"https:\/\/www.europesays.com\/fr\/wp-json\/wp\/v2\/comments?post=696587"}],"version-history":[{"count":0,"href":"https:\/\/www.europesays.com\/fr\/wp-json\/wp\/v2\/posts\/696587\/revisions"}],"wp:featuredmedia":[{"embeddable":true,"href":"https:\/\/www.europesays.com\/fr\/wp-json\/wp\/v2\/media\/696588"}],"wp:attachment":[{"href":"https:\/\/www.europesays.com\/fr\/wp-json\/wp\/v2\/media?parent=696587"}],"wp:term":[{"taxonomy":"category","embeddable":true,"href":"https:\/\/www.europesays.com\/fr\/wp-json\/wp\/v2\/categories?post=696587"},{"taxonomy":"post_tag","embeddable":true,"href":"https:\/\/www.europesays.com\/fr\/wp-json\/wp\/v2\/tags?post=696587"}],"curies":[{"name":"wp","href":"https:\/\/api.w.org\/{rel}","templated":true}]}}