{"id":696614,"date":"2026-01-29T05:17:13","date_gmt":"2026-01-29T05:17:13","guid":{"rendered":"https:\/\/www.europesays.com\/fr\/696614\/"},"modified":"2026-01-29T05:17:13","modified_gmt":"2026-01-29T05:17:13","slug":"le-prince-albert-ii-de-monaco-apparait-avec-une-large-cicatrice-au-visage-que-lui-est-il-arrive","status":"publish","type":"post","link":"https:\/\/www.europesays.com\/fr\/696614\/","title":{"rendered":"Le prince Albert II de Monaco appara\u00eet avec une large cicatrice au visage : que lui est-il arriv\u00e9\u00a0?"},"content":{"rendered":"<p>                    Par<br \/>\n        <strong><br \/>\n            <a href=\"https:\/\/actu.fr\/auteur\/anne-laure-petit-henon\" title=\"Consulter tous les articles de Anne-Laure Petit-H\u00e9non\" target=\"_blank\" rel=\"noopener\">Anne-Laure Petit-H\u00e9non<\/a><br \/>\n                    <\/strong><\/p>\n<p>        Publi\u00e9 le<\/p>\n<p>            28 janv. 2026 \u00e0 18h21        <\/p>\n<p>Si vous \u00eates fan de la famille princi\u00e8re de <a href=\"https:\/\/actu.fr\/lifestyle\/a-moins-d-une-heure-de-nice-cette-destination-est-la-meilleure-d-europe_62268031.html\" target=\"_blank\" rel=\"noopener\">Monaco<\/a>, vous savez tr\u00e8s bien pourquoi <strong>Albert II<\/strong>, Charl\u00e8ne et leurs enfants font l\u2019actu cette semaine : lundi 26 et mardi 27 janvier 2026, c\u2019\u00e9taient les <strong>c\u00e9l\u00e9brations de la Sainte-D\u00e9vote<\/strong>, une tradition sur le rocher.<\/p>\n<p class=\" wall-content\">Mais l\u2019\u00e9v\u00e9nement a attir\u00e9 l\u2019attention pour un tout autre sujet. En effet, le prince Albert II est apparu avec des <strong>cicatrices au visage<\/strong>, notamment \u00e0 la joue gauche.<\/p>\n<p class=\" wall-content\"><a href=\"https:\/\/www.instagram.com\/p\/DUAo6fSiKCO\/embed\" title=\"Ouvrir le lien sur Instagram\" target=\"_blank\" rel=\"noopener\">Visualiser le contenu sur Instagram<\/a><\/p>\n<p>Une \u00ab\u00a0affection b\u00e9nigne\u00a0\u00bb<\/p>\n<p class=\" wall-content\">En fait, cela fait<strong> plusieurs semaines<\/strong> que \u00e7a dure. D\u00e9j\u00e0 lors de son entrevue avec le pape <a href=\"https:\/\/actu.fr\/tag\/pape-leon-xiv\" target=\"_blank\" rel=\"noopener\">L\u00e9on XIV<\/a>, le 17 janvier, le souverain mon\u00e9gasque apparaissait avec ces cicatrices.<\/p>\n<p>    <img   decoding=\"async\" loading=\"lazy\" src=\"https:\/\/www.europesays.com\/fr\/wp-content\/uploads\/2026\/01\/newsmlafp-com-20260117t122804zdoc-932k7t4-960x640.jpg\" alt=\"L\u00e9on XIV et Albert II le samedi 17 janvier 2026.\" width=\"960\" height=\"640\"\/><br \/>\n    L\u00e9on XIV et Albert II le samedi 17 janvier 2026. (\u00a9HANDOUT\/VANTICAN MEDIA\/AFP)<\/p>\n<p class=\" wall-content\">\u00c0 l\u2019occasion, le Palais princier de Monaco avait d\u00e9j\u00e0 communiqu\u00e9 concernant le physique du prince, comme l\u2019ont rep\u00e9r\u00e9 <a href=\"https:\/\/www.20min.ch\/fr\/story\/monaco-le-prince-albert-apparait-avec-une-grosse-cicatrice-au-visage-103494958\" target=\"_blank\" rel=\"noopener\">nos confr\u00e8res de 20 Minutes Suisse<\/a>.<\/p>\n<p class=\" wall-content\">Ainsi, le Palais pr\u00e9cise qu\u2019Albert II avait d\u00fb subir une intervention dans le cadre d\u2019un <strong>\u00ab\u00a0examen dermatologique de routine\u00a0\u00bb.<\/strong>\u00a0Une intervention m\u00e9dicale \u00ab\u00a0planifi\u00e9e\u00a0\u00bb, afin de traiter \u00ab\u00a0une affection b\u00e9nigne\u00a0\u00bb.<\/p>\n<p>Votre r\u00e9gion, votre actu !<\/p>\n<p>Recevez chaque jour les infos qui comptent pour vous.<\/p>\n<p>\t<a href=\"https:\/\/actu.fr\/newsletter\" class=\"ac-btn ac-btn--corner ac-btn--medium ac-btn--blue800\" target=\"_blank\" rel=\"noopener\">S&rsquo;incrire<\/a><br \/>\nUne ex\u00e9r\u00e8se chirurgicale ?<\/p>\n<p class=\" wall-content\">Selon <a href=\"https:\/\/dermato-info.fr\/la-dermatologie\/les-actes-dermatologiques\/les-exereses-chirurgicales\" target=\"_blank\" rel=\"noopener\">la soci\u00e9t\u00e9 dermatologique de France<\/a>, il pourrait s\u2019agir d\u2019une ex\u00e9r\u00e8se chirurgicale, qui consiste \u00e0 <strong>retirer une tumeur<\/strong> :\u00a0<\/p>\n<ul class=\" wall-content\">\n<li>Soit une tumeur maligne ou suspect\u00e9e de l\u2019\u00eatre ;<\/li>\n<li>Soit une anomalie b\u00e9nigne de la peau, si celle-ci est g\u00eanante \u00ab\u00a0que ce soit pour des raisons fonctionnelles ou esth\u00e9tiques\u00a0\u00bb. Soit aussi bien un grain de beaut\u00e9, qu\u2019un kyste ou une boule de graisse.<\/li>\n<\/ul>\n<p class=\" wall-content\">Personnalisez votre actualit\u00e9 en ajoutant vos villes et m\u00e9dias en favori avec <a href=\"https:\/\/moncompte.actu.fr\" title=\"D\u00e9couvez Mon Actu\" rel=\"nofollow noopener\" data-trk=\"{&quot;cta&quot;:{&quot;action&quot;:&quot;https:\\\/\\\/moncompte.actu.fr&quot;,&quot;category&quot;:&quot;mon compte&quot;,&quot;from&quot;:&quot;article footer&quot;,&quot;name&quot;:&quot;Mon actu&quot;,&quot;type&quot;:&quot;cta&quot;}}\" target=\"_blank\">Mon Actu<\/a>.<\/p>\n<p>                    <script async src=\"\/\/www.instagram.com\/embed.js\"><\/script><\/p>\n","protected":false},"excerpt":{"rendered":"Par Anne-Laure Petit-H\u00e9non Publi\u00e9 le 28 janv. 2026 \u00e0 18h21 Si vous \u00eates fan de la famille princi\u00e8re&hellip;\n","protected":false},"author":2,"featured_media":696615,"comment_status":"","ping_status":"","sticky":false,"template":"","format":"standard","meta":{"footnotes":""},"categories":[1359],"tags":[58,59,1011,27,74,973],"class_list":{"0":"post-696614","1":"post","2":"type-post","3":"status-publish","4":"format-standard","5":"has-post-thumbnail","7":"category-people","8":"tag-divertissement","9":"tag-entertainment","10":"tag-fr","11":"tag-france","12":"tag-monde","13":"tag-people"},"share_on_mastodon":{"url":"https:\/\/pubeurope.com\/@fr\/115976696211611867","error":""},"_links":{"self":[{"href":"https:\/\/www.europesays.com\/fr\/wp-json\/wp\/v2\/posts\/696614","targetHints":{"allow":["GET"]}}],"collection":[{"href":"https:\/\/www.europesays.com\/fr\/wp-json\/wp\/v2\/posts"}],"about":[{"href":"https:\/\/www.europesays.com\/fr\/wp-json\/wp\/v2\/types\/post"}],"author":[{"embeddable":true,"href":"https:\/\/www.europesays.com\/fr\/wp-json\/wp\/v2\/users\/2"}],"replies":[{"embeddable":true,"href":"https:\/\/www.europesays.com\/fr\/wp-json\/wp\/v2\/comments?post=696614"}],"version-history":[{"count":0,"href":"https:\/\/www.europesays.com\/fr\/wp-json\/wp\/v2\/posts\/696614\/revisions"}],"wp:featuredmedia":[{"embeddable":true,"href":"https:\/\/www.europesays.com\/fr\/wp-json\/wp\/v2\/media\/696615"}],"wp:attachment":[{"href":"https:\/\/www.europesays.com\/fr\/wp-json\/wp\/v2\/media?parent=696614"}],"wp:term":[{"taxonomy":"category","embeddable":true,"href":"https:\/\/www.europesays.com\/fr\/wp-json\/wp\/v2\/categories?post=696614"},{"taxonomy":"post_tag","embeddable":true,"href":"https:\/\/www.europesays.com\/fr\/wp-json\/wp\/v2\/tags?post=696614"}],"curies":[{"name":"wp","href":"https:\/\/api.w.org\/{rel}","templated":true}]}}