{"id":696616,"date":"2026-01-29T05:20:18","date_gmt":"2026-01-29T05:20:18","guid":{"rendered":"https:\/\/www.europesays.com\/fr\/696616\/"},"modified":"2026-01-29T05:20:18","modified_gmt":"2026-01-29T05:20:18","slug":"cest-complique-victor-star-academy-agace-lea-et-marlene-schaff-a-cause-de-son-attitude-durant-un-exercice","status":"publish","type":"post","link":"https:\/\/www.europesays.com\/fr\/696616\/","title":{"rendered":"\u00ab\u00a0C&rsquo;est compliqu\u00e9\u00a0\u00bb : Victor (Star Academy) agace L\u00e9a et Marl\u00e8ne Schaff \u00e0 cause de son attitude durant un exercice"},"content":{"rendered":"<p>Victor (Star Academy) a exasp\u00e9r\u00e9 L\u00e9a et Marl\u00e8ne Schaff en sortant de sa concentration pendant un exercice particuli\u00e8rement intense. Le demi-finaliste a tent\u00e9 de s&rsquo;expliquer sur son attitude.<\/p>\n<p>Ils ne sont d\u00e9sormais plus que trois au ch\u00e2teau de Dammarie-les-Lys apr\u00e8s les \u00e9liminations successives de tous leurs camarades. Si L\u00e9a a d\u00e9j\u00e0 emport\u00e9 sa place pour la finale face \u00e0 Sarah, c&rsquo;est d\u00e9sormais \u00e0 Ambre et Victor de tenter de se qualifier pour l&rsquo;ultime \u00e9tape de la comp\u00e9tition. M\u00eame si la d\u00e9livrance approche, les \u00e9l\u00e8ves ont encore v\u00e9cu une semaine bien charg\u00e9. Les deux demi-finalistes ont d\u00fb auditionner devant un jury d&rsquo;exception, compos\u00e9 de <a href=\"https:\/\/www.programme-tv.net\/news\/tv\/396506-des-invites-incroyables-michael-goldman-star-academy-donne-les-noms-des-stars-qui-viendront-voir-ambre-victor-et-lea-au-chateau-et-c-est-du-lourd\/#photo-11\" data-api-deeplink=\"teleloisirs:\/\/news\/396506\" target=\"_blank\" rel=\"noopener\">Matt Pokora pour le chant, Vincent Dedienne pour le th\u00e9\u00e2tre et L\u00e9o Walk pour la danse<\/a>, pour leurs ultimes \u00e9valuations. Ils ont aussi re\u00e7u, ce mercredi 28 janvier, la visite de leur marraine Charlotte Cardin au ch\u00e2teau, apr\u00e8s avoir accueilli <a href=\"https:\/\/www.programme-tv.net\/news\/tv\/396572-philippe-lacheau-et-jamel-debbouze-se-perdent-avant-de-retrouver-les-eleves-de-la-star-academy-pour-un-rendez-vous-important\/\" data-api-deeplink=\"teleloisirs:\/\/news\/396572\" target=\"_blank\" rel=\"noopener\">Philippe Lacheau et Jamel Debbouze<\/a>. Ambre a, elle, v\u00e9cu<a href=\"https:\/\/www.programme-tv.net\/news\/tv\/396672-je-nai-pas-lache-une-larme-ambre-star-academy-petrifiee-apres-sa-journee-passee-en-dehors-du-chateau\/\" data-api-deeplink=\"teleloisirs:\/\/news\/396672\" target=\"_blank\" rel=\"noopener\"> des \u00e9motions fortes \u00e0 son retour parmi les siens.<\/a><\/p>\n<p>Pendant que la candidate rencontrait ses fans et retrouvait sa famille, Victor et L\u00e9a ont assist\u00e9 \u00e0 un cours donn\u00e9 en commun par Jonathan Jenvrin et Marl\u00e8ne Schaff. Le chor\u00e9graphe et la professeur d&rsquo;expression sc\u00e9nique souhaitaient r\u00e9unir leurs forces pour initier les deux \u00e9l\u00e8ves au tournage d&rsquo;un clip. Chacun \u00e0 leur tour, les candidats ont fait une proposition pour illustrer Pourquoi tu restes, la chanson d&rsquo;Amel Bent. Mais ils ont eu bien du mal \u00e0 accorder leur attitude avec leur propos plut\u00f4t grave de ce titre, ce qui a agac\u00e9 L\u00e9a. \u00ab\u00a0Mais Victor, tu es chiant\u00a0\u00bb, s&rsquo;est-elle exclam\u00e9e en voyant que le candidat riait, alors qu&rsquo;il devait feindre une immense tristesse. \u00ab\u00a0Tu viens de faire ton bref\u00a0\u00bb, a surench\u00e9ri Marl\u00e8ne Schaff. \u00ab\u00a0J&rsquo;arrive au bout du chemin dans ma t\u00eate\u00a0\u00bb, s&rsquo;est justifi\u00e9 Victor. \u00ab\u00a0C&rsquo;est l\u00e0 o\u00f9 \u00e7a devient int\u00e9ressant. Qu&rsquo;est-ce que tu fais quand tu ne sais plus ce que tu dois faire ? Regarde la elle, qu&rsquo;est-ce que \u00e7a te fait de voir la personne que t&rsquo;aime, t&rsquo;ignorer compl\u00e8tement ? Et l\u00e0 il n&rsquo;y aura plus le bref qui va revenir\u00a0\u00bb, lui a indiqu\u00e9 sa professeure. Victor a ensuite expliqu\u00e9 dans le confessionnal ce qu&rsquo;\u00e9tait ce \u00ab\u00a0fameux bref\u00a0\u00bb. \u00ab\u00a0Chaque fois, je d\u00e9couvre des facettes de moi ou du moins des mauvaises habitudes, des d\u00e9fauts. Et encore une fois, il y a ce probl\u00e8me de la prise de l&rsquo;espace, de la l\u00e9gitimit\u00e9, de la confiance en soi. C&rsquo;est un peu compliqu\u00e9\u00a0\u00bb, a-t-il d\u00e9clar\u00e9.<\/p>\n<p>            Michael Goldman (Star Academy) a reproch\u00e9 \u00e0 Victor son attitude pendant son \u00e9valuation<\/p>\n<p>Lors des derni\u00e8res \u00e9valuations, <a href=\"https:\/\/www.programme-tv.net\/news\/tv\/396553-c-etait-un-peu-un-fail-l-avis-sans-filtre-de-michael-goldman-sur-l-evaluation-de-victor-star-academy\/\" data-api-deeplink=\"teleloisirs:\/\/news\/396553\" target=\"_blank\" rel=\"noopener\">Michael Goldman avait justement reproch\u00e9 \u00e0 Victor d&rsquo;\u00eatre sorti de sa concentration pendant son \u00e9valuation de th\u00e9\u00e2tre.<\/a> \u00ab\u00a0Ce qui m&#8217;emb\u00eate, c&rsquo;est que tu n&rsquo;as pas encore pass\u00e9 ce step-l\u00e0 de te dire : allez, tu sais quoi, je vais \u00eatre dans le plaisir et de dompter ce truc-l\u00e0 pour \u00eatre juste dans le plaisir et t&rsquo;amuser et puis m\u00eame rebondir\u00a0\u00bb, lui avait-il signal\u00e9.<\/p>\n","protected":false},"excerpt":{"rendered":"Victor (Star Academy) a exasp\u00e9r\u00e9 L\u00e9a et Marl\u00e8ne Schaff en sortant de sa concentration pendant un exercice particuli\u00e8rement&hellip;\n","protected":false},"author":2,"featured_media":696617,"comment_status":"","ping_status":"","sticky":false,"template":"","format":"standard","meta":{"footnotes":""},"categories":[1356],"tags":[244,58,76292,59,1011,27,66789,18440,5095,252,199,1364,76927],"class_list":{"0":"post-696616","1":"post","2":"type-post","3":"status-publish","4":"format-standard","5":"has-post-thumbnail","7":"category-television","8":"tag-commentaire","9":"tag-divertissement","10":"tag-du00e9bat","11":"tag-entertainment","12":"tag-fr","13":"tag-france","14":"tag-lu00e9a-star-academy-2025","15":"tag-marlu00e8ne-schaff","16":"tag-star-academy","17":"tag-television","18":"tag-tf1","19":"tag-tv","20":"tag-victor-star-academy-2025"},"share_on_mastodon":{"url":"https:\/\/pubeurope.com\/@fr\/115976708338701315","error":""},"_links":{"self":[{"href":"https:\/\/www.europesays.com\/fr\/wp-json\/wp\/v2\/posts\/696616","targetHints":{"allow":["GET"]}}],"collection":[{"href":"https:\/\/www.europesays.com\/fr\/wp-json\/wp\/v2\/posts"}],"about":[{"href":"https:\/\/www.europesays.com\/fr\/wp-json\/wp\/v2\/types\/post"}],"author":[{"embeddable":true,"href":"https:\/\/www.europesays.com\/fr\/wp-json\/wp\/v2\/users\/2"}],"replies":[{"embeddable":true,"href":"https:\/\/www.europesays.com\/fr\/wp-json\/wp\/v2\/comments?post=696616"}],"version-history":[{"count":0,"href":"https:\/\/www.europesays.com\/fr\/wp-json\/wp\/v2\/posts\/696616\/revisions"}],"wp:featuredmedia":[{"embeddable":true,"href":"https:\/\/www.europesays.com\/fr\/wp-json\/wp\/v2\/media\/696617"}],"wp:attachment":[{"href":"https:\/\/www.europesays.com\/fr\/wp-json\/wp\/v2\/media?parent=696616"}],"wp:term":[{"taxonomy":"category","embeddable":true,"href":"https:\/\/www.europesays.com\/fr\/wp-json\/wp\/v2\/categories?post=696616"},{"taxonomy":"post_tag","embeddable":true,"href":"https:\/\/www.europesays.com\/fr\/wp-json\/wp\/v2\/tags?post=696616"}],"curies":[{"name":"wp","href":"https:\/\/api.w.org\/{rel}","templated":true}]}}