{"id":696630,"date":"2026-01-29T05:27:15","date_gmt":"2026-01-29T05:27:15","guid":{"rendered":"https:\/\/www.europesays.com\/fr\/696630\/"},"modified":"2026-01-29T05:27:15","modified_gmt":"2026-01-29T05:27:15","slug":"le-benefice-net-de-tesla-seffondre-de-61-au-quatrieme-trimestre","status":"publish","type":"post","link":"https:\/\/www.europesays.com\/fr\/696630\/","title":{"rendered":"Le b\u00e9n\u00e9fice net de Tesla s\u2019effondre de 61% au quatri\u00e8me trimestre"},"content":{"rendered":"<p>\n    Le constructeur automobile, dirig\u00e9 par Elon Musk, a d\u00e9gag\u00e9 840 millions de dollars sur cette p\u00e9riode, marqu\u00e9e par une chute de ses ventes mondiales en fin d\u2019ann\u00e9e.<\/p>\n<p class=\"fig-paragraph\">Le constructeur automobile\u00a0<a href=\"http:\/\/www.lefigaro.fr\/automobile\/comment-tesla-s-est-fait-piquer-le-nom-de-son-cybercab-par-une-petite-entreprise-corse-20260108\" target=\"_blank\" data-fig-type=\"NewsFlash\" rel=\"noopener\" data-gtm-custom-categorie=\"navigation\" data-gtm-custom-action=\"crossclick\" data-gtm-custom-label=\"Contextuel\" data-gtm-event=\"customEventSPE\" data-fig-domain=\"LEFIGARO\">Tesla\u00a0<\/a>a vu son b\u00e9n\u00e9fice net fondre de 61%, \u00e0 840 millions de dollars, au quatri\u00e8me trimestre 2025, dans le sillage d&rsquo;une baisse de ses ventes mondiales en fin d&rsquo;ann\u00e9e, a-t-il indiqu\u00e9 jeudi dans un communiqu\u00e9. Ce b\u00e9n\u00e9fice net est quasiment deux fois inf\u00e9rieur au consensus des analystes de FactSet, qui tablait sur 1,56 milliard de dollars.<\/p>\n<p class=\"fig-paragraph\">En revanche, le fabricant de v\u00e9hicules \u00e9lectriques est parvenu \u00e0 faire tr\u00e8s l\u00e9g\u00e8rement mieux qu\u2019attendu pour son chiffre d\u2019affaires trimestriel, qui a recul\u00e9 de 3% sur un an, \u00e0 24,90 milliards de dollars (consensus \u00e0 24,74 milliards). Le b\u00e9n\u00e9fice net par action et hors \u00e9l\u00e9ments exceptionnels, valeur privil\u00e9gi\u00e9e par les march\u00e9s, a baiss\u00e9 de 17% sur un an, \u00e0 50 cents, mais c\u2019est mieux que les 45 cents anticip\u00e9s par les analystes.<\/p>\n<p>                                            <a class=\"fig-a11y-skip\" href=\"#fig-a11y-skip-main-inarticle\" data-module=\"a11y-skip\" data-context=\"was @visible\"><br \/>\n    Passer la publicit\u00e9<br \/>\n<\/a>            <\/p>\n<p class=\"fig-paragraph\">Dans les \u00e9changes \u00e9lectroniques apr\u00e8s la fermeture de la Bourse de New York, l\u2019action Tesla progressait de 2,87%. Au dernier trimestre l\u2019an dernier, Tesla a livr\u00e9 418.227 v\u00e9hicules, contre plus de 495.000 unit\u00e9s un an plus t\u00f4t sur la m\u00eame p\u00e9riode. Recul \u00e9galement sur l\u2019ensemble de l\u2019ann\u00e9e: 1,64 million de v\u00e9hicules livr\u00e9s en 2025, contre 1,79 million en 2024.<\/p>\n<p class=\"fig-paragraph\">Le constructeur am\u00e9ricain a, de plus, \u00e9t\u00e9 d\u00e9tr\u00f4n\u00e9 par le groupe chinois BYD, qui a vendu 2,26 millions de v\u00e9hicules tout \u00e9lectrique dans le monde, contre 1,76 million un an plus t\u00f4t. \u00ab2025 a marqu\u00e9 une ann\u00e9e cruciale pour Tesla tandis que nous avons \u00e9largi notre mission et continu\u00e9 notre transition d\u2019une entreprise centr\u00e9e sur les \u00e9quipements vers une firme r\u00e9elle d\u2019intelligence artificielle\u00bb (IA), a relev\u00e9 le groupe dans un communiqu\u00e9. \u00abNous avons pos\u00e9 les fondations pour l\u2019avenir de Tesla\u00bb, a affirm\u00e9 l\u2019entreprise.<\/p>\n<p>                                            \u00abFondations pour l\u2019avenir\u00bb<\/p>\n<p class=\"fig-paragraph\">Le groupe a cit\u00e9 en exemple la conduite enti\u00e8rement autonome (FSD), le lancement des tests de son service de taxi sans chauffeur Robotaxi \u00e0 Austin (Texas) et l\u2019installation des lignes de production du v\u00e9hicule Cybercab (pour le Robotaxi), ou encore la finalisation de celles du robot humano\u00efde Optimus, \u00abtout en agrandissant (son) infrastructure d\u2019entra\u00eenement de l\u2019IA\u00bb.<\/p>\n<p class=\"fig-paragraph\">Tesla a \u00e9galement annonc\u00e9 la conclusion le 16 janvier d\u2019un accord en vue d\u2019une prise de participation \u00e9quivalant \u00e0 environ 2 milliards de dollars dans le capital de xAI, start-up sp\u00e9cialis\u00e9e dans l\u2019IA et lanc\u00e9e par Elon Musk. L\u2019op\u00e9ration devrait \u00eatre finalis\u00e9e dans le courant du premier trimestre 2026. Elle est accompagn\u00e9e d\u2019un accord strat\u00e9gique non d\u00e9taill\u00e9 entre les deux groupes.<\/p>\n<p class=\"fig-paragraph\">Les actionnaires de Tesla avaient \u00e9t\u00e9 consult\u00e9s lors de leur assembl\u00e9e g\u00e9n\u00e9rale du 6 novembre sur l\u2019opportunit\u00e9 d\u2019investir dans xAI, mais l\u2019issue du vote n\u2019avait pas \u00e9t\u00e9 probante. Un responsable du constructeur avait alors relev\u00e9 que le conseil d\u2019administration du groupe allait \u00abexaminer le r\u00e9sultat pour d\u00e9cider de la prochaine \u00e9tape\u00bb.<\/p>\n<p>                                            <a class=\"fig-a11y-skip\" href=\"#fig-a11y-skip-main-inarticle_mtf\" data-module=\"a11y-skip\" data-context=\"was @visible\"><br \/>\n    Passer la publicit\u00e9<br \/>\n<\/a>            <\/p>\n<p class=\"fig-paragraph\">La start-up a annonc\u00e9 le 6 janvier qu\u2019elle avait pu lever 20 milliards de dollars lors d\u2019un tour de table, soit davantage que son objectif initial de 15 milliards. Plusieurs soci\u00e9t\u00e9s d\u2019investissement, comme Valor Equity Partners et Stepstone Group ou encore le fonds souverain qatari Qatar Investment Authority, y ont particip\u00e9. xAI a rachet\u00e9 en mars 2025 le r\u00e9seau social X (ex-Twitter), qui appartenait \u00e0 M. Musk.<\/p>\n","protected":false},"excerpt":{"rendered":"Le constructeur automobile, dirig\u00e9 par Elon Musk, a d\u00e9gag\u00e9 840 millions de dollars sur cette p\u00e9riode, marqu\u00e9e par&hellip;\n","protected":false},"author":2,"featured_media":696631,"comment_status":"","ping_status":"","sticky":false,"template":"","format":"standard","meta":{"footnotes":""},"categories":[6],"tags":[35,33,34,1011,27,320],"class_list":{"0":"post-696630","1":"post","2":"type-post","3":"status-publish","4":"format-standard","5":"has-post-thumbnail","7":"category-economie","8":"tag-business","9":"tag-economie","10":"tag-economy","11":"tag-fr","12":"tag-france","13":"tag-tesla"},"share_on_mastodon":{"url":"https:\/\/pubeurope.com\/@fr\/115976735497570380","error":""},"_links":{"self":[{"href":"https:\/\/www.europesays.com\/fr\/wp-json\/wp\/v2\/posts\/696630","targetHints":{"allow":["GET"]}}],"collection":[{"href":"https:\/\/www.europesays.com\/fr\/wp-json\/wp\/v2\/posts"}],"about":[{"href":"https:\/\/www.europesays.com\/fr\/wp-json\/wp\/v2\/types\/post"}],"author":[{"embeddable":true,"href":"https:\/\/www.europesays.com\/fr\/wp-json\/wp\/v2\/users\/2"}],"replies":[{"embeddable":true,"href":"https:\/\/www.europesays.com\/fr\/wp-json\/wp\/v2\/comments?post=696630"}],"version-history":[{"count":0,"href":"https:\/\/www.europesays.com\/fr\/wp-json\/wp\/v2\/posts\/696630\/revisions"}],"wp:featuredmedia":[{"embeddable":true,"href":"https:\/\/www.europesays.com\/fr\/wp-json\/wp\/v2\/media\/696631"}],"wp:attachment":[{"href":"https:\/\/www.europesays.com\/fr\/wp-json\/wp\/v2\/media?parent=696630"}],"wp:term":[{"taxonomy":"category","embeddable":true,"href":"https:\/\/www.europesays.com\/fr\/wp-json\/wp\/v2\/categories?post=696630"},{"taxonomy":"post_tag","embeddable":true,"href":"https:\/\/www.europesays.com\/fr\/wp-json\/wp\/v2\/tags?post=696630"}],"curies":[{"name":"wp","href":"https:\/\/api.w.org\/{rel}","templated":true}]}}