{"id":696635,"date":"2026-01-29T05:30:20","date_gmt":"2026-01-29T05:30:20","guid":{"rendered":"https:\/\/www.europesays.com\/fr\/696635\/"},"modified":"2026-01-29T05:30:20","modified_gmt":"2026-01-29T05:30:20","slug":"le-changement-dans-les-relations-entre-lue-et-les-etats-unis-est-structurel-et-non-temporaire-previent-kaja-kallas-2","status":"publish","type":"post","link":"https:\/\/www.europesays.com\/fr\/696635\/","title":{"rendered":"Le changement dans les relations entre l&rsquo;UE et les \u00c9tats-Unis est \u00ab structurel et non temporaire \u00bb, pr\u00e9vient Kaja Kallas"},"content":{"rendered":"<p>  Par&amp;nbsp<a href=\"https:\/\/fr.euronews.com\/profils\/1858\" target=\"_blank\" rel=\"noopener\">Jorge Liboreiro<\/a>&amp;nbsp&amp;&amp;nbsp<b>Jean Philippe LIABOT<\/b><\/p>\n<p>\n         Publi\u00e9 le<br \/>\n            28\/01\/2026 &#8211; 18:24 UTC+1\n            <\/p>\n<p>Les changements dans les relations entre l&rsquo;Europe et les \u00c9tats-Unis sont \u00ab\u00a0structurels et non temporaires\u00a0\u00bb, a d\u00e9clar\u00e9 la Haute Repr\u00e9sentante <strong>Kaja Kallas<\/strong>, qui a mis en garde contre les dangers de l&rsquo;externalisation de la s\u00e9curit\u00e9 dans une nouvelle \u00e8re de \u00ab\u00a0politique de puissance coercitive\u00a0\u00bb.<\/p>\n<p>Ses remarques font suite \u00e0 la tentative du pr\u00e9sident am\u00e9ricain Donald Trump de saisir le Groenland au Danemark par le biais de tarifs douaniers punitifs, un <a href=\"https:\/\/fr.euronews.com\/my-europe\/2026\/01\/24\/comment-les-europeens-ont-serre-les-rangs-pour-defendre-le-groenland-face-a-trump\" target=\"_blank\" rel=\"noopener\"><strong>diff\u00e9rend sans pr\u00e9c\u00e9dent<\/strong><\/a> qui a mis l&rsquo;alliance transatlantique vieille de pr\u00e8s de 80 ans au bord de l&rsquo;effondrement.<\/p>\n<p>Les tensions ont \u00e9t\u00e9 d\u00e9samorc\u00e9es par un accord-cadre sur la s\u00e9curit\u00e9 dans l&rsquo;Arctique, dont les d\u00e9tails font encore l&rsquo;objet de discussions.<\/p>\n<p>\u00ab\u00a0On peut dire que le changement le plus important dans la r\u00e9orientation fondamentale est en cours de l&rsquo;autre c\u00f4t\u00e9 de l&rsquo;Atlantique : une remise en question qui a \u00e9branl\u00e9 la relation transatlantique dans ses fondements\u00a0\u00bb, a d\u00e9clar\u00e9 Kaja Kallas mercredi matin lors de la conf\u00e9rence annuelle de l&rsquo;Agence europ\u00e9enne de d\u00e9fense.<\/p>\n<p>\u00ab\u00a0Permettez-moi d&rsquo;\u00eatre claire : nous voulons des liens transatlantiques forts. Les \u00c9tats-Unis resteront le partenaire et l&rsquo;alli\u00e9 de l&rsquo;Europe. Mais l&rsquo;Europe doit s&rsquo;adapter aux nouvelles r\u00e9alit\u00e9s. L&rsquo;Europe n&rsquo;est plus le principal centre de gravit\u00e9 de Washington\u00a0\u00bb. a-t-elle ajout\u00e9. <\/p>\n<p>\u00ab\u00a0Ce changement est en cours depuis un certain temps\u00a0\u00bb, faisant r\u00e9f\u00e9rence aux pr\u00e9c\u00e9dentes administrations am\u00e9ricaines. \u00ab\u00a0Il est structurel et non temporaire. Cela signifie que l&rsquo;Europe doit s&rsquo;affirmer. Aucune grande puissance dans l&rsquo;histoire n&rsquo;a jamais externalis\u00e9 sa survie et n&rsquo;a surv\u00e9cu\u00a0\u00bb.<\/p>\n<p>Dans son discours, Kaja Kallas a dress\u00e9 un tableau sombre de la situation internationale actuelle.<\/p>\n<p>Elle a qualifi\u00e9 la Russie de \u00ab\u00a0menace majeure pour la s\u00e9curit\u00e9\u00a0\u00bb, la Chine de \u00ab\u00a0d\u00e9fi \u00e0 long terme\u00a0\u00bb et le Moyen-Orient de r\u00e9gion \u00ab\u00a0totalement impr\u00e9visible\u00a0\u00bb.<\/p>\n<p>\u00ab\u00a0Ces \u00e9volutions, associ\u00e9es \u00e0 la politique \u00e9trang\u00e8re sans concession de Donald Trump, ont mis \u00e0 rude \u00e9preuve les normes internationales, les r\u00e8gles et les institutions charg\u00e9es de les faire respecter que nous avons construites en 80 ans\u00a0\u00bb, a-t-elle d\u00e9clar\u00e9. <\/p>\n<p>\u00ab\u00a0Le risque d&rsquo;un retour complet \u00e0 une politique de puissance coercitive, \u00e0 des sph\u00e8res d&rsquo;influence et \u00e0 un monde o\u00f9 la force fait le droit est tr\u00e8s r\u00e9el\u00a0\u00bb, a-t-elle not\u00e9.<\/p>\n<p>La Haute repr\u00e9sentante a ensuite exhort\u00e9 les nations europ\u00e9ennes \u00e0 \u00ab\u00a0<strong>reconna\u00eetre que ce changement tectonique est l\u00e0 pour durer et \u00e0 agir de toute urgence<\/strong>\u00ab\u00a0.<\/p>\n<p>Depuis la r\u00e9\u00e9lection de Donald Trump, l&rsquo;Union europ\u00e9enne a lanc\u00e9 des initiatives de plusieurs milliards d&rsquo;euros pour augmenter rapidement les d\u00e9penses de d\u00e9fense, promouvoir son industrie nationale et r\u00e9duire sa d\u00e9pendance profonde \u00e0 l&rsquo;\u00e9gard des armes fabriqu\u00e9es aux \u00c9tats-Unis.<\/p>\n<p>Le bloc a fix\u00e9 2030 comme date limite collective pour atteindre une \u00ab\u00a0pleine pr\u00e9paration \u00e0 la d\u00e9fense\u00a0\u00bb et dissuader une attaque russe potentielle contre un \u00c9tat membre de l&rsquo;UE.<\/p>\n<p>Cette semaine, le secr\u00e9taire g\u00e9n\u00e9ral de l&rsquo;OTAN<a href=\"https:\/\/www.euronews.com\/my-europe\/2026\/01\/27\/rutte-faces-backlash-for-telling-europeans-to-keep-on-dreaming-about-independence-from-us-\" target=\"_blank\" rel=\"noopener\"><strong>,<\/strong> <\/a><a href=\"https:\/\/fr.euronews.com\/my-europe\/2026\/01\/27\/continuez-a-rever-mark-rutte-sous-le-feu-des-critiques-pour-ses-remarques-sur-la-defense-e\" target=\"_blank\" rel=\"noopener\"><strong>Mark Rutte<\/strong><\/a>, a rejet\u00e9 ces efforts en disant aux Europ\u00e9ens de \u00ab\u00a0continuer \u00e0 r\u00eaver\u00a0\u00bb d&rsquo;une ind\u00e9pendance en mati\u00e8re de s\u00e9curit\u00e9 et de d\u00e9fense. Ses propos ont suscit\u00e9 des r\u00e9actions n\u00e9gatives \u00e0 Bruxelles et \u00e0 Paris.<\/p>\n<p>Kaja Kallas n&rsquo;a pas fait r\u00e9f\u00e9rence \u00e0 l&rsquo;intervention controvers\u00e9e de Rutte dans son discours. Elle a plut\u00f4t appel\u00e9 \u00e0 une plus grande coordination et compl\u00e9mentarit\u00e9 entre l&rsquo;UE et l&rsquo;OTAN, qui ont 23 membres en commun, afin de garantir un partage plus \u00e9quitable du fardeau entre les alli\u00e9s.<\/p>\n<p>\u00ab\u00a0Alors que les \u00c9tats-Unis se tournent vers l&rsquo;\u00e9tranger et au-del\u00e0 de l&rsquo;Europe, l&rsquo;OTAN doit devenir plus europ\u00e9enne pour conserver sa force\u00a0\u00bb, a-t-elle d\u00e9clar\u00e9. \u00ab\u00a0Et pour cela, l&rsquo;Europe doit agir\u00a0\u00bb.<\/p>\n","protected":false},"excerpt":{"rendered":"Par&amp;nbspJorge Liboreiro&amp;nbsp&amp;&amp;nbspJean Philippe LIABOT Publi\u00e9 le 28\/01\/2026 &#8211; 18:24 UTC+1 Les changements dans les relations entre l&rsquo;Europe et&hellip;\n","protected":false},"author":2,"featured_media":696636,"comment_status":"","ping_status":"","sticky":false,"template":"","format":"standard","meta":{"footnotes":""},"categories":[2],"tags":[11,75,1866,1011,27,5229,12,136,11342,364],"class_list":{"0":"post-696635","1":"post","2":"type-post","3":"status-publish","4":"format-standard","5":"has-post-thumbnail","7":"category-actualites","8":"tag-actualites","9":"tag-donald-trump","10":"tag-etats-unis-damerique","11":"tag-fr","12":"tag-france","13":"tag-kaja-kallas","14":"tag-news","15":"tag-otan","16":"tag-ue-usa","17":"tag-union-europeenne"},"share_on_mastodon":{"url":"https:\/\/pubeurope.com\/@fr\/115976747351112260","error":""},"_links":{"self":[{"href":"https:\/\/www.europesays.com\/fr\/wp-json\/wp\/v2\/posts\/696635","targetHints":{"allow":["GET"]}}],"collection":[{"href":"https:\/\/www.europesays.com\/fr\/wp-json\/wp\/v2\/posts"}],"about":[{"href":"https:\/\/www.europesays.com\/fr\/wp-json\/wp\/v2\/types\/post"}],"author":[{"embeddable":true,"href":"https:\/\/www.europesays.com\/fr\/wp-json\/wp\/v2\/users\/2"}],"replies":[{"embeddable":true,"href":"https:\/\/www.europesays.com\/fr\/wp-json\/wp\/v2\/comments?post=696635"}],"version-history":[{"count":0,"href":"https:\/\/www.europesays.com\/fr\/wp-json\/wp\/v2\/posts\/696635\/revisions"}],"wp:featuredmedia":[{"embeddable":true,"href":"https:\/\/www.europesays.com\/fr\/wp-json\/wp\/v2\/media\/696636"}],"wp:attachment":[{"href":"https:\/\/www.europesays.com\/fr\/wp-json\/wp\/v2\/media?parent=696635"}],"wp:term":[{"taxonomy":"category","embeddable":true,"href":"https:\/\/www.europesays.com\/fr\/wp-json\/wp\/v2\/categories?post=696635"},{"taxonomy":"post_tag","embeddable":true,"href":"https:\/\/www.europesays.com\/fr\/wp-json\/wp\/v2\/tags?post=696635"}],"curies":[{"name":"wp","href":"https:\/\/api.w.org\/{rel}","templated":true}]}}