{"id":696639,"date":"2026-01-29T05:32:14","date_gmt":"2026-01-29T05:32:14","guid":{"rendered":"https:\/\/www.europesays.com\/fr\/696639\/"},"modified":"2026-01-29T05:32:14","modified_gmt":"2026-01-29T05:32:14","slug":"saint-etienne-de-tulmont-une-atmosphere-preelectorale-ladepeche-fr","status":"publish","type":"post","link":"https:\/\/www.europesays.com\/fr\/696639\/","title":{"rendered":"Saint-\u00c9tienne-de-Tulmont. Une atmosph\u00e8re pr\u00e9\u00e9lectorale &#8211; ladepeche.fr"},"content":{"rendered":"<p>Pour cette derni\u00e8re \u00e9dition de la mandature, les St\u00e9phanois se sont d\u00e9plac\u00e9s en nombre pour assister \u00e0 la traditionnelle c\u00e9r\u00e9monie des v\u0153ux du maire, suivie de la r\u00e9ception conviviale. Une c\u00e9r\u00e9monie qui, cette ann\u00e9e, n\u2019avait rien d\u2019ordinaire : pour la premi\u00e8re fois depuis plusieurs ann\u00e9es, le maire s\u2019est pr\u00e9sent\u00e9 seul face au public, sans les membres du conseil municipal habituellement \u00e0 ses c\u00f4t\u00e9s. Cette configuration inhabituelle donnait \u00e0 l\u2019\u00e9v\u00e9nement une atmosph\u00e8re r\u00e9solument pr\u00e9\u00e9lectorale.<\/p>\n<p>Aucune allusion aux r\u00e9cents remous<\/p>\n<p>Dans la salle, les \u00e9lus encore en poste jusqu\u2019au mois de mars \u00e9taient bien pr\u00e9sents, mais regroup\u00e9s discr\u00e8tement par affinit\u00e9. Fid\u00e8le \u00e0 son obligation de r\u00e9serve, le maire, \u00c9ric Massip, n\u2019a fait aucune allusion aux r\u00e9cents remous qui ont marqu\u00e9 la vie du conseil municipal. Le public a ainsi assist\u00e9 \u00e0 un d\u00e9roul\u00e9 classique de bilan annuel. Le maire est revenu sur les temps forts de l\u2019ann\u00e9e \u00e9coul\u00e9e : les festivit\u00e9s communales, avec notamment le joli succ\u00e8s du festival am\u00e9ricain organis\u00e9 par Louis Chevilley et les b\u00e9n\u00e9voles de Country Saloon 82, mais aussi les actions men\u00e9es en mati\u00e8re de voirie, d\u2019\u00e9clairage public, la qualit\u00e9 des menus de la cantine scolaire ou encore les travaux r\u00e9alis\u00e9s sur les b\u00e2timents du domaine communal.<\/p>\n<p>Deux \u00e9v\u00e9nements marquants de 2025 ont \u00e9galement \u00e9t\u00e9 \u00e9voqu\u00e9s : les intemp\u00e9ries du mois de mai et l\u2019incendie ayant r\u00e9cemment d\u00e9truit un immeuble de cinq logements. \u00c9ric Massip a par ailleurs rappel\u00e9 le dossier sensible de l\u2019implantation de l\u2019aire d\u2019accueil des gens du voyage, un projet qui a mobilis\u00e9 beaucoup d\u2019\u00e9nergie. Dans ses remerciements, il a tenu \u00e0 associer les pompiers, le personnel communal, les membres du CCAS et des associations, ainsi que les commer\u00e7ants et artisans. En conclusion, le maire a r\u00e9affirm\u00e9 son engagement pour une action publique au service de l\u2019int\u00e9r\u00eat g\u00e9n\u00e9ral, formulant des v\u0153ux plac\u00e9s sous le signe de l\u2019unit\u00e9, de la bienveillance et de la solidarit\u00e9.<\/p>\n","protected":false},"excerpt":{"rendered":"Pour cette derni\u00e8re \u00e9dition de la mandature, les St\u00e9phanois se sont d\u00e9plac\u00e9s en nombre pour assister \u00e0 la&hellip;\n","protected":false},"author":2,"featured_media":696640,"comment_status":"","ping_status":"","sticky":false,"template":"","format":"standard","meta":{"footnotes":""},"categories":[9653],"tags":[1111,11,2430,1777,674,1011,27,329,12,316,25,4001,70725,36586],"class_list":{"0":"post-696639","1":"post","2":"type-post","3":"status-publish","4":"format-standard","5":"has-post-thumbnail","7":"category-saint-etienne","8":"tag-actu","9":"tag-actualites","10":"tag-auvergne-rhone-alpes","11":"tag-eu","12":"tag-europe","13":"tag-fr","14":"tag-france","15":"tag-france-monde","16":"tag-news","17":"tag-politique","18":"tag-republique-francaise","19":"tag-saint-etienne","20":"tag-saintetiennedetulmont","21":"tag-tarn-et-garonne"},"share_on_mastodon":{"url":"https:\/\/pubeurope.com\/@fr\/115976755135679681","error":""},"_links":{"self":[{"href":"https:\/\/www.europesays.com\/fr\/wp-json\/wp\/v2\/posts\/696639","targetHints":{"allow":["GET"]}}],"collection":[{"href":"https:\/\/www.europesays.com\/fr\/wp-json\/wp\/v2\/posts"}],"about":[{"href":"https:\/\/www.europesays.com\/fr\/wp-json\/wp\/v2\/types\/post"}],"author":[{"embeddable":true,"href":"https:\/\/www.europesays.com\/fr\/wp-json\/wp\/v2\/users\/2"}],"replies":[{"embeddable":true,"href":"https:\/\/www.europesays.com\/fr\/wp-json\/wp\/v2\/comments?post=696639"}],"version-history":[{"count":0,"href":"https:\/\/www.europesays.com\/fr\/wp-json\/wp\/v2\/posts\/696639\/revisions"}],"wp:featuredmedia":[{"embeddable":true,"href":"https:\/\/www.europesays.com\/fr\/wp-json\/wp\/v2\/media\/696640"}],"wp:attachment":[{"href":"https:\/\/www.europesays.com\/fr\/wp-json\/wp\/v2\/media?parent=696639"}],"wp:term":[{"taxonomy":"category","embeddable":true,"href":"https:\/\/www.europesays.com\/fr\/wp-json\/wp\/v2\/categories?post=696639"},{"taxonomy":"post_tag","embeddable":true,"href":"https:\/\/www.europesays.com\/fr\/wp-json\/wp\/v2\/tags?post=696639"}],"curies":[{"name":"wp","href":"https:\/\/api.w.org\/{rel}","templated":true}]}}