{"id":696658,"date":"2026-01-29T05:47:10","date_gmt":"2026-01-29T05:47:10","guid":{"rendered":"https:\/\/www.europesays.com\/fr\/696658\/"},"modified":"2026-01-29T05:47:10","modified_gmt":"2026-01-29T05:47:10","slug":"le-chef-le-plus-etoile-au-monde-sinstalle-a-rennes-voici-quand-sa-chocolaterie-va-ouvrir","status":"publish","type":"post","link":"https:\/\/www.europesays.com\/fr\/696658\/","title":{"rendered":"Le chef le plus \u00e9toil\u00e9 au monde s&rsquo;installe \u00e0 Rennes, voici quand sa chocolaterie va ouvrir"},"content":{"rendered":"<p>                    Par<br \/>\n        <strong><br \/>\n            <a href=\"https:\/\/actu.fr\/auteur\/clemence-pays02-actu-fr\" title=\"Consulter tous les articles de Cl\u00e9mence Pays\" target=\"_blank\" rel=\"noopener\">Cl\u00e9mence Pays<\/a><br \/>\n                    <\/strong><\/p>\n<p>        Publi\u00e9 le<\/p>\n<p>            29 janv. 2026 \u00e0 6h32        <\/p>\n<p>Une nouvelle adresse gourmande va bient\u00f4t d\u00e9barquer \u00e0 Rennes. En effet, une boutique <strong>Chocolat Alain Ducasse<\/strong> va ouvrir \u00ab\u2009au 14, rue de Nemours\u2009\u00bb, en lieu et place de Coiffeur &amp; Compagnie, a appris la r\u00e9daction d\u2019<a href=\"https:\/\/actu.fr\/rennes\/\" target=\"_blank\" rel=\"noopener\">actu Rennes<\/a> aupr\u00e8s de la marque, confirmant une information de <a href=\"https:\/\/www.rennes-infos-autrement.fr\/ducasse-arrive-a-rennes\/\" target=\"_blank\" rel=\"noopener\">Rennes Info Autrement<\/a>.<\/p>\n<p class=\" wall-content\">Pour pouvoir d\u00e9guster les cr\u00e9ations du <strong>chef le plus \u00e9toil\u00e9 au monde<\/strong> (21 \u00e9toiles Michelin) \u2013 \u00e0 la t\u00eate de restaurants, de Manufactures de chocolat, mais aussi de l\u2019\u00c9cole Ducasse \u2013 il faudra attendre <strong>\u00ab\u2009mi-mars\u2009\u00bb.<\/strong><\/p>\n<p>Du chocolat fait maison<\/p>\n<p class=\" wall-content\">Le Chocolat Alain Ducasse revendique un savoir-faire artisanal\u2009: \u00ab\u2009Faire son chocolat ne veut pas dire acheter son chocolat pour le fondre et le transformer. Cela veut dire <strong>torr\u00e9fier, concasser, broyer, concher<\/strong> la f\u00e8ve de cacao pour la transformer en chocolat\u2009\u00bb, peut-on lire sur le site de la marque.<\/p>\n<p class=\" wall-content\"><a href=\"https:\/\/www.instagram.com\/p\/DRxLUpxCGLX\/embed\" title=\"Ouvrir le lien sur Instagram\" target=\"_blank\" rel=\"noopener\">Visualiser le contenu sur Instagram<\/a><\/p>\n<p class=\" wall-content\"><strong>Fruits secs et fruits frais<\/strong> sont \u00e9galement travaill\u00e9s par les artisans pour r\u00e9aliser pralin\u00e9s et ganaches.<\/p>\n<p class=\" wall-content\">Personnalisez votre actualit\u00e9 en ajoutant vos villes et m\u00e9dias en favori avec <a href=\"https:\/\/moncompte.actu.fr\" title=\"D\u00e9couvez Mon Actu\" rel=\"nofollow noopener\" data-trk=\"{&quot;cta&quot;:{&quot;action&quot;:&quot;https:\\\/\\\/moncompte.actu.fr&quot;,&quot;category&quot;:&quot;mon compte&quot;,&quot;from&quot;:&quot;article footer&quot;,&quot;name&quot;:&quot;Mon actu&quot;,&quot;type&quot;:&quot;cta&quot;}}\" target=\"_blank\">Mon Actu<\/a>.<\/p>\n<p>                    <script async src=\"\/\/www.instagram.com\/embed.js\"><\/script><\/p>\n","protected":false},"excerpt":{"rendered":"Par Cl\u00e9mence Pays Publi\u00e9 le 29 janv. 2026 \u00e0 6h32 Une nouvelle adresse gourmande va bient\u00f4t d\u00e9barquer \u00e0&hellip;\n","protected":false},"author":2,"featured_media":696659,"comment_status":"","ping_status":"","sticky":false,"template":"","format":"standard","meta":{"footnotes":""},"categories":[2821],"tags":[1111,11,829,215,33,1777,674,1011,27,12,584,25],"class_list":{"0":"post-696658","1":"post","2":"type-post","3":"status-publish","4":"format-standard","5":"has-post-thumbnail","7":"category-rennes","8":"tag-actu","9":"tag-actualites","10":"tag-bretagne","11":"tag-commerce","12":"tag-economie","13":"tag-eu","14":"tag-europe","15":"tag-fr","16":"tag-france","17":"tag-news","18":"tag-rennes","19":"tag-republique-francaise"},"share_on_mastodon":{"url":"https:\/\/pubeurope.com\/@fr\/115976814199930964","error":""},"_links":{"self":[{"href":"https:\/\/www.europesays.com\/fr\/wp-json\/wp\/v2\/posts\/696658","targetHints":{"allow":["GET"]}}],"collection":[{"href":"https:\/\/www.europesays.com\/fr\/wp-json\/wp\/v2\/posts"}],"about":[{"href":"https:\/\/www.europesays.com\/fr\/wp-json\/wp\/v2\/types\/post"}],"author":[{"embeddable":true,"href":"https:\/\/www.europesays.com\/fr\/wp-json\/wp\/v2\/users\/2"}],"replies":[{"embeddable":true,"href":"https:\/\/www.europesays.com\/fr\/wp-json\/wp\/v2\/comments?post=696658"}],"version-history":[{"count":0,"href":"https:\/\/www.europesays.com\/fr\/wp-json\/wp\/v2\/posts\/696658\/revisions"}],"wp:featuredmedia":[{"embeddable":true,"href":"https:\/\/www.europesays.com\/fr\/wp-json\/wp\/v2\/media\/696659"}],"wp:attachment":[{"href":"https:\/\/www.europesays.com\/fr\/wp-json\/wp\/v2\/media?parent=696658"}],"wp:term":[{"taxonomy":"category","embeddable":true,"href":"https:\/\/www.europesays.com\/fr\/wp-json\/wp\/v2\/categories?post=696658"},{"taxonomy":"post_tag","embeddable":true,"href":"https:\/\/www.europesays.com\/fr\/wp-json\/wp\/v2\/tags?post=696658"}],"curies":[{"name":"wp","href":"https:\/\/api.w.org\/{rel}","templated":true}]}}