{"id":696685,"date":"2026-01-29T06:04:17","date_gmt":"2026-01-29T06:04:17","guid":{"rendered":"https:\/\/www.europesays.com\/fr\/696685\/"},"modified":"2026-01-29T06:04:17","modified_gmt":"2026-01-29T06:04:17","slug":"rhone-la-metropole-de-lyon-accorde-120-000-euros-de-subvention-aux-restos-du-coeur","status":"publish","type":"post","link":"https:\/\/www.europesays.com\/fr\/696685\/","title":{"rendered":"Rh\u00f4ne. La M\u00e9tropole de Lyon accorde 120\u00a0000\u00a0euros de subvention aux Restos du C\u0153ur\u00a0"},"content":{"rendered":"<p>\u00c0 l\u2019occasion de la r\u00e9union de la commission permanente lundi 26\u00a0janvier, les \u00e9lus de la M\u00e9tropole de Lyon ont vot\u00e9 l\u2019attribution d\u2019une aide de 120\u00a0000\u00a0euros aux Restos du C\u0153ur. Cette subvention sera utilis\u00e9e pour r\u00e9nover le local appartenant \u00e0 la collectivit\u00e9 et situ\u00e9 au 163 rue de Gerland dans le 7e\u00a0 arrondissement.<\/p>\n<p>  La r\u00e9novation d\u2019un futur centre de distribution alimentaire\u2026<\/p>\n<p>D\u2019apr\u00e8s la <a href=\"https:\/\/agora.grandlyon.com\/portail\/jsp\/openfile.jsp?pdf=A9iCZwGvgK5FubNtu322bcS53GS0sK4fqUNzpPiImFcNNkx%2BTqSn6NcCoEvAfojpQXos53usMrnDMpatnf%2FqmNyXfzyBhM6C5%2Bko%2BN0JeHzVMqJNzlWCmEtIIjUWy31QheTz0JAsYDIHcB1za4rewDxnAoTNf6Nv\" target=\"_blank\" rel=\"noopener\">d\u00e9lib\u00e9ration du vote<\/a>, l\u2019association ambitionne de faire de ce b\u00e2timent un centre de distribution alimentaire et d\u2019aide \u00e0 la personne ainsi que le futur si\u00e8ge d\u00e9partemental des Restos du C\u0153ur.<\/p>\n<p>La M\u00e9tropole participe \u00e0 ce projet chiffr\u00e9 \u00e0 300\u00a0000\u00a0euros ; la r\u00e9gion Auvergne-Rh\u00f4ne-Alpes \u00e9galement, en finan\u00e7ant ces travaux de r\u00e9novation \u00e0 hauteur de 50\u00a0000\u00a0euros. Le reste est financ\u00e9 conjointement par l\u2019association nationale des Restos du c\u0153ur et l\u2019antenne du Rh\u00f4ne.<\/p>\n<p>  \u2026afin de lutter contre la pr\u00e9carit\u00e9 alimentaire<\/p>\n<p>D\u2019apr\u00e8s le diagnostic territorial r\u00e9alis\u00e9 par la M\u00e9tropole, <a href=\"https:\/\/www.leprogres.fr\/societe\/2025\/11\/17\/il-y-a-plus-de-familles-a-nourrir-les-restos-du-coeur-lancent-leur-41-e-campagne\" target=\"_blank\" rel=\"noopener\">les chiffres sont alarmants<\/a>\u00a0: un tiers des habitants du territoire d\u00e9clarait ne pas avoir les moyens de s\u2019alimenter correctement et 15\u00a0% affirmaient ne pas manger \u00e0 leur faim.<\/p>\n<p>D\u2019apr\u00e8s la collectivit\u00e9, l\u2019association est son \u00ab\u00a0partenaire historique\u00a0\u00bb dans la lutte contre la pr\u00e9carit\u00e9 alimentaire. En 2025, les Restos du C\u0153ur ont distribu\u00e9 3,49\u00a0millions de repas \u00e0 31\u00a0000 adultes du d\u00e9partement.<\/p>\n","protected":false},"excerpt":{"rendered":"\u00c0 l\u2019occasion de la r\u00e9union de la commission permanente lundi 26\u00a0janvier, les \u00e9lus de la M\u00e9tropole de Lyon&hellip;\n","protected":false},"author":2,"featured_media":696686,"comment_status":"","ping_status":"","sticky":false,"template":"","format":"standard","meta":{"footnotes":""},"categories":[1889],"tags":[1111,11,2430,2757,1777,674,1011,27,2428,2756,12,25,2429,71,801,104,1631],"class_list":{"0":"post-696685","1":"post","2":"type-post","3":"status-publish","4":"format-standard","5":"has-post-thumbnail","7":"category-lyon","8":"tag-actu","9":"tag-actualites","10":"tag-auvergne-rhone-alpes","11":"tag-edition-lyon-villeurbanne","12":"tag-eu","13":"tag-europe","14":"tag-fr","15":"tag-france","16":"tag-lyon","17":"tag-lyon-bassin","18":"tag-news","19":"tag-republique-francaise","20":"tag-rhone","21":"tag-sante","22":"tag-social","23":"tag-societe","24":"tag-vie-associative"},"share_on_mastodon":{"url":"https:\/\/pubeurope.com\/@fr\/115976880991373256","error":""},"_links":{"self":[{"href":"https:\/\/www.europesays.com\/fr\/wp-json\/wp\/v2\/posts\/696685","targetHints":{"allow":["GET"]}}],"collection":[{"href":"https:\/\/www.europesays.com\/fr\/wp-json\/wp\/v2\/posts"}],"about":[{"href":"https:\/\/www.europesays.com\/fr\/wp-json\/wp\/v2\/types\/post"}],"author":[{"embeddable":true,"href":"https:\/\/www.europesays.com\/fr\/wp-json\/wp\/v2\/users\/2"}],"replies":[{"embeddable":true,"href":"https:\/\/www.europesays.com\/fr\/wp-json\/wp\/v2\/comments?post=696685"}],"version-history":[{"count":0,"href":"https:\/\/www.europesays.com\/fr\/wp-json\/wp\/v2\/posts\/696685\/revisions"}],"wp:featuredmedia":[{"embeddable":true,"href":"https:\/\/www.europesays.com\/fr\/wp-json\/wp\/v2\/media\/696686"}],"wp:attachment":[{"href":"https:\/\/www.europesays.com\/fr\/wp-json\/wp\/v2\/media?parent=696685"}],"wp:term":[{"taxonomy":"category","embeddable":true,"href":"https:\/\/www.europesays.com\/fr\/wp-json\/wp\/v2\/categories?post=696685"},{"taxonomy":"post_tag","embeddable":true,"href":"https:\/\/www.europesays.com\/fr\/wp-json\/wp\/v2\/tags?post=696685"}],"curies":[{"name":"wp","href":"https:\/\/api.w.org\/{rel}","templated":true}]}}