{"id":696687,"date":"2026-01-29T06:05:13","date_gmt":"2026-01-29T06:05:13","guid":{"rendered":"https:\/\/www.europesays.com\/fr\/696687\/"},"modified":"2026-01-29T06:05:13","modified_gmt":"2026-01-29T06:05:13","slug":"lecologie-mal-aimee-de-la-campagne-lyonnaise","status":"publish","type":"post","link":"https:\/\/www.europesays.com\/fr\/696687\/","title":{"rendered":"l\u2019\u00e9cologie, mal-aim\u00e9e de la campagne lyonnaise"},"content":{"rendered":"<p>Difficile de ne pas y voir une co\u00efncidence. Absente ou presque des d\u00e9bats depuis le\u00a0d\u00e9but de la campagne \u00e9lectorale, l\u2019\u00e9cologie y fait un brusque retour ces derniers jours\u2026 Au moment m\u00eame o\u00f9 Le Progr\u00e8s informait les diff\u00e9rentes \u00e9quipes de campagne de l\u2019\u00e9criture de ces lignes sur la diff\u00e9rence de place entre\u00a02020 et\u00a02026 de l\u2019enjeu \u00e9cologique\u00a0! Certainement le hasard.<\/p>\n<p>Jusqu\u2019alors, on pourrait croire qu\u2019un mot d\u2019ordre avait \u00e9t\u00e9 pass\u00e9\u00a0: \u00ab\u00a0Cachez ce vert que je ne saurais voir.\u00a0\u00bb Il faut dire que le constat est frappant, et l\u2019est d\u2019autant plus quand l\u2019on regarde\u00a0dans le r\u00e9troviseur six ans en arri\u00e8re. Chez les \u00e9cologistes notamment, o\u00f9 le vert \u00e9tait partout\u00a0: sur les affiches de campagne, les flyers, les meetings, les r\u00e9seaux sociaux, les prises de paroles des candidats \u00e9cologistes.<\/p>\n<p>2020\u00a0: l\u2019\u00e9cologie, sujet num\u00e9ro\u00a01<\/p>\n<p>En cette ann\u00e9e 2020 marqu\u00e9e par la crise sanitaire, l\u2019\u00e9cologie fait consensus et d\u00e9passe&#8230;<\/p>\n","protected":false},"excerpt":{"rendered":"Difficile de ne pas y voir une co\u00efncidence. Absente ou presque des d\u00e9bats depuis le\u00a0d\u00e9but de la campagne&hellip;\n","protected":false},"author":2,"featured_media":696688,"comment_status":"","ping_status":"","sticky":false,"template":"","format":"standard","meta":{"footnotes":""},"categories":[1889],"tags":[1111,11,2430,2757,36284,4188,436,1777,674,1011,27,2428,2756,12,316,25,2429,801,104],"class_list":{"0":"post-696687","1":"post","2":"type-post","3":"status-publish","4":"format-standard","5":"has-post-thumbnail","7":"category-lyon","8":"tag-actu","9":"tag-actualites","10":"tag-auvergne-rhone-alpes","11":"tag-edition-lyon-villeurbanne","12":"tag-elections-metropolitaines","13":"tag-elections-municipales","14":"tag-environnement","15":"tag-eu","16":"tag-europe","17":"tag-fr","18":"tag-france","19":"tag-lyon","20":"tag-lyon-bassin","21":"tag-news","22":"tag-politique","23":"tag-republique-francaise","24":"tag-rhone","25":"tag-social","26":"tag-societe"},"share_on_mastodon":{"url":"https:\/\/pubeurope.com\/@fr\/115976884861629731","error":""},"_links":{"self":[{"href":"https:\/\/www.europesays.com\/fr\/wp-json\/wp\/v2\/posts\/696687","targetHints":{"allow":["GET"]}}],"collection":[{"href":"https:\/\/www.europesays.com\/fr\/wp-json\/wp\/v2\/posts"}],"about":[{"href":"https:\/\/www.europesays.com\/fr\/wp-json\/wp\/v2\/types\/post"}],"author":[{"embeddable":true,"href":"https:\/\/www.europesays.com\/fr\/wp-json\/wp\/v2\/users\/2"}],"replies":[{"embeddable":true,"href":"https:\/\/www.europesays.com\/fr\/wp-json\/wp\/v2\/comments?post=696687"}],"version-history":[{"count":0,"href":"https:\/\/www.europesays.com\/fr\/wp-json\/wp\/v2\/posts\/696687\/revisions"}],"wp:featuredmedia":[{"embeddable":true,"href":"https:\/\/www.europesays.com\/fr\/wp-json\/wp\/v2\/media\/696688"}],"wp:attachment":[{"href":"https:\/\/www.europesays.com\/fr\/wp-json\/wp\/v2\/media?parent=696687"}],"wp:term":[{"taxonomy":"category","embeddable":true,"href":"https:\/\/www.europesays.com\/fr\/wp-json\/wp\/v2\/categories?post=696687"},{"taxonomy":"post_tag","embeddable":true,"href":"https:\/\/www.europesays.com\/fr\/wp-json\/wp\/v2\/tags?post=696687"}],"curies":[{"name":"wp","href":"https:\/\/api.w.org\/{rel}","templated":true}]}}