{"id":696691,"date":"2026-01-29T06:09:12","date_gmt":"2026-01-29T06:09:12","guid":{"rendered":"https:\/\/www.europesays.com\/fr\/696691\/"},"modified":"2026-01-29T06:09:12","modified_gmt":"2026-01-29T06:09:12","slug":"les-valeurs-a-suivre-a-paris-et-en-europe-29-01-2026-a-0639","status":"publish","type":"post","link":"https:\/\/www.europesays.com\/fr\/696691\/","title":{"rendered":"Les valeurs \u00e0 suivre \u00e0 Paris et en Europe &#8211; 29\/01\/2026 \u00e0 06:39"},"content":{"rendered":"<p>\n *\n<\/p>\n<p>\n Variation des futures sur indice CAC 40  0#FCE:\n<\/p>\n<p>\n *\n<\/p>\n<p>\n Variation des futures sur indice Stoxx 600  0#FXXP:\n<\/p>\n<p>\n *\n<\/p>\n<p>\n Valeurs qui se traitent ex-dividende  .EX.PA\n<\/p>\n<p>\n *\n<\/p>\n<p>\n Le point sur les march\u00e9s europ\u00e9ens  .EUFR\n<\/p>\n<p>\n Les valeurs \u00e0 suivre jeudi<br \/>\n\u00e0 la Bourse de Paris et en Europe :\n<\/p>\n<p>\n * EXAIL TECHNOLOGIES<br \/>\n <a href=\"https:\/\/www.boursorama.com\/cours\/1rPEXA\/\" target=\"_blank\" rel=\"noopener\"><br \/>\n  EXA.PA<br \/>\n <\/a><br \/>\n a annonc\u00e9 mercredi que la<br \/>\ncroissance estim\u00e9e du son chiffre d&rsquo;affaires annuel \u00e9tait<br \/>\nd&rsquo;environ 28%, un r\u00e9sultat sup\u00e9rieur \u00e0 son objectif annonc\u00e9 en<br \/>\noctobre d&rsquo;une hausse entre 20 et 25%.\n<\/p>\n<p>\n * VALLOUREC<br \/>\n <a href=\"https:\/\/www.boursorama.com\/cours\/1rPVK\/\" target=\"_blank\" rel=\"noopener\"><br \/>\n  VLLP.PA<br \/>\n <\/a><br \/>\n a annonc\u00e9 mercredi un partenariat<br \/>\nstrat\u00e9gique avec XGS Energy pour des projets g\u00e9othermiques aux<br \/>\nEtats-Unis.\n<\/p>\n<p>\n * SANOFI<br \/>\n <a href=\"https:\/\/www.boursorama.com\/cours\/1rPSAN\/\" target=\"_blank\" rel=\"noopener\"><br \/>\n  SASY.PA<br \/>\n <\/a><br \/>\n ET REMY COINTREAU<br \/>\n <a href=\"https:\/\/www.boursorama.com\/cours\/1rPRCO\/\" target=\"_blank\" rel=\"noopener\"><br \/>\n  RCOP.PA<br \/>\n <\/a><br \/>\n publieront<br \/>\njeudi leurs r\u00e9sultats respectifs avant l&rsquo;ouverture de la Bourse.\n<\/p>\n<p>\n * UNILEVER<br \/>\n <a href=\"https:\/\/www.boursorama.com\/cours\/1uULVR.L\/\" target=\"_blank\" rel=\"noopener\"><br \/>\n  ULVR.L<br \/>\n <\/a><br \/>\n a sign\u00e9 mercredi un accord pour vendre<br \/>\nson activit\u00e9 Home Care en Colombie et en \u00c9quateur \u00e0 la soci\u00e9t\u00e9<br \/>\np\u00e9ruvienne de biens de consommation Alicorp  ALICORC1.LM  pour<br \/>\nun montant non divulgu\u00e9.\n<\/p>\n<p>\n * DE&rsquo;LONGHI<br \/>\n <a href=\"https:\/\/www.boursorama.com\/cours\/1gDLG\/\" target=\"_blank\" rel=\"noopener\"><br \/>\n  DLG.MI<br \/>\n <\/a><br \/>\n &#8211; Le fabricant italien d&rsquo;appareils<br \/>\n\u00e9lectrom\u00e9nagers, connu pour ses machines \u00e0 caf\u00e9, a fait \u00e9tat<br \/>\nd&rsquo;une hausse de 8,7% de son chiffre d&rsquo;affaires annuel,<br \/>\nsup\u00e9rieure \u00e0 ses pr\u00e9visions pr\u00e9c\u00e9dentes et conforme au consensus<br \/>\nfourni par l&rsquo;entreprise.\n<\/p>\n<p>\n L&rsquo;AGENDA FRANCE &amp; INTERNATIONAL \u00c0 7 JOURS:<br \/>\n nL8N3YO1H1\n<\/p>\n<p>\n (R\u00e9dig\u00e9 par Diana Mandia, \u00e9dit\u00e9 par Augustin Turpin)<\/p>\n","protected":false},"excerpt":{"rendered":"* Variation des futures sur indice CAC 40 0#FCE: * Variation des futures sur indice Stoxx 600 0#FXXP:&hellip;\n","protected":false},"author":2,"featured_media":607076,"comment_status":"","ping_status":"","sticky":false,"template":"","format":"standard","meta":{"footnotes":""},"categories":[1888],"tags":[400,1111,1928,11,1927,398,408,405,1777,674,1011,27,403,402,399,404,12,1926,626,1925,25,401,406,407],"class_list":{"0":"post-696691","1":"post","2":"type-post","3":"status-publish","4":"format-standard","5":"has-post-thumbnail","7":"category-paris","8":"tag-action-cac-40","9":"tag-actu","10":"tag-actu-paris","11":"tag-actualites","12":"tag-actualites-paris","13":"tag-bourse-de-paris","14":"tag-boursorama","15":"tag-cotations","16":"tag-eu","17":"tag-europe","18":"tag-fr","19":"tag-france","20":"tag-indices-devises","21":"tag-investir","22":"tag-investissement","23":"tag-marche-boursier","24":"tag-news","25":"tag-news-paris","26":"tag-paris","27":"tag-paris-news","28":"tag-republique-francaise","29":"tag-sicav","30":"tag-trackers","31":"tag-warrants"},"share_on_mastodon":{"url":"https:\/\/pubeurope.com\/@fr\/115976900653456719","error":""},"_links":{"self":[{"href":"https:\/\/www.europesays.com\/fr\/wp-json\/wp\/v2\/posts\/696691","targetHints":{"allow":["GET"]}}],"collection":[{"href":"https:\/\/www.europesays.com\/fr\/wp-json\/wp\/v2\/posts"}],"about":[{"href":"https:\/\/www.europesays.com\/fr\/wp-json\/wp\/v2\/types\/post"}],"author":[{"embeddable":true,"href":"https:\/\/www.europesays.com\/fr\/wp-json\/wp\/v2\/users\/2"}],"replies":[{"embeddable":true,"href":"https:\/\/www.europesays.com\/fr\/wp-json\/wp\/v2\/comments?post=696691"}],"version-history":[{"count":0,"href":"https:\/\/www.europesays.com\/fr\/wp-json\/wp\/v2\/posts\/696691\/revisions"}],"wp:featuredmedia":[{"embeddable":true,"href":"https:\/\/www.europesays.com\/fr\/wp-json\/wp\/v2\/media\/607076"}],"wp:attachment":[{"href":"https:\/\/www.europesays.com\/fr\/wp-json\/wp\/v2\/media?parent=696691"}],"wp:term":[{"taxonomy":"category","embeddable":true,"href":"https:\/\/www.europesays.com\/fr\/wp-json\/wp\/v2\/categories?post=696691"},{"taxonomy":"post_tag","embeddable":true,"href":"https:\/\/www.europesays.com\/fr\/wp-json\/wp\/v2\/tags?post=696691"}],"curies":[{"name":"wp","href":"https:\/\/api.w.org\/{rel}","templated":true}]}}