{"id":696692,"date":"2026-01-29T06:10:06","date_gmt":"2026-01-29T06:10:06","guid":{"rendered":"https:\/\/www.europesays.com\/fr\/696692\/"},"modified":"2026-01-29T06:10:06","modified_gmt":"2026-01-29T06:10:06","slug":"lunion-europeenne-prete-a-placer-les-gardiens-de-la-revolution-iraniens-sur-sa-liste-des-organisations-terroristes","status":"publish","type":"post","link":"https:\/\/www.europesays.com\/fr\/696692\/","title":{"rendered":"L\u2019Union europ\u00e9enne pr\u00eate \u00e0 placer les gardiens de la r\u00e9volution iraniens sur sa liste des organisations terroristes"},"content":{"rendered":"<p>                     <img loading=\"lazy\" decoding=\"async\" src=\"https:\/\/www.europesays.com\/fr\/wp-content\/uploads\/2026\/01\/c3b6d14_upload-1-gz7xo54hnnhq-2022-10-19t090634z-2025538952-rc2r2x99xz6h-rtrmadp-3-iran-military-dri.jpeg\" alt=\"Des membres du corps des gardiens de la r\u00e9volution, lors d\u2019un exercice militaire dans la r\u00e9gion d\u2019Aras (Iran), en octobre\u00a02022.\"   width=\"664\" height=\"443\"\/>    Des membres du corps des gardiens de la r\u00e9volution, lors d\u2019un exercice militaire dans la r\u00e9gion d\u2019Aras (Iran), en octobre\u00a02022.  WANA (WEST ASIA NEWS AGENCY) VIA REUTERS                 <\/p>\n<p class=\"article__paragraph  \">Jusqu\u2019au bout, la France a tergivers\u00e9. Mais mercredi 28\u00a0janvier au soir, l\u2019Elys\u00e9e a fini par trancher. Paris a d\u00e9cid\u00e9 de soutenir \u00ab\u00a0l\u2019inscription du corps des gardiens de la r\u00e9volution islamique\u00a0\u00bb de l\u2019Iran, les pasdarans, \u00ab\u00a0sur la liste europ\u00e9enne des organisations terroristes\u00a0\u00bb, <a target=\"_blank\" href=\"https:\/\/www.lemonde.fr\/international\/article\/2026\/01\/28\/iran-la-france-soutient-l-inscription-des-gardiens-de-la-revolution-sur-la-liste-europeenne-des-organisations-terroristes_6664512_3210.html\" rel=\"noopener\">a\u00a0annonc\u00e9 la pr\u00e9sidence de la R\u00e9publique<\/a>.<\/p>\n<p class=\"article__paragraph  \">Jeudi 29\u00a0janvier, lors du conseil des affaires \u00e9trang\u00e8res \u00e0 Bruxelles, la France va donc d\u00e9fendre cette option pouss\u00e9e de longue date par l\u2019Allemagne, les Pays-Bas ou la Su\u00e8de. Kaja Kallas, la cheffe de la diplomatie europ\u00e9enne, devait encore s\u2019assurer, jeudi, que les Vingt-Sept soutiennent bien la mesure, avant de l\u2019instruire et l\u2019\u00e9dicter. Mercredi soir, seule la Roumanie n\u2019avait pas encore communiqu\u00e9 sa position.<\/p>\n<p class=\"article__paragraph  \">\u00ab\u00a0L\u2019insoutenable r\u00e9pression de la r\u00e9volte pacifique du peuple iranien ne peut rester sans r\u00e9ponse, a indiqu\u00e9, mercredi soir, Jean-No\u00ebl Barrot, le chef de la diplomatie fran\u00e7aise, sur le r\u00e9seau social X. Son courage inou\u00ef face \u00e0 la violence qui s\u2019est abattue aveugl\u00e9ment sur lui ne peut rester vain. Avec nos partenaires europ\u00e9ens, nous prendrons demain \u00e0 Bruxelles des sanctions contre les responsables de ces exactions.\u00a0\u00bb<\/p>\n<p class=\"reading-mode-only \"><strong>Il vous reste 80.28% de cet article \u00e0 lire. La suite est r\u00e9serv\u00e9e aux abonn\u00e9s.<\/strong><\/p>\n","protected":false},"excerpt":{"rendered":"Des membres du corps des gardiens de la r\u00e9volution, lors d\u2019un exercice militaire dans la r\u00e9gion d\u2019Aras (Iran),&hellip;\n","protected":false},"author":2,"featured_media":696693,"comment_status":"","ping_status":"","sticky":false,"template":"","format":"standard","meta":{"footnotes":""},"categories":[1888],"tags":[1111,1928,11,1927,1777,674,1011,27,12,1926,626,1925,25],"class_list":{"0":"post-696692","1":"post","2":"type-post","3":"status-publish","4":"format-standard","5":"has-post-thumbnail","7":"category-paris","8":"tag-actu","9":"tag-actu-paris","10":"tag-actualites","11":"tag-actualites-paris","12":"tag-eu","13":"tag-europe","14":"tag-fr","15":"tag-france","16":"tag-news","17":"tag-news-paris","18":"tag-paris","19":"tag-paris-news","20":"tag-republique-francaise"},"share_on_mastodon":{"url":"https:\/\/pubeurope.com\/@fr\/115976904752910889","error":""},"_links":{"self":[{"href":"https:\/\/www.europesays.com\/fr\/wp-json\/wp\/v2\/posts\/696692","targetHints":{"allow":["GET"]}}],"collection":[{"href":"https:\/\/www.europesays.com\/fr\/wp-json\/wp\/v2\/posts"}],"about":[{"href":"https:\/\/www.europesays.com\/fr\/wp-json\/wp\/v2\/types\/post"}],"author":[{"embeddable":true,"href":"https:\/\/www.europesays.com\/fr\/wp-json\/wp\/v2\/users\/2"}],"replies":[{"embeddable":true,"href":"https:\/\/www.europesays.com\/fr\/wp-json\/wp\/v2\/comments?post=696692"}],"version-history":[{"count":0,"href":"https:\/\/www.europesays.com\/fr\/wp-json\/wp\/v2\/posts\/696692\/revisions"}],"wp:featuredmedia":[{"embeddable":true,"href":"https:\/\/www.europesays.com\/fr\/wp-json\/wp\/v2\/media\/696693"}],"wp:attachment":[{"href":"https:\/\/www.europesays.com\/fr\/wp-json\/wp\/v2\/media?parent=696692"}],"wp:term":[{"taxonomy":"category","embeddable":true,"href":"https:\/\/www.europesays.com\/fr\/wp-json\/wp\/v2\/categories?post=696692"},{"taxonomy":"post_tag","embeddable":true,"href":"https:\/\/www.europesays.com\/fr\/wp-json\/wp\/v2\/tags?post=696692"}],"curies":[{"name":"wp","href":"https:\/\/api.w.org\/{rel}","templated":true}]}}