{"id":696700,"date":"2026-01-29T06:14:13","date_gmt":"2026-01-29T06:14:13","guid":{"rendered":"https:\/\/www.europesays.com\/fr\/696700\/"},"modified":"2026-01-29T06:14:13","modified_gmt":"2026-01-29T06:14:13","slug":"guerre-en-ukraine-vona-une-association-au-service-des-ukrainiens-et-de-tous-les-colmariens","status":"publish","type":"post","link":"https:\/\/www.europesays.com\/fr\/696700\/","title":{"rendered":"Guerre en Ukraine. Vona, une association au service des Ukrainiens et de tous les Colmariens"},"content":{"rendered":"<p>\u00c0 l\u2019issue de leur cours d\u2019ukrainien ce mercredi, \u00e0 la maison des associations de Colmar, Emma, 9 ans, retient qu\u2019elle \u00ab\u00a0a appris des lettres de l\u2019alphabet\u00a0\u00bb, Sofiia, 6 ans, raconte \u00ab\u00a0avoir jou\u00e9 avec un c\u0153ur qu\u2019il fallait poser sur la lettre qu\u2019elle a dit\u00a0\u00bb. \u00ab\u00a0Elle\u00a0\u00bb, c\u2019est Yana Moroz, ancienne directrice adjointe dans une \u00e9cole en Ukraine, d\u00e9sormais ATSEM (agente territoriale sp\u00e9cialis\u00e9e des \u00e9coles maternelles) \u00e0 Blotzheim, son dipl\u00f4me n\u2019\u00e9tant pas reconnu dans notre pays.<\/p>\n<p>Yana est l\u2019une des b\u00e9n\u00e9voles de l\u2019association Vona, cr\u00e9\u00e9e l\u2019\u00e9t\u00e9 dernier, qui donne, entre autres, des cours d\u2019ukrainien, de math\u00e9matiques, de calligraphie et de danse. \u00ab\u00a0Quand j\u2019ai vu l\u2019annonce de l\u2019association, j\u2019ai fonc\u00e9, pour ne pas perdre mes comp\u00e9tences et surtout pour transmettre&#8230;<\/p>\n","protected":false},"excerpt":{"rendered":"\u00c0 l\u2019issue de leur cours d\u2019ukrainien ce mercredi, \u00e0 la maison des associations de Colmar, Emma, 9 ans,&hellip;\n","protected":false},"author":2,"featured_media":696701,"comment_status":"","ping_status":"","sticky":false,"template":"","format":"standard","meta":{"footnotes":""},"categories":[1590],"tags":[11,5065,3206,2413,1057,1777,674,107,12,14851,104,220,1631],"class_list":{"0":"post-696700","1":"post","2":"type-post","3":"status-publish","4":"format-standard","5":"has-post-thumbnail","7":"category-ukraine","8":"tag-actualites","9":"tag-colmar","10":"tag-defense-guerre-conflit","11":"tag-edition-colmar-guebwiller","12":"tag-education","13":"tag-eu","14":"tag-europe","15":"tag-fil-info","16":"tag-news","17":"tag-secteur-de-colmar","18":"tag-societe","19":"tag-ukraine","20":"tag-vie-associative"},"share_on_mastodon":{"url":"https:\/\/pubeurope.com\/@fr\/115976920443325739","error":""},"_links":{"self":[{"href":"https:\/\/www.europesays.com\/fr\/wp-json\/wp\/v2\/posts\/696700","targetHints":{"allow":["GET"]}}],"collection":[{"href":"https:\/\/www.europesays.com\/fr\/wp-json\/wp\/v2\/posts"}],"about":[{"href":"https:\/\/www.europesays.com\/fr\/wp-json\/wp\/v2\/types\/post"}],"author":[{"embeddable":true,"href":"https:\/\/www.europesays.com\/fr\/wp-json\/wp\/v2\/users\/2"}],"replies":[{"embeddable":true,"href":"https:\/\/www.europesays.com\/fr\/wp-json\/wp\/v2\/comments?post=696700"}],"version-history":[{"count":0,"href":"https:\/\/www.europesays.com\/fr\/wp-json\/wp\/v2\/posts\/696700\/revisions"}],"wp:featuredmedia":[{"embeddable":true,"href":"https:\/\/www.europesays.com\/fr\/wp-json\/wp\/v2\/media\/696701"}],"wp:attachment":[{"href":"https:\/\/www.europesays.com\/fr\/wp-json\/wp\/v2\/media?parent=696700"}],"wp:term":[{"taxonomy":"category","embeddable":true,"href":"https:\/\/www.europesays.com\/fr\/wp-json\/wp\/v2\/categories?post=696700"},{"taxonomy":"post_tag","embeddable":true,"href":"https:\/\/www.europesays.com\/fr\/wp-json\/wp\/v2\/tags?post=696700"}],"curies":[{"name":"wp","href":"https:\/\/api.w.org\/{rel}","templated":true}]}}