{"id":696710,"date":"2026-01-29T06:20:13","date_gmt":"2026-01-29T06:20:13","guid":{"rendered":"https:\/\/www.europesays.com\/fr\/696710\/"},"modified":"2026-01-29T06:20:13","modified_gmt":"2026-01-29T06:20:13","slug":"les-deputes-votent-a-lunanimite-la-fin-du-devoir-conjugal","status":"publish","type":"post","link":"https:\/\/www.europesays.com\/fr\/696710\/","title":{"rendered":"Les d\u00e9put\u00e9s votent \u00e0 l\u2019unanimit\u00e9 la fin du \u00ab\u00a0devoir conjugal\u00a0\u00bb"},"content":{"rendered":"<p>A l\u2019unanimit\u00e9, <a href=\"https:\/\/www.20minutes.fr\/dossier\/assemblee_nationale\" class=\"c-link c-link--is-underlined\" target=\"_blank\" rel=\"noopener\">l\u2019Assembl\u00e9e nationale<\/a> a vot\u00e9 ce mercredi soir pour mettre fin au \u00ab\u00a0devoir conjugal\u00a0\u00bb, clarifiant l\u2019absence d\u2019obligation de relations <a href=\"https:\/\/www.20minutes.fr\/dossier\/violences_sexuelles\" class=\"c-link c-link--is-underlined\" target=\"_blank\" rel=\"noopener\">sexuelles <\/a>au sein du mariage. Un argument ancien et misogyne mais qui \u00e9tait encore utilis\u00e9 dans certaines instances de <a href=\"https:\/\/www.20minutes.fr\/dossier\/divorce\" class=\"c-link c-link--is-underlined\" target=\"_blank\" rel=\"noopener\">divorce<\/a>.<\/p>\n<p>\u00ab\u00a0J\u2019aimerais avoir une pens\u00e9e pour toutes les femmes qui se sont forc\u00e9es, qui ont subi des viols conjugaux [\u2026] nous comptons sur ce texte pour \u00eatre un point de d\u00e9part, pour que tout cela soit bien fini\u00a0\u00bb, a d\u00e9clar\u00e9 apr\u00e8s le vote la d\u00e9put\u00e9e \u00e9cologiste Marie-Charlotte Garin, co-auteure de cette proposition de loi. Adopt\u00e9 \u00e0 106 voix pour, contre 0, le texte doit d\u00e9sormais \u00eatre examin\u00e9 au S\u00e9nat.<\/p>\n<\/p>\n<p>La fin d\u2019un droit pr\u00e9historique<\/p>\n<p>Dans le Code civil, quatre devoirs d\u00e9coulent du mariage\u00a0: la fid\u00e9lit\u00e9, le secours, l\u2019assistance et la communaut\u00e9 de vie. Mais il ne consacre aucun devoir d\u2019avoir des relations sexuelles. Pourtant, une jurisprudence ancienne a parfois assimil\u00e9 la communaut\u00e9 de vie \u00e0 une \u00ab\u00a0communaut\u00e9 de lit\u00a0\u00bb, laissant subsister l\u2019id\u00e9e d\u2019un pr\u00e9tendu \u00ab\u00a0devoir conjugal\u00a0\u00bb, expliquent ses auteurs.<\/p>\n<p><a href=\"https:\/\/www.20minutes.fr\/societe\/\" class=\"c-link c-btn c-btn--primary\" target=\"_blank\" rel=\"noopener\">Plus d&rsquo;articles Soci\u00e9t\u00e9<\/a><\/p>\n<p>C\u2019est ainsi qu\u2019en\u00a02019, un homme avait obtenu le divorce aux torts exclusifs de son \u00e9pouse, au motif qu\u2019elle avait cess\u00e9 d\u2019avoir des relations sexuelles avec lui pendant plusieurs ann\u00e9es. L\u2019ann\u00e9e suivante, la femme s\u2019\u00e9tait pourvue en cassation, sans succ\u00e8s, et l\u2019affaire avait \u00e9t\u00e9 port\u00e9e devant la Cour europ\u00e9enne des droits de l&rsquo;homme qui, en janvier\u00a02025, a condamn\u00e9 la France sur ce sujet.<\/p>\n","protected":false},"excerpt":{"rendered":"A l\u2019unanimit\u00e9, l\u2019Assembl\u00e9e nationale a vot\u00e9 ce mercredi soir pour mettre fin au \u00ab\u00a0devoir conjugal\u00a0\u00bb, clarifiant l\u2019absence d\u2019obligation&hellip;\n","protected":false},"author":2,"featured_media":696711,"comment_status":"","ping_status":"","sticky":false,"template":"","format":"standard","meta":{"footnotes":""},"categories":[2],"tags":[47,11,416,1011,27,12,316,25,1265,798,797,799],"class_list":{"0":"post-696710","1":"post","2":"type-post","3":"status-publish","4":"format-standard","5":"has-post-thumbnail","7":"category-actualites","8":"tag-actualite","9":"tag-actualites","10":"tag-assemblee-nationale","11":"tag-fr","12":"tag-france","13":"tag-news","14":"tag-politique","15":"tag-republique-francaise","16":"tag-viol","17":"tag-violences-conjugales","18":"tag-violences-faites-aux-femmes","19":"tag-violences-sexuelles"},"share_on_mastodon":{"url":"https:\/\/pubeurope.com\/@fr\/115976943971718761","error":""},"_links":{"self":[{"href":"https:\/\/www.europesays.com\/fr\/wp-json\/wp\/v2\/posts\/696710","targetHints":{"allow":["GET"]}}],"collection":[{"href":"https:\/\/www.europesays.com\/fr\/wp-json\/wp\/v2\/posts"}],"about":[{"href":"https:\/\/www.europesays.com\/fr\/wp-json\/wp\/v2\/types\/post"}],"author":[{"embeddable":true,"href":"https:\/\/www.europesays.com\/fr\/wp-json\/wp\/v2\/users\/2"}],"replies":[{"embeddable":true,"href":"https:\/\/www.europesays.com\/fr\/wp-json\/wp\/v2\/comments?post=696710"}],"version-history":[{"count":0,"href":"https:\/\/www.europesays.com\/fr\/wp-json\/wp\/v2\/posts\/696710\/revisions"}],"wp:featuredmedia":[{"embeddable":true,"href":"https:\/\/www.europesays.com\/fr\/wp-json\/wp\/v2\/media\/696711"}],"wp:attachment":[{"href":"https:\/\/www.europesays.com\/fr\/wp-json\/wp\/v2\/media?parent=696710"}],"wp:term":[{"taxonomy":"category","embeddable":true,"href":"https:\/\/www.europesays.com\/fr\/wp-json\/wp\/v2\/categories?post=696710"},{"taxonomy":"post_tag","embeddable":true,"href":"https:\/\/www.europesays.com\/fr\/wp-json\/wp\/v2\/tags?post=696710"}],"curies":[{"name":"wp","href":"https:\/\/api.w.org\/{rel}","templated":true}]}}