{"id":696720,"date":"2026-01-29T06:30:11","date_gmt":"2026-01-29T06:30:11","guid":{"rendered":"https:\/\/www.europesays.com\/fr\/696720\/"},"modified":"2026-01-29T06:30:11","modified_gmt":"2026-01-29T06:30:11","slug":"louis-hardouin-il-ne-va-pas-falloir-tarder-si-je-veux-faire-une-petite-carriere-actualite","status":"publish","type":"post","link":"https:\/\/www.europesays.com\/fr\/696720\/","title":{"rendered":"Louis Hardouin\u00a0: \u00ab\u00a0Il ne va pas falloir tarder si je veux faire une petite carri\u00e8re\u00a0\u00bb &#8211; Actualit\u00e9"},"content":{"rendered":"<p style=\"text-align: justify;\"><strong><a style=\"color: #e67e23; text-decoration: underline;\" href=\"https:\/\/www.directvelo.com\/challenge\/coureur\/2025\/10\" target=\"_blank\" rel=\"noopener\">Il est le vainqueur sortant du Challenge DirectVelo<\/a><\/strong> et 2026 s\u2019annonce comme le saut dans le grand bain pour\u00a0<strong><a style=\"color: #e67e23;\" href=\"https:\/\/www.directvelo.com\/coureur\/33707\/louis-hardouin\" target=\"_blank\" rel=\"noopener\">Louis Hardouin<\/a><\/strong>. L\u2019ancien soci\u00e9taire du Guidon Chalettois, maintenant membre de la Conti <strong><a style=\"color: #e67e23; text-decoration: underline;\" href=\"https:\/\/www.directvelo.com\/equipe\/162\/van-rysel-roubaix\" target=\"_blank\" rel=\"noopener\">Van Rysel-Roubaix<\/a><\/strong>, doit encore apprendre mais reste tout de m\u00eame ambitieux pour sa premi\u00e8re saison professionnelle. Le temps presse pour l&rsquo;athl\u00e8te de 25 ans, qui ne compte pas faire de la figuration pour cette ann\u00e9e de d\u00e9couverte.<\/p>\n<p style=\"text-align: justify;\"><strong>\u00ab C\u2019\u00c9TAIT SOIT JE PASSE, SOIT JE M\u2019ARR\u00caTE \u00bb<\/strong><\/p>\n<p>Louis Hardouin a pr\u00e9par\u00e9 sa premi\u00e8re saison professionnelle de la m\u00eame mani\u00e8re que les pr\u00e9c\u00e9dentes, en variant les sports. Au programme : musculation, cyclo-cross et course \u00e0 pied. Son retour sur route a \u00e9t\u00e9 pr\u00e9par\u00e9 sur les m\u00eames bases que par le pass\u00e9 mais avec davantage de volume. \u201cLes ann\u00e9es d\u2019avant, je reprenais au mois de d\u00e9cembre et l\u00e0 j\u2019ai repris mi-novembre le v\u00e9lo de route\u201d, confie-t-il \u00e0 DirectVelo. \u201cJ\u2019ai fait tr\u00e8s attention car j\u2019ai vite des tendinites, donc j\u2019ai repris le v\u00e9lo de route de l\u2019\u00e9quipe directement \u00e0 ma reprise. J\u2019ai eu un petit temps d\u2019adaptation mais je n\u2019ai pas eu de blessures, tout s\u2019est bien pass\u00e9\u201d. Est venu ensuite un premier gros bloc d\u2019entrainement en Espagne avant une coupure pour les f\u00eates. Apr\u00e8s la pr\u00e9sentation de son \u00e9quipe, il s\u2019est rendu au soleil pour un stage d&rsquo;entrainement, autour de Calpe, pour travailler ses intensit\u00e9s.<\/p>\n<p>Passer professionnel n\u2019\u00e9tait pas un objectif lorsqu&rsquo;il a commenc\u00e9 le cyclisme. Il s&rsquo;agissait alors d&rsquo;une simple passion. En finissant 4e du Challenge DirectVelo 2024 avec de belles courses accroch\u00e9es \u00e0 son tableau de chasse, il s\u2019est finalement dit qu\u2019il y avait peut-\u00eatre quelque chose \u00e0 faire. La suite, c&rsquo;est une ann\u00e9e 2025 exceptionnelle.\u00a0\u201cC\u2019\u00e9tait vraiment l\u2019ann\u00e9e charni\u00e8re, \u00e0 25 ans c\u2019\u00e9tait soit je passe soit j\u2019arr\u00eate. C\u2019est un monde assez pr\u00e9caire, surtout en amateur. Je ne pouvais pas faire \u00e7a pendant encore des ann\u00e9es\u201d. L&rsquo;objectif a donc \u00e9t\u00e9 pleinement atteint l&rsquo;an pass\u00e9.\u00a0\u201cMaintenant je repars \u00e0 z\u00e9ro, \u00e7a va \u00eatre le m\u00eame sport mais dans un autre monde\u201d.<\/p>\n<p><strong>\u00ab ON SE CONNECTE ET ON REGARDE L&rsquo;ACTUALISATION DES POINTS \u00bb<\/strong><\/p>\n<p>Signer ce contrat de deux ans n\u2019est pas une fin en soi pour Louis Hardouin, qui souhaite faire briller son \u00e9quipe et mettre la balle au fond d\u00e8s qu\u2019il en aura l\u2019opportunit\u00e9. M\u00eame s\u2019il va maintenant courir avec le gratin du cyclisme mondial, il ne fait pas de complexe d&rsquo;inf\u00e9riorit\u00e9.\u00a0\u201cQuand on commence \u00e0 gagner, c\u2019est comme une drogue\u201d. Mais il va avant tout \u00eatre question d\u2019apprendre en ce d\u00e9but de saison. \u201cJe n\u2019ai pas \u00e9t\u00e9 stagiaire, je ne connais pas le monde professionnel, j\u2019ai h\u00e2te de d\u00e9couvrir et de voir o\u00f9 je me situe\u201d.<\/p>\n<p>Quand il regarde dans le r\u00e9troviseur, Louis Hardouin a coch\u00e9 les cases qu&rsquo;il souhaitait l&rsquo;an pass\u00e9. \u201cPour cette ann\u00e9e j\u2019avais mes dix victoires en t\u00eate. Je voulais aussi gagner le Challenge DirectVelo et \u00eatre le premier amateur fran\u00e7ais parce que \u00e7a ouvre des portes. C\u2019\u00e9tait un beau challenge quotidiennement. Tous les lundis, on se connecte et on regarde l\u2019actualisation des points, c\u2019est une source de motivation\u201d, sourit-il en \u00e9voquant le classement de r\u00e9gularit\u00e9.\u00a0<\/p>\n<p><strong>\u00ab MON TEMPS EST COMPT\u00c9 \u00bb<\/strong><\/p>\n<p>En passant pro sur le tard, Louis Hardouin sait que son \u201c temps est compt\u00e9. Je n&rsquo;en ai pas \u00e0 perdre. Je passe en mode d\u00e9couverte en d\u00e9but de saison mais je sais qu\u2019il ne va pas falloir tarder si je veux faire une petite carri\u00e8re\u201d. En se confortant \u00e0 l&rsquo;id\u00e9e qu&rsquo;il a toujours progress\u00e9 d&rsquo;ann\u00e9e en ann\u00e9e jusqu&rsquo;\u00e0 pr\u00e9sent et qu&rsquo;il n&rsquo;y a pas de raison pour que cela ne se confirme pas une nouvelle fois en 2026.\u00a0\u201cIl faut continuer et croire en ses r\u00eaves\u201d.<\/p>\n<p>Louis Hardouin aura un calendrier assez diversifi\u00e9 en d\u00e9but de saison, ce qui va lui permettre de se d\u00e9couvrir. \u201cJe ne me connais pas trop, je dis souvent que je suis bon partout et mauvais partout\u201d. Malgr\u00e9 sa belle pointe de vitesse, il ne se consid\u00e8re pas comme sprinteur pour autant et pr\u00e9f\u00e8re les sprints en petit comit\u00e9, \u201capr\u00e8s s\u2019\u00eatre fait la guerre\u201d. Louis Hardouin devrait reprendre le 1er f\u00e9vrier au Grand Prix de Marseille-La Marseillaise, avant d\u2019encha\u00eener sur l\u2019\u00c9toile de Bess\u00e8ges, la Classic Var, le Tour des Alpes Maritimes, les Boucles Dr\u00f4me-Ard\u00e8che et le Tour des 100 Communes. Viendra ensuite une p\u00e9riode creuse au mois de mars avant de viser le Tour de Bretagne fin avril.\u00a0\u201cOn a fait un calendrier par rapport \u00e0 mon profil un peu puncheur pour l\u2019instant\u201d.<\/p>\n<p><strong>Le programme de Louis Hardouin en d\u00e9but de saison :<\/strong><br \/>01\/02 : Grand Prix de Marseille-La Marseillaise<br \/>04\/02 &#8211; 08\/02 : Etoile de Bess\u00e8ges-Tour du Gard\u00a0<br \/>21\/02 : Classic Var\u00a0<br \/>22\/02 : Tour des Alpes-Maritimes <br \/>28\/02 : Faun-Ard\u00e8che Classic <br \/>01\/03 : Faun Dr\u00f4me Classic<br \/>07\/03 : Tour des 100 Communes\u00a0<\/p>\n<p style=\"text-align: justify;\">\u00a0<\/p>\n","protected":false},"excerpt":{"rendered":"Il est le vainqueur sortant du Challenge DirectVelo et 2026 s\u2019annonce comme le saut dans le grand bain&hellip;\n","protected":false},"author":2,"featured_media":696721,"comment_status":"","ping_status":"","sticky":false,"template":"","format":"standard","meta":{"footnotes":""},"categories":[1411],"tags":[834,828,836,829,837,827,83,826,824,823,1154,207,814,817,815,816,822,821,832,211,839,1011,27,820,818,819,835,831,830,833,838,60,212,208,825],"class_list":{"0":"post-696720","1":"post","2":"type-post","3":"status-publish","4":"format-standard","5":"has-post-thumbnail","7":"category-cyclisme","8":"tag-attaque","9":"tag-belgique","10":"tag-braquet","11":"tag-bretagne","12":"tag-chute","13":"tag-competition","14":"tag-coupe-de-france","15":"tag-coureur","16":"tag-course-cyclisme","17":"tag-course-cycliste","18":"tag-cycling","19":"tag-cyclisme","20":"tag-direct","21":"tag-direct-velo","22":"tag-directvelo","23":"tag-directvelo-com","24":"tag-epreuve","25":"tag-epreuve-cycliste","26":"tag-federation-francaise-de-cyclisme","27":"tag-ffc","28":"tag-flandres","29":"tag-fr","30":"tag-france","31":"tag-live","32":"tag-live-course","33":"tag-live-epreuve","34":"tag-peloton","35":"tag-radio-peloton","36":"tag-radio-tour","37":"tag-ravitaillement","38":"tag-relance","39":"tag-sports","40":"tag-uci","41":"tag-velo","42":"tag-velos"},"share_on_mastodon":{"url":"","error":"Validation failed: Text character limit of 500 exceeded"},"_links":{"self":[{"href":"https:\/\/www.europesays.com\/fr\/wp-json\/wp\/v2\/posts\/696720","targetHints":{"allow":["GET"]}}],"collection":[{"href":"https:\/\/www.europesays.com\/fr\/wp-json\/wp\/v2\/posts"}],"about":[{"href":"https:\/\/www.europesays.com\/fr\/wp-json\/wp\/v2\/types\/post"}],"author":[{"embeddable":true,"href":"https:\/\/www.europesays.com\/fr\/wp-json\/wp\/v2\/users\/2"}],"replies":[{"embeddable":true,"href":"https:\/\/www.europesays.com\/fr\/wp-json\/wp\/v2\/comments?post=696720"}],"version-history":[{"count":0,"href":"https:\/\/www.europesays.com\/fr\/wp-json\/wp\/v2\/posts\/696720\/revisions"}],"wp:featuredmedia":[{"embeddable":true,"href":"https:\/\/www.europesays.com\/fr\/wp-json\/wp\/v2\/media\/696721"}],"wp:attachment":[{"href":"https:\/\/www.europesays.com\/fr\/wp-json\/wp\/v2\/media?parent=696720"}],"wp:term":[{"taxonomy":"category","embeddable":true,"href":"https:\/\/www.europesays.com\/fr\/wp-json\/wp\/v2\/categories?post=696720"},{"taxonomy":"post_tag","embeddable":true,"href":"https:\/\/www.europesays.com\/fr\/wp-json\/wp\/v2\/tags?post=696720"}],"curies":[{"name":"wp","href":"https:\/\/api.w.org\/{rel}","templated":true}]}}