{"id":696724,"date":"2026-01-29T06:32:11","date_gmt":"2026-01-29T06:32:11","guid":{"rendered":"https:\/\/www.europesays.com\/fr\/696724\/"},"modified":"2026-01-29T06:32:11","modified_gmt":"2026-01-29T06:32:11","slug":"michel-sardou-annonce-mort-en-plein-d","status":"publish","type":"post","link":"https:\/\/www.europesays.com\/fr\/696724\/","title":{"rendered":"Michel Sardou annonc\u00e9 mort en plein d &#8230;"},"content":{"rendered":"<p>EN BREF<\/p>\n<ul class=\"bloc_resume_post_list\">\n<li>Le 26 janvier 2026, RMC Story a commis une erreur en<br \/>\nannon\u00e7ant par erreur la mort de Michel Sardou lors de son<br \/>\nanniversaire.<\/li>\n<li>Un bandeau erron\u00e9 a \u00e9t\u00e9 diffus\u00e9 \u00e0 l\u00a0\u00bb\u00e9cran, laissant<br \/>\ncroire au d\u00e9c\u00e8s du chanteur, avant d&rsquo;\u00eatre rapidement<br \/>\ncorrig\u00e9.<\/li>\n<li>L&rsquo;incident a provoqu\u00e9 une vague de r\u00e9actions sur les<br \/>\nr\u00e9seaux sociaux, entre indignation et amusement.<\/li>\n<\/ul>\n<p>Pagaille chez RMC Story. Ce lundi 26 janvier 2026, la chaine a<br \/>\nvoulu souhaiter un bel anniversaire \u00e0 Michel Sardou. Mais au d\u00e9but<br \/>\nde la chronique, la chaine a affich\u00e9 par erreur un bandeau qui<br \/>\nannon\u00e7ait que le chanteur aurait rendu son dernier souffle.<\/p>\n<p>Par la suite, plusieurs comptes et plateformes ont relay\u00e9<br \/>\nl\u2019information, pourtant totalement fausse. Des internautes ont<br \/>\nalors d\u00e9nonc\u00e9 cette <strong>fake news<\/strong>.<\/p>\n<p>Michel Sardou f\u00eate son anniversaire\u2026 et RMC fait une grosse<br \/>\nbourde<\/p>\n<p>Dans l\u2019\u00e9mission <a href=\"https:\/\/www.telestar.fr\/people\/moment-de-flottement-en-plateau-alain-marschall-les-grandes-gueules-devoile-son-salaire-a-5-chiffres-1743646\" target=\"_blank\" rel=\"noopener\"><br \/>\nLes Grandes Gueules<\/a> du 26 janvier dernier, l\u2019\u00e9quipe a<br \/>\nconsacr\u00e9 un hommage \u00e0 <a href=\"https:\/\/www.closermag.fr\/people\/pas-sur-la-meme-planete-michel-sardou-reclus-avec-sa-femme-a-bormes-les-mimosas-ce-privilege-accorde-a-une-connaissance-3614565\" target=\"_blank\" rel=\"noopener\"><br \/>\nMichel Sardou<\/a>, \u00e0 l\u2019occasion de son 79\u00e8me<br \/>\nanniversaire. Alors que les journalistes et chroniqueurs<br \/>\nrappelaient \u00e0 quel point le chanteur \u00e9tait une figure embl\u00e9matique<br \/>\nde la musique fran\u00e7aise, un bandeau s\u2019est affich\u00e9 et a cr\u00e9\u00e9 une<br \/>\nconfusion totale.<\/p>\n<p>\u00ab\u00a0<strong>Sardou aurait eu 79 ans<\/strong>\u00ab\u00a0, \u00e9tait-il<br \/>\n\u00e9crit en bas de l\u2019\u00e9cran, sur RMC Story. L\u2019emploi du conditionnel<br \/>\nlaissait alors entendre que l\u2019artiste \u00e9tait d\u00e9c\u00e9d\u00e9. Quelques<br \/>\nsecondes plus tard, la cha\u00eene a rectifi\u00e9 son erreur en rempla\u00e7ant<br \/>\nle texte par : \u00ab\u00a0<strong>C\u2019est l\u2019anniversaire de Sardou : 79 ans<br \/>\n!<\/strong>\u00ab\u00a0. Mais la bourde n\u2019a pas \u00e9chapp\u00e9 aux<br \/>\nt\u00e9l\u00e9spectateurs et certains ont aussit\u00f4t r\u00e9agi sur les r\u00e9seaux<br \/>\nsociaux.<\/p>\n<blockquote class=\"twitter-tweet\"><p><a class=\"twitter-link\" rel=\"noindex, nofollow noopener\" href=\"https:\/\/twitter.com\/Yajoribe1984\/status\/2015710698311966833\" target=\"_blank\"><\/p><\/blockquote>\n<p>Michel Sardou annonc\u00e9 mort par<br \/>\nerreur\u00a0: les internautes sid\u00e9r\u00e9s<\/p>\n<p>Plusieurs publications ont repris l\u2019information et ont partag\u00e9<br \/>\nla capture d\u2019\u00e9cran sur diff\u00e9rentes plateformes. Certains<br \/>\ninternautes n\u2019ont pas cach\u00e9 leur col\u00e8re, pendant que d\u2019autres se<br \/>\nsont amus\u00e9s de cette erreur. \u00ab\u00a0<strong>Non, les GG sur RMC,<br \/>\ndites \u00e0 votre stagiaire que Michel Sardou n\u2019est pas<br \/>\nmort<\/strong>\u00a0\u00bb pouvait-on notamment lire sur X.<\/p>\n<p>Finalement, que les fans de Michel Sardou se rassurent, aucune<br \/>\nannonce officielle de d\u00e9c\u00e8s n\u2019a \u00e9t\u00e9 faite. De quoi confirmer qu\u2019il<br \/>\ns\u2019agissait d\u2019une erreur de bandeau \u00e0 l\u2019\u00e9cran. Le chanteur a donc<br \/>\nbel et bien c\u00e9l\u00e9br\u00e9 ses 79 ans ce 26 janvier 2026 ! Le <a href=\"https:\/\/www.telestar.fr\/actu_tv\/quand-vous-cyril-hanouna-en-roue-libre-face-a-cynthia-la-fille-de-michel-sardou-1728449\" target=\"_blank\" rel=\"noopener\"><br \/>\nchanteur<\/a> a rencontr\u00e9 un grand succ\u00e8s avec des titres<br \/>\ncomme\u00a0<strong style=\"--tw-scale-x: 1;--tw-scale-y: 1;--tw-scroll-snap-strictness: proximity;--tw-ring-offset-width: 0px;--tw-ring-offset-color: #fff;--tw-ring-color: #3b82f680;--tw-ring-offset-shadow: 0 0 #0000;--tw-ring-shadow: 0 0 #0000;--tw-shadow: 0 0 #0000;--tw-shadow-colored: 0 0 #0000\">La<br \/>\nMaladie d\u2019amour<\/strong> ou <strong>Les Lacs du<br \/>\nConnemara<\/strong>. Il compte pas moins de <strong>vingt-six<br \/>\nalbums studios<\/strong> et de vingt-et-un albums live. Au cours de<br \/>\ncarri\u00e8re, il a compos\u00e9 et interpr\u00e9t\u00e9 <strong>plus de 350 chansons<br \/>\net<\/strong> re\u00e7u cinq Victoires de la musique.<\/p>\n<p><script async src=\"https:\/\/platform.twitter.com\/widgets.js\" charset=\"utf-8\"><\/script><\/p>\n","protected":false},"excerpt":{"rendered":"EN BREF Le 26 janvier 2026, RMC Story a commis une erreur en annon\u00e7ant par erreur la mort&hellip;\n","protected":false},"author":2,"featured_media":696725,"comment_status":"","ping_status":"","sticky":false,"template":"","format":"standard","meta":{"footnotes":""},"categories":[1359],"tags":[548,58,59,1011,27,973,65861],"class_list":{"0":"post-696724","1":"post","2":"type-post","3":"status-publish","4":"format-standard","5":"has-post-thumbnail","7":"category-people","8":"tag-article-simple","9":"tag-divertissement","10":"tag-entertainment","11":"tag-fr","12":"tag-france","13":"tag-people","14":"tag-trend"},"share_on_mastodon":{"url":"https:\/\/pubeurope.com\/@fr\/115976991020893913","error":""},"_links":{"self":[{"href":"https:\/\/www.europesays.com\/fr\/wp-json\/wp\/v2\/posts\/696724","targetHints":{"allow":["GET"]}}],"collection":[{"href":"https:\/\/www.europesays.com\/fr\/wp-json\/wp\/v2\/posts"}],"about":[{"href":"https:\/\/www.europesays.com\/fr\/wp-json\/wp\/v2\/types\/post"}],"author":[{"embeddable":true,"href":"https:\/\/www.europesays.com\/fr\/wp-json\/wp\/v2\/users\/2"}],"replies":[{"embeddable":true,"href":"https:\/\/www.europesays.com\/fr\/wp-json\/wp\/v2\/comments?post=696724"}],"version-history":[{"count":0,"href":"https:\/\/www.europesays.com\/fr\/wp-json\/wp\/v2\/posts\/696724\/revisions"}],"wp:featuredmedia":[{"embeddable":true,"href":"https:\/\/www.europesays.com\/fr\/wp-json\/wp\/v2\/media\/696725"}],"wp:attachment":[{"href":"https:\/\/www.europesays.com\/fr\/wp-json\/wp\/v2\/media?parent=696724"}],"wp:term":[{"taxonomy":"category","embeddable":true,"href":"https:\/\/www.europesays.com\/fr\/wp-json\/wp\/v2\/categories?post=696724"},{"taxonomy":"post_tag","embeddable":true,"href":"https:\/\/www.europesays.com\/fr\/wp-json\/wp\/v2\/tags?post=696724"}],"curies":[{"name":"wp","href":"https:\/\/api.w.org\/{rel}","templated":true}]}}