{"id":696726,"date":"2026-01-29T06:35:10","date_gmt":"2026-01-29T06:35:10","guid":{"rendered":"https:\/\/www.europesays.com\/fr\/696726\/"},"modified":"2026-01-29T06:35:10","modified_gmt":"2026-01-29T06:35:10","slug":"anne-elisabeth-lemoine-bloque-en-pleine-emission-matt","status":"publish","type":"post","link":"https:\/\/www.europesays.com\/fr\/696726\/","title":{"rendered":"Anne-Elisabeth Lemoine bloque en pleine \u00e9mission, Matt &#8230;"},"content":{"rendered":"<p>EN BREF<\/p>\n<ul class=\"bloc_resume_post_list\">\n<li>Le 28 janvier, Anne-\u00c9lisabeth Lemoine, lors de l\u00a0\u00bb\u00e9mission<br \/>\nC \u00e0 vous, a commis une bourde en direct avec Matthieu Lartot et<br \/>\nLaurent Luyat.<\/li>\n<li>Une confusion sur le d\u00e9part des chroniqueurs vers<br \/>\nl&rsquo;Italie a provoqu\u00e9 des rires et une mise au point imm\u00e9diate de<br \/>\nLaurent Luyat.<\/li>\n<li>L&rsquo;\u00e9change a pris une tournure comique, soulignant<br \/>\nl&rsquo;impr\u00e9visibilit\u00e9 du direct et l&rsquo;autod\u00e9rision des<br \/>\ninvit\u00e9s.<\/li>\n<\/ul>\n<p>En direct sur C \u00e0 vous ce mercredi 28 janvier, <a href=\"https:\/\/www.telestar.fr\/actu_tv\/elle-est-morte-anne-elisabeth-lemoine-sa-bourde-sans-nom-face-a-mika-endeuille-1751792\" target=\"_blank\" rel=\"noopener\"><br \/>\nAnne-\u00c9lisabeth Lemoine, habitu\u00e9e des bourdes<\/a>, a v\u00e9cu un moment<br \/>\nde flottement qui n\u2019a \u00e9chapp\u00e9 ni aux t\u00e9l\u00e9spectateurs, ni \u00e0 ses<br \/>\ninvit\u00e9s. Alors que l\u2019\u00e9mission recevait deux figures incontournables<br \/>\nde France T\u00e9l\u00e9visions, Matthieu Lartot et Laurent Luyat, la<br \/>\ndiscussion autour des Jeux Olympiques d\u2019hiver a rapidement pris une<br \/>\n<strong>tournure inattendue.<\/strong><\/p>\n<p><strong>Fiches approximatives, dates qui se m\u00e9langent et invit\u00e9s<br \/>\ntaquins<\/strong>, la pr\u00e9sentatrice s\u2019est retrouv\u00e9e pi\u00e9g\u00e9e par une<br \/>\ninformation erron\u00e9e sur le d\u00e9part imminent de ses chroniqueurs vers<br \/>\nl\u2019Italie. Une s\u00e9quence aussi dr\u00f4le que r\u00e9v\u00e9latrice du rythme<br \/>\nparfois impr\u00e9visible du direct.<\/p>\n<p>Une confusion en direct d\u2019Anne-Elisabeth Lemoine qui amuse le<br \/>\nplateau de C \u00e0 vous<\/p>\n<p>Tout commence lorsque la pr\u00e9sentatrice lance, s\u00fbre d\u2019elle :<br \/>\n\u2018\u2018Alors que vos valises sont pr\u00eates, <strong>vous partez demain<br \/>\npour l\u2019Italie<\/strong>.\u2019\u2019 Une affirmation imm\u00e9diatement<br \/>\ncorrig\u00e9e par <a href=\"https:\/\/www.closermag.fr\/people\/laurent-luyat-frappe-de-plein-fouet-par-une-annonce-choc-au-fond-du-precipice-3610507\" target=\"_blank\" rel=\"noopener\"><br \/>\nLaurent Luyat, frapp\u00e9 par l\u2019annonce<\/a>. \u2018\u2018Demain ? Non,<br \/>\nmardi.\u2019\u2019 D\u00e9stabilis\u00e9e, Anne-\u00c9lisabeth Lemoine tente de<br \/>\ncomprendre. \u2018\u2018<strong>On m\u2019a menti alors. On m\u2019a dit \u2018Tu dois<br \/>\nles recevoir ce soir, parce que jeudi ils sont<br \/>\npartis\u2019<\/strong>.\u2019\u2019<\/p>\n<p>La mise au point est sans appel. \u2018\u2018<strong>C\u2019est dans neuf<br \/>\njours. On a un peu le temps quand m\u00eame<\/strong>.\u2019\u2019 pr\u00e9cise<br \/>\nLaurent Luyat, tandis que Matthieu Lartot d\u00e9taille un calendrier<br \/>\nplus complexe li\u00e9 notamment au match France-Irlande au Stade de<br \/>\nFrance. Patrick Cohen, amus\u00e9, enfonce gentiment le clou.<br \/>\n\u2018\u2018<strong>Regardez vos fiches<\/strong>.\u2019\u2019 Une remarque qui<br \/>\nfait sourire tout le plateau de C \u00e0 vous.<\/p>\n<p>Matthieu Lartot et Laurent Luyat en<br \/>\nprofitent pour la taquiner<\/p>\n<p>La suite de l\u2019\u00e9change vire \u00e0 la com\u00e9die. Laurent Luyat joue le<br \/>\njeu et ironise sur une question sur l\u2019ambiance : \u2018\u2018Oui, on<br \/>\nverra jeudi soir. Donc on part demain.\u2019\u2019 Anne-\u00c9lisabeth<br \/>\nLemoine tente de reprendre la main. Trop tard,<br \/>\n<strong>l\u2019emballement est d\u00e9j\u00e0 l\u00e0.<\/strong> Les discussions<br \/>\ns\u2019encha\u00eenent sur la c\u00e9r\u00e9monie d\u2019ouverture des Jeux et les rares<br \/>\ninformations disponibles.<\/p>\n<p>Quand la question des pol\u00e9miques autour du bilan \u00e9cologique des<br \/>\nJeux est abord\u00e9e, <a href=\"https:\/\/www.telestar.fr\/people\/exclu-matthieu-lartot-que-je-ferais-mieux-de-me-couper-la-jambe-ces-mots-choc-dun-journaliste-a-ses-debuts-1669368\" target=\"_blank\" rel=\"noopener\"><br \/>\nMatthieu Lartot, qui a eu des propos chocs<\/a>, ne manque pas de<br \/>\nglisser une pique. \u2018\u2018Laurent le saura demain en rejoignant<br \/>\nMilan.\u2019\u2019, provoquant les <strong>rires<\/strong> du plateau et<br \/>\nd\u2019Anne-Elisabeth Lemoine. M\u00eame en fin d\u2019\u00e9mission, la <strong>bourde<br \/>\nreste dans les esprits<\/strong>. \u2018\u2018Vous pouvez nous suivre en<br \/>\ndirect d\u00e8s demain.\u2019\u2019 lance encore Matthieu Lartot. Tout le<br \/>\nmonde rit \u00e0 nouveau, y compris la principale int\u00e9ress\u00e9e. Un moment<br \/>\nde t\u00e9l\u00e9vision spontan\u00e9 o\u00f9 l\u2019autod\u00e9rision et la complicit\u00e9 ont pris<br \/>\nle dessus et rappelant que m\u00eame les \u00e9missions les mieux huil\u00e9es<br \/>\npeuvent r\u00e9server de savoureux impr\u00e9vus.<\/p>\n","protected":false},"excerpt":{"rendered":"EN BREF Le 28 janvier, Anne-\u00c9lisabeth Lemoine, lors de l\u00a0\u00bb\u00e9mission C \u00e0 vous, a commis une bourde en&hellip;\n","protected":false},"author":2,"featured_media":696727,"comment_status":"","ping_status":"","sticky":false,"template":"","format":"standard","meta":{"footnotes":""},"categories":[1356],"tags":[548,5632,58,59,1011,27,252,65861,1364],"class_list":{"0":"post-696726","1":"post","2":"type-post","3":"status-publish","4":"format-standard","5":"has-post-thumbnail","7":"category-television","8":"tag-article-simple","9":"tag-c-a-vous","10":"tag-divertissement","11":"tag-entertainment","12":"tag-fr","13":"tag-france","14":"tag-television","15":"tag-trend","16":"tag-tv"},"share_on_mastodon":{"url":"https:\/\/pubeurope.com\/@fr\/115977003030093147","error":""},"_links":{"self":[{"href":"https:\/\/www.europesays.com\/fr\/wp-json\/wp\/v2\/posts\/696726","targetHints":{"allow":["GET"]}}],"collection":[{"href":"https:\/\/www.europesays.com\/fr\/wp-json\/wp\/v2\/posts"}],"about":[{"href":"https:\/\/www.europesays.com\/fr\/wp-json\/wp\/v2\/types\/post"}],"author":[{"embeddable":true,"href":"https:\/\/www.europesays.com\/fr\/wp-json\/wp\/v2\/users\/2"}],"replies":[{"embeddable":true,"href":"https:\/\/www.europesays.com\/fr\/wp-json\/wp\/v2\/comments?post=696726"}],"version-history":[{"count":0,"href":"https:\/\/www.europesays.com\/fr\/wp-json\/wp\/v2\/posts\/696726\/revisions"}],"wp:featuredmedia":[{"embeddable":true,"href":"https:\/\/www.europesays.com\/fr\/wp-json\/wp\/v2\/media\/696727"}],"wp:attachment":[{"href":"https:\/\/www.europesays.com\/fr\/wp-json\/wp\/v2\/media?parent=696726"}],"wp:term":[{"taxonomy":"category","embeddable":true,"href":"https:\/\/www.europesays.com\/fr\/wp-json\/wp\/v2\/categories?post=696726"},{"taxonomy":"post_tag","embeddable":true,"href":"https:\/\/www.europesays.com\/fr\/wp-json\/wp\/v2\/tags?post=696726"}],"curies":[{"name":"wp","href":"https:\/\/api.w.org\/{rel}","templated":true}]}}