{"id":69673,"date":"2025-05-02T15:57:10","date_gmt":"2025-05-02T15:57:10","guid":{"rendered":"https:\/\/www.europesays.com\/fr\/69673\/"},"modified":"2025-05-02T15:57:10","modified_gmt":"2025-05-02T15:57:10","slug":"pres-de-30-c-a-paris-28-c-a-lille-et-caen-le-nord-de-la-france-en-surchauffe-precoce-liberation","status":"publish","type":"post","link":"https:\/\/www.europesays.com\/fr\/69673\/","title":{"rendered":"Pr\u00e8s de 30\u00a0\u00b0C \u00e0 Paris, 28\u00a0\u00b0C \u00e0 Lille et Caen\u2026 Le nord de la France en surchauffe pr\u00e9coce \u2013 Lib\u00e9ration"},"content":{"rendered":"<p class=\"sc-ksZaOG ehjQrN text-element\">Vingt\u00a0ans jour pour jour. Paris a \u00e9cras\u00e9, jeudi, son pr\u00e9c\u00e9dent record de chaleur enregistr\u00e9 un 1er\u00a0mai, avec 29,4\u00a0\u00b0C relev\u00e9s \u00e0 16 heures, contre les 28,7\u00a0\u00b0C relev\u00e9s\u2026 en\u00a02005. Jamais il n\u2019avait fait aussi chaud dans la capitale fran\u00e7aise le jour de <a href=\"https:\/\/www.liberation.fr\/economie\/social\/dans-la-manifestation-du-1er-mai-a-paris-les-actionnaires-touchent-beaucoup-dargent-sans-rien-foutre-20250501_XVBLIOEI2ZHB5NS6QTJHOKUMNQ\/\" target=\"_blank\" rel=\"noreferrer nofollow noopener\" title=\"https:\/\/www.liberation.fr\/economie\/social\/dans-la-manifestation-du-1er-mai-a-paris-les-actionnaires-touchent-beaucoup-dargent-sans-rien-foutre-20250501_XVBLIOEI2ZHB5NS6QTJHOKUMNQ\/\">la f\u00eate internationale des travailleurs<\/a> depuis le d\u00e9but des mesures en\u00a01873, selon M\u00e9t\u00e9o France. En cause\u00a0: <a href=\"https:\/\/www.liberation.fr\/environnement\/climat\/episode-de-chaleur-precoce-en-france-une-semaine-du-1er-mai-aux-allures-dete-dans-nord-du-pays-20250427_3NEUYBDEDJHHDLZHJONAFWNAL4\/\" target=\"_blank\" rel=\"noreferrer nofollow noopener\" title=\"https:\/\/www.liberation.fr\/environnement\/climat\/episode-de-chaleur-precoce-en-france-une-semaine-du-1er-mai-aux-allures-dete-dans-nord-du-pays-20250427_3NEUYBDEDJHHDLZHJONAFWNAL4\/\">\u00abl\u2019\u00e9pisode de chaleur pr\u00e9coce\u00bb<\/a> qui touche l\u2018ensemble de l\u2019Hexagone cette semaine, avec des temp\u00e9ratures dignes d\u2019une fin mai ou d\u2019un d\u00e9but juin \u2013 qui se poursuivent ce vendredi 2\u00a0mai.<\/p>\n<p class=\"sc-ksZaOG ehjQrN text-element\">Cet \u00e9v\u00e9nement est \u00abcomparable\u00bb \u00e0 celui de\u00a02005 d\u2019apr\u00e8s <a href=\"https:\/\/www.liberation.fr\/environnement\/climat\/pourquoi-meteo-france-senfonce-dans-le-brouillard-20240318_TM53CDBOQFCUXNAST2LPWPQRYI\/\" target=\"_blank\" rel=\"noreferrer nofollow noopener\" title=\"https:\/\/www.liberation.fr\/environnement\/climat\/pourquoi-meteo-france-senfonce-dans-le-brouillard-20240318_TM53CDBOQFCUXNAST2LPWPQRYI\/\">l\u2019organisme m\u00e9t\u00e9orologique<\/a>, durant lequel temp\u00e9ratures avaient m\u00eame d\u00e9pass\u00e9 les 31\u00a0\u00b0C \u00e0 Dax, dans le Sud-Ouest.<\/p>\n<p class=\"sc-ksZaOG ehjQrN text-element\">Mais cette ann\u00e9e, la chaleur se concentrer dans le nord de la France. Paris et sa banlieue \u00e9taient jeudi la r\u00e9gion la plus chaude de France m\u00e9tropolitaine \u2013 davantage que sur la C\u00f4te d\u2019Azur ou en Corse. Il a fait 30,3\u00a0\u00b0C \u00e0 Suresnes (Hauts-de-Seine), ainsi que 30,2\u00a0\u00b0C \u00e0 Ach\u00e8res (Yvelines) et \u00e0 Neuilly-sur-Marne (Seine-Saint-Denis), fait remarquer aupr\u00e8s de Lib\u00e9ration Christine Berne, climatologue \u00e0 M\u00e9t\u00e9o France.<\/p>\n<p class=\"sc-ksZaOG ehjQrN text-element\">Plus exceptionnelle encore, c\u2019est la douceur en Normandie et dans les Hauts-de-France qui frappe la scientifique\u00a0: \u00abLes relev\u00e9s sont moindres, certes, mais davantage in\u00e9dits. Caen a atteint 28,2\u00a0\u00b0C, un record. Le plus proche avait \u00e9t\u00e9 mesur\u00e9 en avril\u00a02018, avec 26,6\u00a0\u00b0C. A Lille aussi, avec 28,5\u00a0\u00b0C, semblable au relev\u00e9 du 1er\u00a0mai 2005\u00bb. Le sud de la France, lui, a plus ou moins plafonn\u00e9 autour des 25\u00a0\u00b0C.<\/p>\n<p class=\"sc-ksZaOG ehjQrN text-element\">L\u2019impression d\u2019une France \u00e0 l\u2019envers est un ph\u00e9nom\u00e8ne r\u00e9current au printemps, o\u00f9 des masses d\u2019air plus douces s\u2019\u00e9tablissent dans le nord du pays plut\u00f4t qu\u2019au sud. <a href=\"https:\/\/meteofrance.com\/actualites-et-dossiers-0\/pourquoi-au-printemps-fait-il-parfois-plus-chaud-au-nord-quau-sud\" target=\"_blank\" rel=\"noreferrer nofollow noopener\" title=\"https:\/\/meteofrance.com\/actualites-et-dossiers-0\/pourquoi-au-printemps-fait-il-parfois-plus-chaud-au-nord-quau-sud\">Comme l\u2019explique M\u00e9t\u00e9o France<\/a>, \u00abdes poches d\u2019air froid issues des r\u00e9gions polaires profitent de l\u2019affaiblissement du jet-stream pour trouver un chemin plus ais\u00e9 vers le sud\u00bb, que ce soit sur la p\u00e9ninsule Ib\u00e9rique ou le sud de la France, provoquant alors un temps plus frais, nuageux et instable, et laissant le soleil pour le Nord.<\/p>\n<p class=\"sc-ksZaOG ehjQrN text-element\">De ce fait, Paris a \u00e9galement \u00e9t\u00e9, jeudi, la capitale la plus chaude d\u2019Europe, avec une inversion des temp\u00e9ratures marqu\u00e9e aussi sur le continent (un nord plus chaud que le sud). Les maximales en Espagne \u00e9taient de 27\u00a0\u00b0C, celles en Allemagne de 28\u00a0\u00b0C et en Italie de 29\u00a0\u00b0C.<\/p>\n<p class=\"sc-ksZaOG ehjQrN text-element\">Le mercure a m\u00eame grimp\u00e9 jusqu\u2019\u00e0 29,3\u00a0\u00b0C \u00e0 Londres, un record absolu au Royaume-Uni pour un 1er\u00a0mai, le pr\u00e9c\u00e9dent (27,4\u00a0\u00b0C) datant de\u00a01990 et mesur\u00e9 en Ecosse.<\/p>\n<p class=\"sc-ksZaOG ehjQrN text-element\">\u00abDans mes souvenirs d\u2019enfance, atteindre les 30\u00a0\u00b0C en juin relevait d\u00e9j\u00e0 de l\u2019exceptionnel. En\u00a02025, ce seuil est franchi d\u00e8s le 1er\u00a0mai en r\u00e9gion parisienne. La pr\u00e9cocit\u00e9 de ces fortes chaleurs devient de plus en plus flagrante en France\u00bb, a fait remarquer <a href=\"https:\/\/www.liberation.fr\/environnement\/agriculture\/jusqua-25-c-en-france-les-bourgeons-precoces-sont-exposes-a-tous-les-dangers-climatiques-20250404_XWPADWLMY5D2NC43M5EPYVKS6Y\/\" target=\"_blank\" rel=\"noreferrer nofollow noopener\" title=\"https:\/\/www.liberation.fr\/environnement\/agriculture\/jusqua-25-c-en-france-les-bourgeons-precoces-sont-exposes-a-tous-les-dangers-climatiques-20250404_XWPADWLMY5D2NC43M5EPYVKS6Y\/\">l\u2019agroclimatologue <\/a>Serge Zaka sur les r\u00e9seaux sociaux. Face aux commentaires climatosceptiques \u00e9voquant un \u00e9v\u00e9nement ponctuel, le scientifique \u00e9taye son ressenti par des donn\u00e9es\u00a0: \u00e0 Paris, au mois de mai, 2\u00a0% des temp\u00e9ratures maximales journali\u00e8res d\u00e9passaient les 30 degr\u00e9s entre\u00a01951 et\u00a01980. Depuis\u00a02000, c\u2019est 8\u00a0%. \u00abSoit quatre fois plus\u00bb, pointe <a href=\"https:\/\/www.liberation.fr\/portraits\/serge-zaka-eclaire-lavenir-20231106_5FSRPQSTYZHFBJQ77VBIKXWNRU\/\" target=\"_blank\" rel=\"noreferrer nofollow noopener\" title=\"https:\/\/www.liberation.fr\/portraits\/serge-zaka-eclaire-lavenir-20231106_5FSRPQSTYZHFBJQ77VBIKXWNRU\/\">Serge Zaka<\/a>. Et celui-ci rappeler qu\u2019\u00e0 l\u2019heure actuelle, \u00ab75\u00a0% des journ\u00e9es sont au-dessus des normes\u00bb.<\/p>\n<p class=\"sc-ksZaOG ehjQrN text-element\">Les donn\u00e9es de M\u00e9t\u00e9o France abondent dans ce sens. D\u2019ordinaire, le seuil des 30\u00a0\u00b0C est atteint \u00e0 Paris autour du 16\u00a0juin. Une chaleur de plus en plus pr\u00e9coce donc, marqueur du r\u00e9chauffement climatique\u00a0: en France, le climat moyen actuel est au moins 1,7\u00a0\u00b0C plus chaud qu\u2019\u00e0 la p\u00e9riode pr\u00e9industrielle. R\u00e9sultat, dans la capitale, selon les normales de saison actuelles, le premier 25\u00a0\u00b0C de l\u2019ann\u00e9e est enregistr\u00e9 autour du 19\u00a0avril. Dans les ann\u00e9es\u00a01970, il y a un demi-si\u00e8cle, c\u2019\u00e9tait le 6\u00a0mai.<\/p>\n<p class=\"sc-ksZaOG ehjQrN text-element\">Sur les 25 derni\u00e8res ann\u00e9es, un tel \u00e9pisode de chaleur pr\u00e9coce, sur la p\u00e9riode fin avril &#8211; d\u00e9but mai, ne s\u2019est produit que quatre fois. \u00abAvant\u00a02000, on a quand m\u00eame pu relever des temp\u00e9ratures plus \u00e9lev\u00e9es ponctuellement \u00e0 cette p\u00e9riode de l\u2019ann\u00e9e, mais pas sur une s\u00e9rie de quatre jours\u00bb, souligne M\u00e9t\u00e9o France.<\/p>\n<p class=\"sc-ksZaOG ehjQrN text-element\">Ces chaleurs exceptionnelles ne sont donc pas in\u00e9dites, mais plus chaudes, et plus longues, en raison du r\u00e9chauffement climatique. Pour la climatologue, il faut garder en t\u00eate le fait que le seuil des 30\u00a0\u00b0C va \u00eatre atteint de plus en plus t\u00f4t dans l\u2019ann\u00e9e. \u00abLa saison estivale s\u2019allonge petit \u00e0 petit sur le printemps et l\u2019automne\u00bb, souligne-t-elle. \u00abAujourd\u2019hui, ce ne sont plus les 30\u00a0\u00b0C qui marquent les esprits, mais les 40\u00a0\u00b0C, se d\u00e9sole Serge Zaka. Les 30\u00a0\u00b0C sont devenus la norme\u00bb.<\/p>\n<p class=\"sc-ksZaOG ehjQrN text-element\">Apr\u00e8s ces journ\u00e9es suffocantes, les temp\u00e9ratures vont baisser brutalement, d\u00e8s ce samedi, en raison d\u2019orages et d\u2019averses. A partir de dimanche, elles atteindront 20\u00a0\u00b0C maximum dans le Sud, et jusqu\u2019\u00e0 15\u00a0\u00b0C dans le Nord. \u00ab\u00c7a va \u00eatre la douche froide. Mais \u00e7a n\u2019est pas non plus extraordinaire, nuance Christine Berne. Les grands \u00e9carts de temp\u00e9ratures, on vit \u00e7a de fa\u00e7on assez r\u00e9currente, surtout en cette saison printani\u00e8re et \u00e0 l\u2019automne\u00bb.<\/p>\n","protected":false},"excerpt":{"rendered":"Vingt\u00a0ans jour pour jour. Paris a \u00e9cras\u00e9, jeudi, son pr\u00e9c\u00e9dent record de chaleur enregistr\u00e9 un 1er\u00a0mai, avec 29,4\u00a0\u00b0C&hellip;\n","protected":false},"author":2,"featured_media":69674,"comment_status":"","ping_status":"","sticky":false,"template":"","format":"standard","meta":{"footnotes":""},"categories":[2815],"tags":[1111,11,1777,674,1011,27,811,662,1307,12,5161,626,5140,25],"class_list":{"0":"post-69673","1":"post","2":"type-post","3":"status-publish","4":"format-standard","5":"has-post-thumbnail","7":"category-lille","8":"tag-actu","9":"tag-actualites","10":"tag-eu","11":"tag-europe","12":"tag-fr","13":"tag-france","14":"tag-hauts-de-france","15":"tag-ile-de-france","16":"tag-lille","17":"tag-news","18":"tag-normandie","19":"tag-paris","20":"tag-rechauffement-climatique","21":"tag-republique-francaise"},"share_on_mastodon":{"url":"https:\/\/pubeurope.com\/@fr\/114439064266001726","error":""},"_links":{"self":[{"href":"https:\/\/www.europesays.com\/fr\/wp-json\/wp\/v2\/posts\/69673","targetHints":{"allow":["GET"]}}],"collection":[{"href":"https:\/\/www.europesays.com\/fr\/wp-json\/wp\/v2\/posts"}],"about":[{"href":"https:\/\/www.europesays.com\/fr\/wp-json\/wp\/v2\/types\/post"}],"author":[{"embeddable":true,"href":"https:\/\/www.europesays.com\/fr\/wp-json\/wp\/v2\/users\/2"}],"replies":[{"embeddable":true,"href":"https:\/\/www.europesays.com\/fr\/wp-json\/wp\/v2\/comments?post=69673"}],"version-history":[{"count":0,"href":"https:\/\/www.europesays.com\/fr\/wp-json\/wp\/v2\/posts\/69673\/revisions"}],"wp:featuredmedia":[{"embeddable":true,"href":"https:\/\/www.europesays.com\/fr\/wp-json\/wp\/v2\/media\/69674"}],"wp:attachment":[{"href":"https:\/\/www.europesays.com\/fr\/wp-json\/wp\/v2\/media?parent=69673"}],"wp:term":[{"taxonomy":"category","embeddable":true,"href":"https:\/\/www.europesays.com\/fr\/wp-json\/wp\/v2\/categories?post=69673"},{"taxonomy":"post_tag","embeddable":true,"href":"https:\/\/www.europesays.com\/fr\/wp-json\/wp\/v2\/tags?post=69673"}],"curies":[{"name":"wp","href":"https:\/\/api.w.org\/{rel}","templated":true}]}}