{"id":696734,"date":"2026-01-29T06:39:11","date_gmt":"2026-01-29T06:39:11","guid":{"rendered":"https:\/\/www.europesays.com\/fr\/696734\/"},"modified":"2026-01-29T06:39:11","modified_gmt":"2026-01-29T06:39:11","slug":"mbappe-furieux-apres-la-defaite-cinglante-du-real-madrid-contre-benfica","status":"publish","type":"post","link":"https:\/\/www.europesays.com\/fr\/696734\/","title":{"rendered":"Mbapp\u00e9 furieux apr\u00e8s la d\u00e9faite cinglante du Real Madrid contre Benfica"},"content":{"rendered":"<p>La nouvelle mauvaise performance du Real Madrid mercredi soir met en col\u00e8re <a href=\"https:\/\/www.20minutes.fr\/sport\/football\/4197857-20260125-mouche-pique-mbappe-tirer-panenka-sous-yeux-pauvre-brahim-diaz\" target=\"_blank\" class=\"c-link c-link--is-underlined\" rel=\"noopener\">Kylian Mbapp\u00e9<\/a>. Et il a tenu \u00e0 le faire savoir en zone mixte apr\u00e8s la rencontre de <a href=\"https:\/\/www.20minutes.fr\/sport\/ligue_des_champions\/\" target=\"_blank\" class=\"c-link c-link--is-underlined\" rel=\"noopener\">Ligue des champions<\/a> perdue 4-2 sur la pelouse du Benfica Lisbonne.<\/p>\n<p>Mbapp\u00e9 devant Kane et Haaland<\/p>\n<p>Il faut dire que cette d\u00e9faite contraint le Real Madrid \u00e0 passer par les barrages pour tenter de se qualifier pour les huiti\u00e8mes de finale de la comp\u00e9tition. Kylian Mbapp\u00e9 peut \u00eatre d\u2019autant plus frustr\u00e9 qu\u2019il a mis un doubl\u00e9 mercredi soir. Avec 13 r\u00e9alisations, il reste d\u2019ailleurs en t\u00eate du classement des buteurs de la C1, devant Harry Kane (Bayern Munich, 8 buts) et <a href=\"https:\/\/www.20minutes.fr\/sport\/football\/premier_league\/4189368-20251203-manchester-city-chiffres-fous-haaland-flashe-100-autoroute-buteurs-premier-league\" target=\"_blank\" class=\"c-link c-link--is-underlined\" rel=\"noopener\">Erling Haaland<\/a> (Manchester City, 7 buts), respectivement deuxi\u00e8me et troisi\u00e8me.<\/p>\n<\/p>\n<p>\u00ab\u00a0Je n\u2019ai pas d\u2019explication claire. Nous ne parvenons pas \u00e0 avoir de la r\u00e9gularit\u00e9 dans notre jeu, c\u2019est un probl\u00e8me que nous devons r\u00e9soudre. On ne peut pas \u00eatre bons un jour et pas le lendemain, ce n\u2019est pas digne d\u2019une \u00e9quipe de champions. \u00c7a fait un peu mal parce qu\u2019on voulait profiter de f\u00e9vrier pour s\u2019am\u00e9liorer, mais nous m\u00e9ritons la position qui est la n\u00f4tre\u00a0\u00bb, a regrett\u00e9 Mbapp\u00e9 devant la presse. \u00ab\u00a0Nous devons \u00eatre plus r\u00e9guliers. Il nous manque un peu de tout\u00a0\u00bb, a poursuivi celui qui n\u2019avait jusque-l\u00e0 jamais parl\u00e9 en zone mixte apr\u00e8s une d\u00e9faite du Real.<\/p>\n<p>\u00ab\u00a0Je ne vais pas dire que c\u2019est seulement un probl\u00e8me d\u2019attitude ou seulement de football, je pense que c\u2019est un probl\u00e8me global. Et en Ligue des champions, chaque d\u00e9tail compte. Si tu ne viens pas avec tous les ingr\u00e9dients pour gagner un match de ce niveau, tu te prends une racl\u00e9e\u2026\u00a0\u00bb, a encha\u00een\u00e9 l\u2019attaquant fran\u00e7ais.<\/p>\n<p>Un quatri\u00e8me but synonyme de \u00ab\u00a0honte\u00a0\u00bb<\/p>\n<p>Interrog\u00e9 \u00e0 propos du quatri\u00e8me but du Benfica, inscrit par le gardien ukrainien Anatoliy Trubin \u00e0 la 98e minute, le capitaine des Bleus l\u2019a qualifi\u00e9 de \u00ab\u00a0honte\u00a0\u00bb, m\u00eame s\u2019il ne \u00ab\u00a0change rien\u00a0\u00bb pour le club madril\u00e8ne, contraint de passer par les barrages comme la saison derni\u00e8re.<\/p>\n<p><a href=\"https:\/\/www.20minutes.fr\/sport\/football\/\" target=\"_blank\" class=\"c-link c-btn c-btn--primary\" rel=\"noopener\">Notre dossier Football<\/a><\/p>\n<p>Mbapp\u00e9, buteur providentiel de la Maison Blanche avec d\u00e9sormais 36 r\u00e9alisations en 29 matchs toutes comp\u00e9titions confondues, a par ailleurs demand\u00e9 \u00e0 l\u2019exigeant public du stade Santiago Bernab\u00e9u de soutenir son \u00e9quipe dimanche dans le derby contre le Rayo Vallecano. \u00ab\u00a0C\u2019\u00e9tait un mauvais match, mais nous ne sommes pas \u00e9limin\u00e9s non plus. C\u2019est une comp\u00e9tition diff\u00e9rente, en Liga nous sommes sur une bonne dynamique. Je demande aux supporters qu\u2019ils viennent au Bernab\u00e9u pour soutenir leur \u00e9quipe. Si le Bernab\u00e9u est derri\u00e8re nous, je suis s\u00fbr que nous ferons un bon match\u00a0\u00bb, a-t-il pr\u00e9dit. R\u00e9ponse dimanche.<\/p>\n","protected":false},"excerpt":{"rendered":"La nouvelle mauvaise performance du Real Madrid mercredi soir met en col\u00e8re Kylian Mbapp\u00e9. Et il a tenu&hellip;\n","protected":false},"author":2,"featured_media":696735,"comment_status":"","ping_status":"","sticky":false,"template":"","format":"standard","meta":{"footnotes":""},"categories":[9],"tags":[1430,63,1011,27,6477,447,4790,517,60,133],"class_list":{"0":"post-696734","1":"post","2":"type-post","3":"status-publish","4":"format-standard","5":"has-post-thumbnail","7":"category-sports","8":"tag-benfica","9":"tag-football","10":"tag-fr","11":"tag-france","12":"tag-kylian-mbappe","13":"tag-ligue-des-champions","14":"tag-real-madrid","15":"tag-sport","16":"tag-sports","17":"tag-video"},"share_on_mastodon":{"url":"https:\/\/pubeurope.com\/@fr\/115977018760724412","error":""},"_links":{"self":[{"href":"https:\/\/www.europesays.com\/fr\/wp-json\/wp\/v2\/posts\/696734","targetHints":{"allow":["GET"]}}],"collection":[{"href":"https:\/\/www.europesays.com\/fr\/wp-json\/wp\/v2\/posts"}],"about":[{"href":"https:\/\/www.europesays.com\/fr\/wp-json\/wp\/v2\/types\/post"}],"author":[{"embeddable":true,"href":"https:\/\/www.europesays.com\/fr\/wp-json\/wp\/v2\/users\/2"}],"replies":[{"embeddable":true,"href":"https:\/\/www.europesays.com\/fr\/wp-json\/wp\/v2\/comments?post=696734"}],"version-history":[{"count":0,"href":"https:\/\/www.europesays.com\/fr\/wp-json\/wp\/v2\/posts\/696734\/revisions"}],"wp:featuredmedia":[{"embeddable":true,"href":"https:\/\/www.europesays.com\/fr\/wp-json\/wp\/v2\/media\/696735"}],"wp:attachment":[{"href":"https:\/\/www.europesays.com\/fr\/wp-json\/wp\/v2\/media?parent=696734"}],"wp:term":[{"taxonomy":"category","embeddable":true,"href":"https:\/\/www.europesays.com\/fr\/wp-json\/wp\/v2\/categories?post=696734"},{"taxonomy":"post_tag","embeddable":true,"href":"https:\/\/www.europesays.com\/fr\/wp-json\/wp\/v2\/tags?post=696734"}],"curies":[{"name":"wp","href":"https:\/\/api.w.org\/{rel}","templated":true}]}}