{"id":696748,"date":"2026-01-29T06:46:10","date_gmt":"2026-01-29T06:46:10","guid":{"rendered":"https:\/\/www.europesays.com\/fr\/696748\/"},"modified":"2026-01-29T06:46:10","modified_gmt":"2026-01-29T06:46:10","slug":"cest-parti-pour-le-4eme-forum-de-lemploi-dedie-aux-transports","status":"publish","type":"post","link":"https:\/\/www.europesays.com\/fr\/696748\/","title":{"rendered":"C&rsquo;est parti pour le 4\u00e8me forum de l&#8217;emploi d\u00e9di\u00e9 aux transports"},"content":{"rendered":"\n<p>C&rsquo;est un secteur qui recrute beaucoup dans la Loire : le monde des transports. Ce jeudi 29 janvier, la Ville de Firminy organise son 4\u00e8me forum de l&#8217;emploi d\u00e9did\u00e9aux transports en partenariat avec la Stas, Transdev, ou encore Chazot Autocar. L&rsquo;objectif de cet \u00e9v\u00e9nement est de faire d\u00e9couvrir ce secteur et toutes ses opportunit\u00e9s d&#8217;emploi chez nous, dans la Loire, mais aussi toutes les opportunit\u00e9s de formation.\u00a0<br \/>Si vous \u00eates \u00e0 la recherche d&rsquo;un emploi dans ce secteur, le forum se tient donc \u00e0 la maison de la culture Le Corbusier de 8h45 \u00e0 13h ce jeudi. N&rsquo;oubliez pas de ramener votre CV.<\/p>\n","protected":false},"excerpt":{"rendered":"C&rsquo;est un secteur qui recrute beaucoup dans la Loire : le monde des transports. Ce jeudi 29 janvier,&hellip;\n","protected":false},"author":2,"featured_media":628703,"comment_status":"","ping_status":"","sticky":false,"template":"","format":"standard","meta":{"footnotes":""},"categories":[9653],"tags":[1111,11,2430,7048,341,1777,674,10282,5556,1011,27,3367,12,25,4001,24434,800,3847],"class_list":{"0":"post-696748","1":"post","2":"type-post","3":"status-publish","4":"format-standard","5":"has-post-thumbnail","7":"category-saint-etienne","8":"tag-actu","9":"tag-actualites","10":"tag-auvergne-rhone-alpes","11":"tag-bus","12":"tag-emploi","13":"tag-eu","14":"tag-europe","15":"tag-firminy","16":"tag-forum","17":"tag-fr","18":"tag-france","19":"tag-loire","20":"tag-news","21":"tag-republique-francaise","22":"tag-saint-etienne","23":"tag-stas","24":"tag-transports","25":"tag-travail"},"share_on_mastodon":{"url":"https:\/\/pubeurope.com\/@fr\/115977046169942466","error":""},"_links":{"self":[{"href":"https:\/\/www.europesays.com\/fr\/wp-json\/wp\/v2\/posts\/696748","targetHints":{"allow":["GET"]}}],"collection":[{"href":"https:\/\/www.europesays.com\/fr\/wp-json\/wp\/v2\/posts"}],"about":[{"href":"https:\/\/www.europesays.com\/fr\/wp-json\/wp\/v2\/types\/post"}],"author":[{"embeddable":true,"href":"https:\/\/www.europesays.com\/fr\/wp-json\/wp\/v2\/users\/2"}],"replies":[{"embeddable":true,"href":"https:\/\/www.europesays.com\/fr\/wp-json\/wp\/v2\/comments?post=696748"}],"version-history":[{"count":0,"href":"https:\/\/www.europesays.com\/fr\/wp-json\/wp\/v2\/posts\/696748\/revisions"}],"wp:featuredmedia":[{"embeddable":true,"href":"https:\/\/www.europesays.com\/fr\/wp-json\/wp\/v2\/media\/628703"}],"wp:attachment":[{"href":"https:\/\/www.europesays.com\/fr\/wp-json\/wp\/v2\/media?parent=696748"}],"wp:term":[{"taxonomy":"category","embeddable":true,"href":"https:\/\/www.europesays.com\/fr\/wp-json\/wp\/v2\/categories?post=696748"},{"taxonomy":"post_tag","embeddable":true,"href":"https:\/\/www.europesays.com\/fr\/wp-json\/wp\/v2\/tags?post=696748"}],"curies":[{"name":"wp","href":"https:\/\/api.w.org\/{rel}","templated":true}]}}