{"id":696787,"date":"2026-01-29T07:12:19","date_gmt":"2026-01-29T07:12:19","guid":{"rendered":"https:\/\/www.europesays.com\/fr\/696787\/"},"modified":"2026-01-29T07:12:19","modified_gmt":"2026-01-29T07:12:19","slug":"un-rassemblement-organise-ce-jeudi-a-toulouse-pour-demander-la-liberation-de-christophe-gleizes-emprisonne-en-algerie","status":"publish","type":"post","link":"https:\/\/www.europesays.com\/fr\/696787\/","title":{"rendered":"Un rassemblement organis\u00e9 ce jeudi \u00e0 Toulouse pour demander la lib\u00e9ration de Christophe Gleizes, emprisonn\u00e9 en Alg\u00e9rie"},"content":{"rendered":"<p>Un rassemblement est organis\u00e9 ce jeudi 29 janvier \u00e0 Toulouse, au square Charles-de-Gaulle, pour soutenir Christophe Gleizes et demander sa lib\u00e9ration. Le journaliste sportif a \u00e9t\u00e9 condamn\u00e9 \u00e0 7 ans de prison en Alg\u00e9rie, alors qu\u2019il r\u00e9alisait des reportages sur la Jeunesse Sportive de Kabylie.<\/p>\n<p>Un rassemblement citoyen est organis\u00e9 ce jeudi 29 janvier 2026 \u00e0 Toulouse, pour soutenir Christophe Gleizes et demander sa lib\u00e9ration. Le journaliste sportif est emprisonn\u00e9 en Alg\u00e9rie depuis mai 2024, alors qu&rsquo;il\u00a0r\u00e9alisait des reportages sur la Jeunesse Sportive de Kabylie.\u00a0En juin 2025, il a \u00e9t\u00e9\u00a0<a class=\"IciLink ici-link IciArticleLink g-ici-body-regular-1 underline brand svelte-1chfe2s\" href=\"https:\/\/www.francebleu.fr\/infos\/faits-divers-justice\/algerie-le-journaliste-francais-christophe-gleizes-condamne-a-sept-ans-de-prison-en-appel-5851647\" target=\"_blank\" rel=\"noopener\">condamn\u00e9 \u00e0 sept ans de prison<\/a>, peine confirm\u00e9e en d\u00e9cembre par la Cour d\u2019appel de Tizi Ouzou.<\/p>\n<p>Rassemblement \u00e0 11h au square\u00a0Charles-de-Gaulle<\/p>\n<p>Le Club de la presse Occitanie et Reporters sans fronti\u00e8res appellent \u00e0 se mobiliser ce jeudi, au square\u00a0Charles-de-Gaulle, \u00e0 Toulouse. Christophe Gleizes est journalistes pour les magazines So Foot et Society. Il a \u00e9t\u00e9 arr\u00eat\u00e9 le 28 mai 2024 \u00e0 Tizi Ouzou, en Alg\u00e9rie, puis condamn\u00e9 pour \u00ab\u00a0apologie du terrorisme\u00a0\u00bb et \u00ab\u00a0possession de publications dans un but de propagande nuisant \u00e0 l&rsquo;int\u00e9r\u00eat national\u00a0\u00bb.<\/p>\n<p>Un portrait appelant \u00e0 la lib\u00e9ration imm\u00e9diate de Christophe Gleizes sera d\u00e9voil\u00e9 lors du rassemblement. Les Toulousains et Toulousaines sont invit\u00e9s \u00e0 se mobiliser pour affirmer leur attachement \u00e0 une information libre, ind\u00e9pendante et sans entraves.<\/p>\n<p>En plus de la mobilisation toulousaine, deux autres sont organis\u00e9es dans la r\u00e9gion Occitanie. Un rassemblement est pr\u00e9vu \u00e0\u00a0Montpellier, \u00e0 12h, devant le local du Club de la presse Occitanie, place du Nombre d\u2019Or (quartier Antigone). M\u00eame chose \u00e0\u00a0Perpignan, \u00e0 15h, devant l\u2019H\u00f4tel du D\u00e9partement (quai Sadi Carnot).<\/p>\n","protected":false},"excerpt":{"rendered":"Un rassemblement est organis\u00e9 ce jeudi 29 janvier \u00e0 Toulouse, au square Charles-de-Gaulle, pour soutenir Christophe Gleizes et&hellip;\n","protected":false},"author":2,"featured_media":696788,"comment_status":"","ping_status":"","sticky":false,"template":"","format":"standard","meta":{"footnotes":""},"categories":[2816],"tags":[1111,11,1777,674,1011,27,12,2680,25,2312],"class_list":{"0":"post-696787","1":"post","2":"type-post","3":"status-publish","4":"format-standard","5":"has-post-thumbnail","7":"category-toulouse","8":"tag-actu","9":"tag-actualites","10":"tag-eu","11":"tag-europe","12":"tag-fr","13":"tag-france","14":"tag-news","15":"tag-occitanie","16":"tag-republique-francaise","17":"tag-toulouse"},"share_on_mastodon":{"url":"https:\/\/pubeurope.com\/@fr\/115977148332416484","error":""},"_links":{"self":[{"href":"https:\/\/www.europesays.com\/fr\/wp-json\/wp\/v2\/posts\/696787","targetHints":{"allow":["GET"]}}],"collection":[{"href":"https:\/\/www.europesays.com\/fr\/wp-json\/wp\/v2\/posts"}],"about":[{"href":"https:\/\/www.europesays.com\/fr\/wp-json\/wp\/v2\/types\/post"}],"author":[{"embeddable":true,"href":"https:\/\/www.europesays.com\/fr\/wp-json\/wp\/v2\/users\/2"}],"replies":[{"embeddable":true,"href":"https:\/\/www.europesays.com\/fr\/wp-json\/wp\/v2\/comments?post=696787"}],"version-history":[{"count":0,"href":"https:\/\/www.europesays.com\/fr\/wp-json\/wp\/v2\/posts\/696787\/revisions"}],"wp:featuredmedia":[{"embeddable":true,"href":"https:\/\/www.europesays.com\/fr\/wp-json\/wp\/v2\/media\/696788"}],"wp:attachment":[{"href":"https:\/\/www.europesays.com\/fr\/wp-json\/wp\/v2\/media?parent=696787"}],"wp:term":[{"taxonomy":"category","embeddable":true,"href":"https:\/\/www.europesays.com\/fr\/wp-json\/wp\/v2\/categories?post=696787"},{"taxonomy":"post_tag","embeddable":true,"href":"https:\/\/www.europesays.com\/fr\/wp-json\/wp\/v2\/tags?post=696787"}],"curies":[{"name":"wp","href":"https:\/\/api.w.org\/{rel}","templated":true}]}}