{"id":696801,"date":"2026-01-29T07:22:29","date_gmt":"2026-01-29T07:22:29","guid":{"rendered":"https:\/\/www.europesays.com\/fr\/696801\/"},"modified":"2026-01-29T07:22:29","modified_gmt":"2026-01-29T07:22:29","slug":"ca-y-est-je-suis-chevalier-macron-decore-le-dernier-vendeur-de-journaux-a-la-criee-de-paris","status":"publish","type":"post","link":"https:\/\/www.europesays.com\/fr\/696801\/","title":{"rendered":"\u00ab\u00a0\u00c7a y est je suis chevalier!\u00a0\u00bb: Macron d\u00e9core le dernier vendeur de journaux \u00e0 la cri\u00e9e de Paris"},"content":{"rendered":"<p class=\"mb-4 text-lg md:leading-8 break-words\">Emmanuel Macron a d\u00e9cor\u00e9 mercredi des insignes de chevalier de l&rsquo;Ordre national du m\u00e9rite Ali Akbar, dernier vendeur de journaux \u00e0 la cri\u00e9e de Paris, \u00ab\u00a0magnifique exemple\u00a0\u00bb d&rsquo;int\u00e9gration \u00ab\u00a0qui rend notre pays plus fort et plus fier\u00a0\u00bb.<\/p>\n<p class=\"mb-4 text-lg md:leading-8 break-words\">\u00ab\u00a0Tr\u00e8s \u00e9mu\u00a0\u00bb, ce Pakistanais \u00e2g\u00e9 de plus de 70 ans, arriv\u00e9 en France quand il n&rsquo;en avait que vingt, a expliqu\u00e9 avoir d\u00e9j\u00e0 en t\u00eate la fausse manchette de journal qu&rsquo;il criera dans les prochains jours, lui qui aime clamer des titres parodiques: \u00ab\u00a0\u00c7a y est, je suis chevalier! J&rsquo;ai r\u00e9ussi!\u00a0\u00bb<\/p>\n<p class=\"mb-4 text-lg md:leading-8 break-words\">\u00ab\u00a0Vous \u00eates l&rsquo;accent du VIe arrondissement. La voix de la presse fran\u00e7aise\u00a0\u00bb, lui a dit le chef de l\u2019\u00c9tat dans la salle des f\u00eates de l\u2019\u00c9lys\u00e9e, saluant cette figure incontournable du quartier de Saint-Germain-des-Pr\u00e9s.<\/p>\n<p class=\"mb-4 text-lg md:leading-8 break-words\">Il a soulign\u00e9 qu&rsquo;apr\u00e8s avoir affront\u00e9 \u00ab\u00a0la pauvret\u00e9, le travail impos\u00e9, les violences\u00a0\u00bb dans son pays de naissance, \u00ab\u00a0le sol fran\u00e7ais\u00a0\u00bb lui avait donn\u00e9 \u00ab\u00a0l&rsquo;espoir d&rsquo;une vie meilleure\u00a0\u00bb.<\/p>\n<p class=\"mb-4 text-lg md:leading-8 break-words\">\u00ab\u00a0C&rsquo;est un magnifique exemple dans un moment o\u00f9 nous entendons si souvent les vents mauvais\u00a0\u00bb&#8230; \u00ab\u00a0il y a aussi beaucoup d&rsquo;histoires comme Ali qui s&rsquo;\u00e9crivent, de femmes et d&rsquo;hommes qui ont fui la mis\u00e8re pour choisir un pays de libert\u00e9 et qui y ont construit une vie qui rend notre pays plus fort et plus fier\u00a0\u00bb, a insist\u00e9 le pr\u00e9sident.<\/p>\n<p class=\"mb-4 text-lg md:leading-8 break-words\">&#8211; \u00ab\u00a0Irr\u00e9v\u00e9rence tricolore\u00a0\u00bb &#8211;<\/p>\n<p class=\"mb-4 text-lg md:leading-8 break-words\">D\u00e8s ses d\u00e9buts de crieur dans les ann\u00e9es 1970, gr\u00e2ce \u00e0 une rencontre avec Georges Bernier, dit \u00ab\u00a0le professeur Choron\u00a0\u00bb, qui lui propose de vendre ses journaux satiriques Hara-Kiri et Charlie Hebdo, Ali Akbar a jet\u00e9 son d\u00e9volu sur le quartier de Sciences Po.<\/p>\n<p class=\"mb-4 text-lg md:leading-8 break-words\">L\u00e0, il raconte avoir crois\u00e9 de nombreux \u00e9tudiants devenus depuis ministres ou d\u00e9put\u00e9s. Voire pr\u00e9sident de la R\u00e9publique, \u00e0 l&rsquo;instar d&rsquo;Emmanuel Macron.<\/p>\n<p class=\"mb-4 text-lg md:leading-8 break-words\">Svelte, le visage fin, avec ses journaux sous le bras &#8212; essentiellement Le Monde aujourd&rsquo;hui &#8211;, il sillonne encore ces rues de la rive gauche de la capitale en d\u00e9clamant des manchettes humoristiques. Une mani\u00e8re de parodier les \u00e9v\u00e9nements politiques avec le sourire.<\/p>\n<p class=\"mb-4 text-lg md:leading-8 break-words\">Le fran\u00e7ais est \u00ab\u00a0devenu votre langue\u00a0\u00bb, \u00ab\u00a0vous apprenez \u00e0 jouer avec, faisant v\u00f4tre, par l\u00e0, une forme d&rsquo;irr\u00e9v\u00e9rence tricolore\u00a0\u00bb, lui a gliss\u00e9 le chef de l\u2019\u00c9tat.<\/p>\n<p class=\"mb-4 text-lg md:leading-8 break-words\">\u00ab\u00a0Vous avez port\u00e9, si je puis dire, le monde \u00e0 bout de bras et la France dans votre c\u0153ur\u00a0\u00bb, lui a-t-il encore dit, dans un clin d\u2019\u0153il au quotidien du soir.<\/p>\n<p class=\"mb-4 text-lg md:leading-8 break-words\">Il y a cinquante ans, Paris comptait une quarantaine de vendeurs de journaux \u00e0 la cri\u00e9e, post\u00e9s \u00e0 des endroits strat\u00e9giques comme les bouches de m\u00e9tro. Lui s&rsquo;\u00e9tait d\u00e9marqu\u00e9 en choisissant de d\u00e9ambuler puis, dans les ann\u00e9es 1980, en commen\u00e7ant \u00e0 inventer des titres parodiques&#8230; et racoleurs.<\/p>\n<p class=\"mb-4 text-lg md:leading-8 break-words\">Il per\u00e7oit 1.000 euros de retraite par mois mais continue \u00e0 travailler de 15H00 \u00e0 22H00. \u00c0 l&rsquo;heure du tout num\u00e9rique, il \u00e9coule en moyenne une trentaine de journaux par jour, contre 150 \u00e0 200 \u00e0 ses d\u00e9buts.<\/p>\n<p class=\"mb-4 text-lg md:leading-8 break-words\">Et maintenant? \u00ab\u00a0J&rsquo;ai demand\u00e9 de me trouver une place ici!\u00a0\u00bb, s&rsquo;amuse Ali Akbar. \u00ab\u00a0Non, je vais rester, je vais continuer \u00e0 vendre les journaux\u00a0\u00bb, et \u00ab\u00a0amuser les gens avec mes blagues\u00a0\u00bb.<\/p>\n<p class=\"mb-4 text-lg md:leading-8 break-words\">cka-fff\/leo\/abl<\/p>\n","protected":false},"excerpt":{"rendered":"Emmanuel Macron a d\u00e9cor\u00e9 mercredi des insignes de chevalier de l&rsquo;Ordre national du m\u00e9rite Ali Akbar, dernier vendeur&hellip;\n","protected":false},"author":2,"featured_media":696802,"comment_status":"","ping_status":"","sticky":false,"template":"","format":"standard","meta":{"footnotes":""},"categories":[1888],"tags":[1111,1928,11,1927,54652,21153,79184,1073,1777,674,1011,27,12,1926,626,1925,10253,25,79185],"class_list":{"0":"post-696801","1":"post","2":"type-post","3":"status-publish","4":"format-standard","5":"has-post-thumbnail","7":"category-paris","8":"tag-actu","9":"tag-actu-paris","10":"tag-actualites","11":"tag-actualites-paris","12":"tag-ali-akbar","13":"tag-chef-de-letat","14":"tag-chevalier-de-l39ordre-national-du-merite","15":"tag-emmanuel-macron","16":"tag-eu","17":"tag-europe","18":"tag-fr","19":"tag-france","20":"tag-news","21":"tag-news-paris","22":"tag-paris","23":"tag-paris-news","24":"tag-president-de-la-republique","25":"tag-republique-francaise","26":"tag-vendeur-de-journaux"},"share_on_mastodon":{"url":"https:\/\/pubeurope.com\/@fr\/115977187685329602","error":""},"_links":{"self":[{"href":"https:\/\/www.europesays.com\/fr\/wp-json\/wp\/v2\/posts\/696801","targetHints":{"allow":["GET"]}}],"collection":[{"href":"https:\/\/www.europesays.com\/fr\/wp-json\/wp\/v2\/posts"}],"about":[{"href":"https:\/\/www.europesays.com\/fr\/wp-json\/wp\/v2\/types\/post"}],"author":[{"embeddable":true,"href":"https:\/\/www.europesays.com\/fr\/wp-json\/wp\/v2\/users\/2"}],"replies":[{"embeddable":true,"href":"https:\/\/www.europesays.com\/fr\/wp-json\/wp\/v2\/comments?post=696801"}],"version-history":[{"count":0,"href":"https:\/\/www.europesays.com\/fr\/wp-json\/wp\/v2\/posts\/696801\/revisions"}],"wp:featuredmedia":[{"embeddable":true,"href":"https:\/\/www.europesays.com\/fr\/wp-json\/wp\/v2\/media\/696802"}],"wp:attachment":[{"href":"https:\/\/www.europesays.com\/fr\/wp-json\/wp\/v2\/media?parent=696801"}],"wp:term":[{"taxonomy":"category","embeddable":true,"href":"https:\/\/www.europesays.com\/fr\/wp-json\/wp\/v2\/categories?post=696801"},{"taxonomy":"post_tag","embeddable":true,"href":"https:\/\/www.europesays.com\/fr\/wp-json\/wp\/v2\/tags?post=696801"}],"curies":[{"name":"wp","href":"https:\/\/api.w.org\/{rel}","templated":true}]}}