{"id":696811,"date":"2026-01-29T07:27:13","date_gmt":"2026-01-29T07:27:13","guid":{"rendered":"https:\/\/www.europesays.com\/fr\/696811\/"},"modified":"2026-01-29T07:27:13","modified_gmt":"2026-01-29T07:27:13","slug":"une-manifestation-pacifique-contre-lexpulsion-dun-enfant-dispersee-au-gaz-lacrymogene","status":"publish","type":"post","link":"https:\/\/www.europesays.com\/fr\/696811\/","title":{"rendered":"une manifestation pacifique contre l&rsquo;expulsion d&rsquo;un enfant dispers\u00e9e au gaz lacrymog\u00e8ne"},"content":{"rendered":"\n<p>Une manifestation pacifique organis\u00e9e au Texas pour la lib\u00e9ration du petit Liam Conejo Ramos, 5 ans, arr\u00eat\u00e9 \u00e0 Minneapolis le 20 janvier par la police de l&rsquo;immigration, a \u00e9t\u00e9 dispers\u00e9e mercredi \u00e0 coups de gaz lacrymog\u00e8nes par les forces de l&rsquo;ordre, ont constat\u00e9 des journalistes de l&rsquo;AFP.<\/p>\n<p>Une centaine de personnes s&rsquo;\u00e9taient rassembl\u00e9es devant le centre de d\u00e9tention pour familles de migrants de Dilley o\u00f9 le petit Equatorien, dont l&rsquo;arrestation a \u00e9mu au-del\u00e0 des fronti\u00e8res des Etats-Unis, a \u00e9t\u00e9 r\u00e9cemment transf\u00e9r\u00e9 avec son p\u00e8re.<\/p>\n<p>Elles ont brandi des pancartes portant les inscriptions \u00ab\u00a0L&rsquo;ICE (la police de l&rsquo;immigration am\u00e9ricaine, ndlr) terrorise et criminalise les enfants\u00a0\u00bb, \u00ab\u00a0Allez vous faire foutre avec vos conneries nazies\u00a0\u00bb ou encore \u00ab\u00a0Abolition de l&rsquo;ICE\u00a0\u00bb, sans recourir \u00e0 la violence.<\/p>\n<tr>\n<td>\n          <img decoding=\"async\" src=\"https:\/\/www.europesays.com\/fr\/wp-content\/uploads\/2026\/01\/4828ce57920055bde15b963b1002af07fcaed3db.jpg\" title=\"Une personne brandit une pancarte contre l'action de l'ICE, \u00e0 Dilley aux Etats-Unis, le 28 janvier 2026 - AFP\" alt=\"AFP\" onerror=\"this.style.display='none'\"\/>\n        <\/td>\n<td>\n<p class=\"copyright\">\u00a9 AFP<\/p>\n<p class=\"caption\">Une personne brandit une pancarte contre l&rsquo;action de l&rsquo;ICE, \u00e0 Dilley aux Etats-Unis, le 28 janvier 2026<\/p>\n<\/td>\n<\/tr>\n<p>Apr\u00e8s avoir ordonn\u00e9 \u00e0 la foule de reculer, des agents anti-\u00e9meutes ont tir\u00e9 des gaz lacrymog\u00e8nes et interpell\u00e9 au moins deux personnes, selon un journaliste de l&rsquo;AFP.<\/p>\n<p>Des manifestants ont \u00e9t\u00e9 victime d&rsquo;irritations des yeux et de toux persistantes. Un vid\u00e9aste de l&rsquo;AFP a lui aussi \u00e9t\u00e9 affect\u00e9 par le gaz.<\/p>\n<p>\u00ab\u00a0L\u00e0 o\u00f9 je vis, les gens ont peur\u00a0\u00bb, a t\u00e9moign\u00e9 James Castillo, un \u00e9tudiant de 18 ans habitant \u00e0 Houston, grande ville d\u00e9mocrate texane. \u00ab\u00a0Je connais des gens qui ont \u00e9t\u00e9 arr\u00eat\u00e9s, qui sont citoyens am\u00e9ricains, qui ont \u00e9t\u00e9 pers\u00e9cut\u00e9s\u00a0\u00bb, a-t-il poursuivi, brandissant une pancarte exigeant de le d\u00e9part de la ministre de la S\u00e9curit\u00e9 int\u00e9rieure Kristi Noem. <\/p>\n<p>  \u00ab\u00a0D\u00e9prim\u00e9 et triste\u00a0\u00bb-<\/p>\n<p>La photo de l&rsquo;arrestation de Liam Conejo Ramos a fait le tout du monde, montrant le petit gar\u00e7on visiblement apeur\u00e9, bonnet \u00e0 oreilles de lapin sur la t\u00eate et cartable sur le dos, interpell\u00e9 par un agent v\u00eatu de noir.<\/p>\n<p>Le repr\u00e9sentant d\u00e9mocrate du Texas Joaqu\u00edn Castro a rendu visite mercredi au bambin et \u00e0 son p\u00e8re, Adri\u00e1n Conejo Arias, au centre de d\u00e9tention. <\/p>\n<p>\u00ab\u00a0Son p\u00e8re dit qu&rsquo;il n&rsquo;est plus le m\u00eame, qu&rsquo;il dort beaucoup parce qu&rsquo;il est d\u00e9prim\u00e9 et triste\u00a0\u00bb, a rapport\u00e9 M. Castro dans une vid\u00e9o sur X. <\/p>\n<p>L&rsquo;\u00e9lu soutient que la famille se trouve dans le pays en situation r\u00e9guli\u00e8re et qu&rsquo;ils devraient tous deux \u00eatre lib\u00e9r\u00e9s. <\/p>\n<p>\u00ab\u00a0Il n&rsquo;y a pas de criminels \u00e0 Dilley. Donald Trump dit que tout \u00e7a vise \u00e0 arr\u00eater les criminels \u00e9trangers en situation irr\u00e9guli\u00e8re, c&rsquo;est le langage qu&rsquo;il utilise. Il n&rsquo;y a pas un seul criminel\u00a0\u00bb dans ce centre pour familles, a-t-il soulign\u00e9.<\/p>\n<p>La justice am\u00e9ricaine a bloqu\u00e9 l&rsquo;expulsion du petit gar\u00e7on et de son p\u00e8re, emp\u00eachant \u00e9galement leur transfert hors du centre de d\u00e9tention de Dilley.<\/p>\n<p>  Vivre avec la peur<\/p>\n<p>Plusieurs manifestants \u00e0 Dilley ont \u00e9galement demand\u00e9 la lib\u00e9ration des autres familles d\u00e9tenues dans le centre.<\/p>\n<tr>\n<td>\n          <img decoding=\"async\" src=\"https:\/\/www.europesays.com\/fr\/wp-content\/uploads\/2026\/01\/6dc7da72cbb8a94c73731bf6aaa73ba9ae2df86b.jpg\" title=\"Des manifestants aident un homme touch\u00e9 par des gaz lacrymog\u00e8nes lanc\u00e9s par les forces de l'ordre lors d'une manifestation \u00e0 Dilley, Etats-Unis, le 28 janvier 2026 - AFP\" alt=\"AFP\" onerror=\"this.style.display='none'\"\/>\n        <\/td>\n<td>\n<p class=\"copyright\">\u00a9 AFP<\/p>\n<p class=\"caption\">Des manifestants aident un homme touch\u00e9 par des gaz lacrymog\u00e8nes lanc\u00e9s par les forces de l&rsquo;ordre lors d&rsquo;une manifestation \u00e0 Dilley, Etats-Unis, le 28 janvier 2026<\/p>\n<\/td>\n<\/tr>\n<p>Parmi eux, de nombreuses personnes latino on dit vivre avec la peur d&rsquo;\u00eatre arr\u00eat\u00e9es uniquement pour leur couleur de peau ou leurs traits. Les autorit\u00e9s d\u00e9mentent ce type de pratique.<\/p>\n<p>\u00ab\u00a0J?ai l?impression que leurs actions parlent d?elles-m\u00eames et que les personnes qu?ils ciblent ne correspondent tout simplement pas \u00e0 ce qu?ils disent\u00a0\u00bb, estime Silver, manifestant de 27 ans qui n&rsquo;a pas souhait\u00e9 donner son nom de famille.<\/p>\n<p>L&rsquo;\u00e9lue d\u00e9mocrate Christina Morales, pr\u00e9sente \u00e0 la manifestation, a elle aussi demand\u00e9 la destitution de Kristi Noem, charg\u00e9e de mettre en ?uvre les politiques antimigrants de l&rsquo;administration Trump.<\/p>\n<p>\u00ab\u00a0Nous voulons que Kristi Noem fasse l&rsquo;objet d&rsquo;une proc\u00e9dure de destitution. Nous voulons que le S\u00e9nat am\u00e9ricain arr\u00eate de financer l&rsquo;ICE (&#8230;) Ils tuent des gens et nous ne le tol\u00e9rerons pas\u00a0\u00bb, a-t-elle martel\u00e9.<\/p>\n<p>A Minneapolis, deux manifestants \u00e2g\u00e9s de 37 ans, Alex Pretti et Renee Good, ont \u00e9t\u00e9 tu\u00e9s par balles par les forces de l&rsquo;ordre depuis d\u00e9but janvier. Leur mort a suscit\u00e9 une vague d&rsquo;indignation \u00e0 travers le pays, conduisant Donald Trum a amorcer une \u00ab\u00a0d\u00e9sescalade\u00a0\u00bb.<\/p>\n","protected":false},"excerpt":{"rendered":"Une manifestation pacifique organis\u00e9e au Texas pour la lib\u00e9ration du petit Liam Conejo Ramos, 5 ans, arr\u00eat\u00e9 \u00e0&hellip;\n","protected":false},"author":2,"featured_media":696812,"comment_status":"","ping_status":"","sticky":false,"template":"","format":"standard","meta":{"footnotes":""},"categories":[1589],"tags":[11,73,1866,12,1864,1865,1863,308],"class_list":{"0":"post-696811","1":"post","2":"type-post","3":"status-publish","4":"format-standard","5":"has-post-thumbnail","7":"category-etats-unis","8":"tag-actualites","9":"tag-etats-unis","10":"tag-etats-unis-damerique","11":"tag-news","12":"tag-united-states","13":"tag-united-states-of-america","14":"tag-us","15":"tag-usa"},"share_on_mastodon":{"url":"https:\/\/pubeurope.com\/@fr\/115977207567768055","error":""},"_links":{"self":[{"href":"https:\/\/www.europesays.com\/fr\/wp-json\/wp\/v2\/posts\/696811","targetHints":{"allow":["GET"]}}],"collection":[{"href":"https:\/\/www.europesays.com\/fr\/wp-json\/wp\/v2\/posts"}],"about":[{"href":"https:\/\/www.europesays.com\/fr\/wp-json\/wp\/v2\/types\/post"}],"author":[{"embeddable":true,"href":"https:\/\/www.europesays.com\/fr\/wp-json\/wp\/v2\/users\/2"}],"replies":[{"embeddable":true,"href":"https:\/\/www.europesays.com\/fr\/wp-json\/wp\/v2\/comments?post=696811"}],"version-history":[{"count":0,"href":"https:\/\/www.europesays.com\/fr\/wp-json\/wp\/v2\/posts\/696811\/revisions"}],"wp:featuredmedia":[{"embeddable":true,"href":"https:\/\/www.europesays.com\/fr\/wp-json\/wp\/v2\/media\/696812"}],"wp:attachment":[{"href":"https:\/\/www.europesays.com\/fr\/wp-json\/wp\/v2\/media?parent=696811"}],"wp:term":[{"taxonomy":"category","embeddable":true,"href":"https:\/\/www.europesays.com\/fr\/wp-json\/wp\/v2\/categories?post=696811"},{"taxonomy":"post_tag","embeddable":true,"href":"https:\/\/www.europesays.com\/fr\/wp-json\/wp\/v2\/tags?post=696811"}],"curies":[{"name":"wp","href":"https:\/\/api.w.org\/{rel}","templated":true}]}}