{"id":696814,"date":"2026-01-29T07:29:11","date_gmt":"2026-01-29T07:29:11","guid":{"rendered":"https:\/\/www.europesays.com\/fr\/696814\/"},"modified":"2026-01-29T07:29:11","modified_gmt":"2026-01-29T07:29:11","slug":"lallemagne-envisage-une-attaque-russe-sur-lotan-avant-2028","status":"publish","type":"post","link":"https:\/\/www.europesays.com\/fr\/696814\/","title":{"rendered":"L&rsquo;Allemagne envisage une attaque russe sur l&rsquo;OTAN avant 2028"},"content":{"rendered":"<p>L&rsquo;Allemagne se pr\u00e9pare \u00e0 la guerre. Dans les couloirs feutr\u00e9s de Bonn, le lieutenant-g\u00e9n\u00e9ral Gerald Funke ne parle pas de \u00abdividendes de la paix\u00bb, mais entend r\u00e9activer de toute urgence l&rsquo;armement et la pr\u00e9paration de son pays \u00e0 un conflit arm\u00e9. Le diagnostic est brutal: Berlin estime n&rsquo;avoir plus que deux ou trois ans avant que la menace du Kremlin ne se transforme en agression directe contre l&rsquo;<a href=\"https:\/\/www.slate.fr\/monde\/otan-guerre-russie-ukraine-vladimir-poutine-etats-unis-donald-trump-defense-drone-pologne\" target=\"_blank\" rel=\"noopener\">OTAN<\/a>.<\/p>\n<p>Pourquoi 2028? Il s&rsquo;agirait du point de bascule o\u00f9 la <a href=\"https:\/\/www.slate.fr\/economie\/russie-effets-desastreux-guerre-ukraine-inflation-revenus-petrole-gaz-kremlin-poutine\" target=\"_blank\" rel=\"noopener\">Russie<\/a> pourrait avoir reconstitu\u00e9 ses capacit\u00e9s militaires apr\u00e8s l&rsquo;usure ukrainienne, tout en testant la solidit\u00e9 de l&rsquo;article 5 de l&rsquo;OTAN et de sa d\u00e9fense collective. Pour le g\u00e9n\u00e9ral Funke, il ne s&rsquo;agit pas de \u00abg\u00e9opolitique fiction\u00bb mais d&rsquo;une \u00e9ch\u00e9ance. L&rsquo;hypoth\u00e8se de travail pr\u00e9voit une agression russe d\u00e9butant par les pays baltes, pla\u00e7ant imm\u00e9diatement l&rsquo;Allemagne au centre du jeu, non pas seulement comme force combattante, mais comme le poumon vital de la logistique alli\u00e9e, une v\u00e9ritable plaque tournante.<\/p>\n<p>        <img decoding=\"async\" alt=\"Abonnez-vous gratuitement \u00e0 la newsletter de Slate !\" loading=\"lazy\" class=\"ms-4 ms-md-0\" width=\"82\" height=\"82\" src=\"https:\/\/www.slate.fr\/assets\/newsletter-dd7c4ea7fb4ce45aacc56875521d4bde7ec4ba23f0a0ae088566df808b3a80c3.svg\"\/><br \/>\n        Abonnez-vous gratuitement \u00e0 la newsletter de Slate !Les articles sont s\u00e9lectionn\u00e9s pour vous, en fonction de vos centres d\u2019int\u00e9r\u00eat, tous les jours dans votre bo\u00eete mail.<\/p>\n<p>L&rsquo;inqui\u00e9tude majeure de l&rsquo;\u00e9tat-major allemand ne r\u00e9side pas uniquement dans un conflit \u00e0 la fronti\u00e8re lituanienne. Gerald Funke redoute une <a href=\"https:\/\/www.slate.fr\/monde\/guerre-hybride-russie-europe-signe-faiblesse-vrai-conflit-ukraine\" target=\"_blank\" rel=\"noopener\">guerre hybride<\/a> totale: cyberattaques paralysant les trains, sabotages de n\u0153uds \u00e9nerg\u00e9tiques et actions de cellules dormantes au c\u0153ur du pays.<\/p>\n<p>Le retour \u00e0 la d\u00e9fense totale<\/p>\n<p>Le grad\u00e9 envisage un sc\u00e9nario de conflit \u00e0 1.000 bless\u00e9s par jour. Une \u00e9chelle de <a href=\"https:\/\/www.slate.fr\/monde\/ukraine-morts-mois-attrition-guerre-russie-soldats-epuisement-drones-poutine-fedorov\" target=\"_blank\" rel=\"noopener\">pertes humaines<\/a> que l&rsquo;Allemagne n&rsquo;a plus connue depuis 1945 et qui demande une v\u00e9ritable organisation logistique. \u00c0 c\u00f4t\u00e9, la gestion de la pand\u00e9mie de Covid-19 ressemblerait presque \u00e0 une r\u00e9p\u00e9tition tranquille. Les cinq h\u00f4pitaux militaires du pays\u00a0\u2013disposant de 1.800 places chacun\u2013 seraient submerg\u00e9s en quelques jours, obligeant une r\u00e9quisition du secteur civil pour traiter des blessures de guerre que la plupart des m\u00e9decins n&rsquo;ont jamais trait\u00e9es.<\/p>\n<p>Face \u00e0 cette menace, Berlin exhume ses plans de la <a href=\"https:\/\/www.slate.fr\/story\/258729\/nostalgie-guerre-froide-etats-unis-dirigeants-diplomates-pas-moins-doues-politique-americaine-qatar-hamas-ukraine-congres\" target=\"_blank\" rel=\"noopener\">Guerre froide<\/a>. \u00c0 l&rsquo;\u00e9poque, chaque r\u00e9serviste, chaque citoyen, savait exactement ce qu&rsquo;il avait \u00e0 faire en cas de conflit arm\u00e9. Une d\u00e9fense totale qui est d\u00e9j\u00e0 amorc\u00e9e. Sur le terrain, les exercices Red Storm Bravo et Marshal Power ont d\u00e9j\u00e0 permis d&rsquo;\u00e9prouver la r\u00e9activit\u00e9 des troupes face \u00e0 la menace des <a href=\"https:\/\/www.slate.fr\/monde\/russie-ukraine-faconnent-guerre-moderne-revolution-drones-strategie-militaire-innovation-technologie-start-up-logistique-armement\" target=\"_blank\" rel=\"noopener\">drones russes<\/a>. Un plan m\u00e9dical d&rsquo;urgence est par ailleurs \u00e9tabli pour ventiler les flux de bless\u00e9s vers le secteur civil et \u00e9viter la chute du syst\u00e8me de sant\u00e9.<\/p>\n<p>Les prochaines \u00e9tapes sont plus administratives, mais tout aussi critiques. L&rsquo;arm\u00e9e travaille actuellement \u00e0 la signature de contrats strat\u00e9giques avec le secteur priv\u00e9. L&rsquo;id\u00e9e est que la Deutsche Bahn et les g\u00e9ants du transport routier puissent mettre \u00e0 disposition des wagons et des camions sous soixante-douze heures.<\/p>\n<p>Cependant, le plus gros chantier reste juridique et politique. Pour passer en <a href=\"https:\/\/www.slate.fr\/audio\/le-monde-devant-soi\/allemagne-rearme-opinion-population-enjeux-plan-investissements-defense-moderniser-armee-guerre-soutien-ukraine-russie-etats-unis\" target=\"_blank\" rel=\"noopener\">\u00ab\u00e9tat de d\u00e9fense\u00bb<\/a>, le gouvernement a besoin d&rsquo;une majorit\u00e9 des deux tiers au Bundestag. Dans un paysage politique compl\u00e8tement divis\u00e9 o\u00f9 les extr\u00eames prorusses gagnent du terrain, cette r\u00e9activit\u00e9 l\u00e9gislative est le v\u00e9ritable talon d&rsquo;Achille de Berlin. L&rsquo;objectif des mois \u00e0 venir est de conditionner l&rsquo;opinion et les entreprises \u00e0 l&rsquo;id\u00e9e que la paix n&rsquo;est plus un acquis, mais un effort de chaque instant \u00e0 maintenir.<\/p>\n","protected":false},"excerpt":{"rendered":"L&rsquo;Allemagne se pr\u00e9pare \u00e0 la guerre. Dans les couloirs feutr\u00e9s de Bonn, le lieutenant-g\u00e9n\u00e9ral Gerald Funke ne parle&hellip;\n","protected":false},"author":2,"featured_media":696815,"comment_status":"","ping_status":"","sticky":false,"template":"","format":"standard","meta":{"footnotes":""},"categories":[1587],"tags":[11,672,1804,1805,1803,1777,674,1801,12,1802],"class_list":{"0":"post-696814","1":"post","2":"type-post","3":"status-publish","4":"format-standard","5":"has-post-thumbnail","7":"category-allemagne","8":"tag-actualites","9":"tag-allemagne","10":"tag-bundesrepublik-deutschland","11":"tag-de","12":"tag-deutschland","13":"tag-eu","14":"tag-europe","15":"tag-germany","16":"tag-news","17":"tag-republique-federale-dallemagne"},"share_on_mastodon":{"url":"https:\/\/pubeurope.com\/@fr\/115977215403994018","error":""},"_links":{"self":[{"href":"https:\/\/www.europesays.com\/fr\/wp-json\/wp\/v2\/posts\/696814","targetHints":{"allow":["GET"]}}],"collection":[{"href":"https:\/\/www.europesays.com\/fr\/wp-json\/wp\/v2\/posts"}],"about":[{"href":"https:\/\/www.europesays.com\/fr\/wp-json\/wp\/v2\/types\/post"}],"author":[{"embeddable":true,"href":"https:\/\/www.europesays.com\/fr\/wp-json\/wp\/v2\/users\/2"}],"replies":[{"embeddable":true,"href":"https:\/\/www.europesays.com\/fr\/wp-json\/wp\/v2\/comments?post=696814"}],"version-history":[{"count":0,"href":"https:\/\/www.europesays.com\/fr\/wp-json\/wp\/v2\/posts\/696814\/revisions"}],"wp:featuredmedia":[{"embeddable":true,"href":"https:\/\/www.europesays.com\/fr\/wp-json\/wp\/v2\/media\/696815"}],"wp:attachment":[{"href":"https:\/\/www.europesays.com\/fr\/wp-json\/wp\/v2\/media?parent=696814"}],"wp:term":[{"taxonomy":"category","embeddable":true,"href":"https:\/\/www.europesays.com\/fr\/wp-json\/wp\/v2\/categories?post=696814"},{"taxonomy":"post_tag","embeddable":true,"href":"https:\/\/www.europesays.com\/fr\/wp-json\/wp\/v2\/tags?post=696814"}],"curies":[{"name":"wp","href":"https:\/\/api.w.org\/{rel}","templated":true}]}}