{"id":696816,"date":"2026-01-29T07:30:17","date_gmt":"2026-01-29T07:30:17","guid":{"rendered":"https:\/\/www.europesays.com\/fr\/696816\/"},"modified":"2026-01-29T07:30:17","modified_gmt":"2026-01-29T07:30:17","slug":"les-valeurs-a-suivre-a-paris-et-en-europe-actualise-29-01-2026-a-0818","status":"publish","type":"post","link":"https:\/\/www.europesays.com\/fr\/696816\/","title":{"rendered":"Les valeurs \u00e0 suivre \u00e0 Paris et en Europe (actualis\u00e9) &#8211; 29\/01\/2026 \u00e0 08:18"},"content":{"rendered":"<p>\n (Actualis\u00e9 avec STMicro, Sanofi, SAP, Nokia, Deutsche Bank,<br \/>\nING, Roche, Remy Cointreau, Eurofins)\n<\/p>\n<p>\n *\n<\/p>\n<p>\n Variation des futures sur indice CAC 40  0#FCE:\n<\/p>\n<p>\n *\n<\/p>\n<p>\n Variation des futures sur indice Stoxx 600  0#FXXP:\n<\/p>\n<p>\n *\n<\/p>\n<p>\n Valeurs qui se traitent ex-dividende  .EX.PA\n<\/p>\n<p>\n *\n<\/p>\n<p>\n Le point sur les march\u00e9s europ\u00e9ens  .EUFR\n<\/p>\n<p>\n Les valeurs \u00e0 suivre jeudi<br \/>\n\u00e0 la Bourse de Paris et en Europe :\n<\/p>\n<p>\n * STMICROELECTRONICS<br \/>\n <a href=\"https:\/\/www.boursorama.com\/cours\/1rPSTMPA\/\" target=\"_blank\" rel=\"noopener\"><br \/>\n  STMPA.PA<br \/>\n <\/a><br \/>\n a annonc\u00e9 jeudi une<br \/>\npr\u00e9vision de chiffre d&rsquo;affaires l\u00e9g\u00e8rement sup\u00e9rieure aux<br \/>\nattentes pour le premier trimestre, le fabricant de puces<br \/>\nsignalant une poursuite de la reprise dans ses march\u00e9s cl\u00e9s que<br \/>\nsont l&rsquo;automobile et l&rsquo;industrie.\n<\/p>\n<p>\n * SANOFI<br \/>\n <a href=\"https:\/\/www.boursorama.com\/cours\/1rPSAN\/\" target=\"_blank\" rel=\"noopener\"><br \/>\n  SASY.PA<br \/>\n <\/a><br \/>\n a d\u00e9clar\u00e9 jeudi pr\u00e9voir une croissance<br \/>\ndes ventes d&rsquo;environ 7% \u00e0 9% (\u00ab\u00a0high-single-digit\u00a0\u00bb) en 2026,<br \/>\nmisant sur la forte demande pour son traitement phare contre<br \/>\nl&rsquo;asthme, Dupixent, et certains m\u00e9dicaments plus r\u00e9cents.\n<\/p>\n<p>\n * SAP<br \/>\n <a href=\"https:\/\/www.boursorama.com\/cours\/1zSAP\/\" target=\"_blank\" rel=\"noopener\"><br \/>\n  SAPG.DE<br \/>\n <\/a><br \/>\n a fait \u00e9tat jeudi d&rsquo;un chiffre d&rsquo;affaires<br \/>\npour le quatri\u00e8me trimestre conforme aux attentes, la demande<br \/>\nsoutenue pour ses logiciels et services cloud sugg\u00e9rant que les<br \/>\nd\u00e9penses des entreprises se sont maintenues malgr\u00e9 le<br \/>\nralentissement de l&rsquo;\u00e9conomie mondiale.\n<\/p>\n<p>\n * NOKIA  NOKIA.HE  a annonc\u00e9 jeudi le d\u00e9part de sa<br \/>\npr\u00e9sidente Sari Baldauf et propos\u00e9 Timo Ihamuotila pour la<br \/>\nremplacer alors que le fabricant d&rsquo;\u00e9quipements de<br \/>\nt\u00e9l\u00e9communications a atteint ses objectifs de r\u00e9sultats<br \/>\ntrimestriels, r\u00e9coltant les fruits de son incursion dans le<br \/>\ndomaine de l&rsquo;intelligence artificielle.\n<\/p>\n<p>\n * DEUTSCHE BANK<br \/>\n <a href=\"https:\/\/www.boursorama.com\/cours\/1zDBK\/\" target=\"_blank\" rel=\"noopener\"><br \/>\n  DBKGn.DE<br \/>\n <\/a><br \/>\n a annonc\u00e9 jeudi son plus<br \/>\nimportant b\u00e9n\u00e9fice annuel depuis 2007 apr\u00e8s un quatri\u00e8me<br \/>\ntrimestre plus favorable que pr\u00e9vu, au lendemain d&rsquo;une<br \/>\nperquisition polici\u00e8re dans les locaux de la banque dans le<br \/>\ncadre d&rsquo;une enqu\u00eate pour blanchiment d&rsquo;argent pr\u00e9sum\u00e9.\n<\/p>\n<p>\n * ING<br \/>\n <a href=\"https:\/\/www.boursorama.com\/cours\/1rAINGA\/\" target=\"_blank\" rel=\"noopener\"><br \/>\n  INGA.AS<br \/>\n <\/a><br \/>\n a fait \u00e9tat jeudi d&rsquo;un b\u00e9n\u00e9fice trimestriel<br \/>\nsup\u00e9rieur aux attentes, gr\u00e2ce \u00e0 de solides revenus d&rsquo;int\u00e9r\u00eats et<br \/>\nde commissions pour les trois derniers mois de 2025.\n<\/p>\n<p>\n * ROCHE<br \/>\n <a href=\"https:\/\/www.boursorama.com\/cours\/2aROG\/\" target=\"_blank\" rel=\"noopener\"><br \/>\n  ROG.S<br \/>\n <\/a><br \/>\n a fait \u00e9tat jeudi d&rsquo;une hausse de 5% de son<br \/>\nr\u00e9sultat d&rsquo;exploitation ajust\u00e9 pour 2025, moindre que pr\u00e9vu, le<br \/>\ndynamisme de certains m\u00e9dicaments comme Ocrevus et Hemlibra<br \/>\nayant \u00e9t\u00e9 contrebalanc\u00e9 par la faiblesse du dollar am\u00e9ricain qui<br \/>\na pes\u00e9 sur les ventes \u00e0 l&rsquo;\u00e9tranger.\n<\/p>\n<p>\n * R\u00c9MY COINTREAU<br \/>\n <a href=\"https:\/\/www.boursorama.com\/cours\/1rPRCO\/\" target=\"_blank\" rel=\"noopener\"><br \/>\n  RCOP.PA<br \/>\n <\/a><br \/>\n a annonc\u00e9 jeudi avoir renou\u00e9 avec<br \/>\nla croissance des ventes durant le troisi\u00e8me trimestre de son<br \/>\nexercice 2025-2026, d\u00e9passant les attentes avec l&rsquo;am\u00e9lioration<br \/>\nde l&rsquo;activit\u00e9 aux \u00c9tats-Unis, un march\u00e9 clef, tout en confirmant<br \/>\nses objectifs financiers.\n<\/p>\n<p>\n * EUROFINS SCIENTIFIC<br \/>\n <a href=\"https:\/\/www.boursorama.com\/cours\/1rPERF\/\" target=\"_blank\" rel=\"noopener\"><br \/>\n  EUFI.PA<br \/>\n <\/a><br \/>\n a fait \u00e9tat jeudi d&rsquo;un<br \/>\nEbitda annuel de 1,64 milliard d\u2019euros, en hausse de 8% sur un<br \/>\nan, tout en d\u00e9clarant viser pour l\u2019exercice 2026 une croissance<br \/>\norganique entre 4% et 6% par an (\u00ab\u00a0mid-single-digit\u00a0\u00bb).\n<\/p>\n<p>\n * EXAIL TECHNOLOGIES<br \/>\n <a href=\"https:\/\/www.boursorama.com\/cours\/1rPEXA\/\" target=\"_blank\" rel=\"noopener\"><br \/>\n  EXA.PA<br \/>\n <\/a><br \/>\n a annonc\u00e9 mercredi que la<br \/>\ncroissance estim\u00e9e du son chiffre d&rsquo;affaires annuel \u00e9tait<br \/>\nd&rsquo;environ 28%, un r\u00e9sultat sup\u00e9rieur \u00e0 son objectif annonc\u00e9 en<br \/>\noctobre d&rsquo;une hausse entre 20 et 25%.\n<\/p>\n<p>\n * VALLOUREC<br \/>\n <a href=\"https:\/\/www.boursorama.com\/cours\/1rPVK\/\" target=\"_blank\" rel=\"noopener\"><br \/>\n  VLLP.PA<br \/>\n <\/a><br \/>\n a annonc\u00e9 mercredi un partenariat<br \/>\nstrat\u00e9gique avec XGS Energy pour des projets g\u00e9othermiques aux<br \/>\nEtats-Unis.\n<\/p>\n<p>\n * UNILEVER<br \/>\n <a href=\"https:\/\/www.boursorama.com\/cours\/1uULVR.L\/\" target=\"_blank\" rel=\"noopener\"><br \/>\n  ULVR.L<br \/>\n <\/a><br \/>\n a sign\u00e9 mercredi un accord pour vendre<br \/>\nson activit\u00e9 Home Care en Colombie et en \u00c9quateur \u00e0 la soci\u00e9t\u00e9<br \/>\np\u00e9ruvienne de biens de consommation Alicorp  ALICORC1.LM  pour<br \/>\nun montant non divulgu\u00e9.\n<\/p>\n<p>\n * DE&rsquo;LONGHI<br \/>\n <a href=\"https:\/\/www.boursorama.com\/cours\/1gDLG\/\" target=\"_blank\" rel=\"noopener\"><br \/>\n  DLG.MI<br \/>\n <\/a><br \/>\n &#8211; Le fabricant italien d&rsquo;appareils<br \/>\n\u00e9lectrom\u00e9nagers, connu pour ses machines \u00e0 caf\u00e9, a fait \u00e9tat<br \/>\nd&rsquo;une hausse de 8,7% de son chiffre d&rsquo;affaires annuel,<br \/>\nsup\u00e9rieure \u00e0 ses pr\u00e9visions pr\u00e9c\u00e9dentes et conforme au consensus<br \/>\nfourni par l&rsquo;entreprise.\n<\/p>\n<p>\n L&rsquo;AGENDA FRANCE &amp; INTERNATIONAL \u00c0 7 JOURS:<br \/>\n nL8N3YO1H1\n<\/p>\n<p>\n (R\u00e9dig\u00e9 par Diana Mandia, \u00e9dit\u00e9 par Augustin Turpin)<\/p>\n","protected":false},"excerpt":{"rendered":"(Actualis\u00e9 avec STMicro, Sanofi, SAP, Nokia, Deutsche Bank, ING, Roche, Remy Cointreau, Eurofins) * Variation des futures sur&hellip;\n","protected":false},"author":2,"featured_media":607076,"comment_status":"","ping_status":"","sticky":false,"template":"","format":"standard","meta":{"footnotes":""},"categories":[1586],"tags":[400,11,398,408,405,1777,674,1011,27,403,402,399,404,12,25,401,406,407],"class_list":{"0":"post-696816","1":"post","2":"type-post","3":"status-publish","4":"format-standard","5":"has-post-thumbnail","7":"category-europe","8":"tag-action-cac-40","9":"tag-actualites","10":"tag-bourse-de-paris","11":"tag-boursorama","12":"tag-cotations","13":"tag-eu","14":"tag-europe","15":"tag-fr","16":"tag-france","17":"tag-indices-devises","18":"tag-investir","19":"tag-investissement","20":"tag-marche-boursier","21":"tag-news","22":"tag-republique-francaise","23":"tag-sicav","24":"tag-trackers","25":"tag-warrants"},"share_on_mastodon":{"url":"https:\/\/pubeurope.com\/@fr\/115977219191620598","error":""},"_links":{"self":[{"href":"https:\/\/www.europesays.com\/fr\/wp-json\/wp\/v2\/posts\/696816","targetHints":{"allow":["GET"]}}],"collection":[{"href":"https:\/\/www.europesays.com\/fr\/wp-json\/wp\/v2\/posts"}],"about":[{"href":"https:\/\/www.europesays.com\/fr\/wp-json\/wp\/v2\/types\/post"}],"author":[{"embeddable":true,"href":"https:\/\/www.europesays.com\/fr\/wp-json\/wp\/v2\/users\/2"}],"replies":[{"embeddable":true,"href":"https:\/\/www.europesays.com\/fr\/wp-json\/wp\/v2\/comments?post=696816"}],"version-history":[{"count":0,"href":"https:\/\/www.europesays.com\/fr\/wp-json\/wp\/v2\/posts\/696816\/revisions"}],"wp:featuredmedia":[{"embeddable":true,"href":"https:\/\/www.europesays.com\/fr\/wp-json\/wp\/v2\/media\/607076"}],"wp:attachment":[{"href":"https:\/\/www.europesays.com\/fr\/wp-json\/wp\/v2\/media?parent=696816"}],"wp:term":[{"taxonomy":"category","embeddable":true,"href":"https:\/\/www.europesays.com\/fr\/wp-json\/wp\/v2\/categories?post=696816"},{"taxonomy":"post_tag","embeddable":true,"href":"https:\/\/www.europesays.com\/fr\/wp-json\/wp\/v2\/tags?post=696816"}],"curies":[{"name":"wp","href":"https:\/\/api.w.org\/{rel}","templated":true}]}}