{"id":696817,"date":"2026-01-29T07:31:09","date_gmt":"2026-01-29T07:31:09","guid":{"rendered":"https:\/\/www.europesays.com\/fr\/696817\/"},"modified":"2026-01-29T07:31:09","modified_gmt":"2026-01-29T07:31:09","slug":"accords-ue-inde-canada-chine-visite-de-keir-starmer-a-pekin-face-a-limprevisible-donald-trump-la-tentation-de-lasie-pour-allies-de-washington","status":"publish","type":"post","link":"https:\/\/www.europesays.com\/fr\/696817\/","title":{"rendered":"Accords UE-Inde, Canada-Chine, visite de Keir Starmer \u00e0 P\u00e9kin&#8230; Face \u00e0 l&rsquo;impr\u00e9visible Donald Trump, la tentation de l&rsquo;Asie pour alli\u00e9s de Washington"},"content":{"rendered":"<p>Face \u00e0 la politique offensive et fluctuante de Donald Trump, bon nombre de pays alli\u00e9s aux Etats-Unis se tournent vers l&rsquo;Asie pour diversifier leur commerce et envoyer un signal \u00e0 Washington. Outre la Chine et l&rsquo;Inde, les pays occidentaux discutent avec l&rsquo;Indon\u00e9sie ou encore la Malaisie. Le Premier ministre canadien, Mark Carney, a estim\u00e9 que l&rsquo;ordre mondial des d\u00e9cennies pass\u00e9es \u00e9tait \u00ab\u00a0fractur\u00e9\u00a0\u00bb.<\/p>\n<p>Les pouss\u00e9es protectionnistes de Donald Trump et sa diplomatie parfois erratique poussent les partenaires commerciaux les plus fid\u00e8les des Etats-Unis \u00e0 se rapprocher de la Chine ou de l&rsquo;Inde, comme en t\u00e9moigne notamment l&rsquo;accord commercial historique conclu \u00e0 Delhi par l&rsquo;Union europ\u00e9enne.<\/p>\n<p>Dans leur discours d&rsquo;<a href=\"https:\/\/www.bfmtv.com\/economie\/entreprises\/agriculture\/20-ans-de-tractations-pour-aboutir-a-l-accord-du-siecle-pourquoi-l-accord-ue-inde-suscite-infiniment-moins-de-crainte-pour-l-agriculture-europeenne-que-celui-avec-le-mercosur_AV-202601280265.html\" title=\"20 ans de tractations pour aboutir \u00e0 l&#039;accord du si\u00e8cle: pourquoi l&#039;accord UE-Inde suscite infiniment moins de crainte pour l&#039;agriculture europ\u00e9enne que celui avec le Mercosur\" class=\"internal_link\" target=\"_blank\" rel=\"noopener\">officialisation de cet \u00ab\u00a0accord de tous les accords\u00a0\u00bb<\/a> mardi, ni la pr\u00e9sidente de la Commission europ\u00e9enne Ursula von der Leyen, ni le Premier ministre indien Narendra Modi <a href=\"https:\/\/www.bfmtv.com\/economie\/international\/l-amerique-de-trump-reagit-enfin-au-colossal-accord-entre-l-inde-et-l-ue-le-ministre-bessent-le-juge-tres-decevant-et-estime-que-les-europeens-financent-une-guerre-contre-eux-memes_AD-202601280743.html\" title=\"L&#039;Am\u00e9rique de Trump r\u00e9agit enfin au colossal accord entre l&#039;Inde et l&#039;UE: le ministre Bessent le juge &quot;tr\u00e8s d\u00e9cevant&quot; et estime que &quot;les Europ\u00e9ens financent une guerre contre eux-m\u00eames&quot;\" class=\"internal_link\" target=\"_blank\" rel=\"noopener\">n&rsquo;ont cit\u00e9 Donald Trump comme motif de signature du texte<\/a>.<\/p>\n<p>Mais c&rsquo;est bien aux droits de douane de Donald Trump, devenus son levier diplomatique de pr\u00e9dilection, que faisait r\u00e9f\u00e9rence <a href=\"https:\/\/www.bfmtv.com\/economie\/international\/acier-et-textile-pour-l-inde-vins-et-voitures-pour-l-europe-quels-sont-les-secteurs-qui-pourraient-sortir-gagnants-de-l-accord-historique-conclu-entre-bruxelles-et-new-delhi_AD-202601270541.html\" title=\"Acier et textile pour l&#039;Inde, vins et voitures pour l&#039;Europe: quels sont les secteurs qui pourraient sortir gagnants de l&#039;accord &quot;historique&quot; conclu entre Bruxelles et New Delhi?\" class=\"internal_link\" target=\"_blank\" rel=\"noopener\">Ursula von der Leyen lorsqu&rsquo;elle s&rsquo;est f\u00e9licit\u00e9e que l&rsquo;accord Inde-UE<\/a> r\u00e9duira la \u00ab\u00a0d\u00e9pendance strat\u00e9gique \u00e0 un moment o\u00f9 l&rsquo;arme commerciale est de plus en plus utilis\u00e9e.\u00a0\u00bb<\/p>\n<p>Surtout, \u00ab\u00a0les mesures commerciales de Donald Trump ont fortement acc\u00e9l\u00e9r\u00e9 la signature de cet accord\u00a0\u00bb alors que le dossier \u00e9tait en gestation depuis des ann\u00e9es, note aupr\u00e8s de l&rsquo;AFP Vincent Vicard, \u00e9conomiste et adjoint au directeur du Cepii, un institut de recherche en relations internationales.<\/p>\n<p>Un \u00ab\u00a0partenariat pragmatique\u00a0\u00bb<\/p>\n<p>L&rsquo;accord pr\u00e9voit d&rsquo;\u00e9liminer une grande partie des droits de douane entre l&rsquo;Union europ\u00e9enne et l&rsquo;Inde, <a href=\"https:\/\/www.bfmtv.com\/economie\/international\/acier-et-textile-pour-l-inde-vins-et-voitures-pour-l-europe-quels-sont-les-secteurs-qui-pourraient-sortir-gagnants-de-l-accord-historique-conclu-entre-bruxelles-et-new-delhi_AD-202601270541.html\" title=\"Acier et textile pour l&#039;Inde, vins et voitures pour l&#039;Europe: quels sont les secteurs qui pourraient sortir gagnants de l&#039;accord &quot;historique&quot; conclu entre Bruxelles et New Delhi?\" class=\"internal_link\" target=\"_blank\" rel=\"noopener\">par exemple de 110 \u00e0 10% sur les v\u00e9hicules \u00ab\u00a0made in Europe\u00a0\u00bb ou de 150 \u00e0 20% sur les vins<\/a>.<\/p>\n<p>Un mouvement contraire \u00e0 celui initi\u00e9 par Donald Trump depuis le d\u00e9but de son second mandat, qui a largement recr\u00e9\u00e9 des barri\u00e8res douani\u00e8res avec nombre de ses partenaires commerciaux historiques, dont l&rsquo;Union europ\u00e9enne.<\/p>\n<blockquote class=\"embed embed_quote\"><p>Outre l&rsquo;Inde, l&rsquo;UE a \u00ab\u00a0acc\u00e9l\u00e9r\u00e9 ses discussions avec l&rsquo;Indon\u00e9sie et la Malaisie\u00a0\u00bb, m\u00eame si aucun accord n&rsquo;est sign\u00e9 pour l&rsquo;heure, rappelle Vincent Vicard.<\/p><\/blockquote>\n<p>Elle a par ailleurs indiqu\u00e9 fin 2025 vouloir accro\u00eetre les liens commerciaux avec les pays de l&rsquo;accord de partenariat transpacifique, notamment le Vietnam qui en assure la pr\u00e9sidence tournante cette ann\u00e9e.<\/p>\n<p>Mais surtout, pour beaucoup de partenaires majeurs des Etats-Unis, c&rsquo;est \u00e9videmment vers la Chine, la deuxi\u00e8me \u00e9conomie mondiale, que les regards se tournent.<\/p>\n<p>Accompagn\u00e9 de dirigeants de grandes entreprises comme la banque HSBC et le groupe pharmaceutique AstraZeneca, le Premier ministre britannique Keir Starmer est arriv\u00e9 mercredi \u00e0 P\u00e9kin pour une visite de trois jours en Chine, o\u00f9 il entend d\u00e9fendre un \u00ab\u00a0partenariat pragmatique\u00a0\u00bb apr\u00e8s des ann\u00e9es de soubresauts.<\/p>\n<p>Le Canada, sous la direction du Premier ministre Mark Carney, a op\u00e9r\u00e9 un pivot encore plus marqu\u00e9, signant \u00e0 la mi-janvier <a href=\"https:\/\/www.bfmtv.com\/economie\/agriculture-energie-finance-apres-des-annees-de-conflit-le-canada-et-la-chine-posent-le-premier-jalon-d-un-rapprochement-commercial-pour-s-extraire-du-joug-americain_AD-202601160138.html\" title=\"&quot;Agriculture, \u00e9nergie, finance&quot;: apr\u00e8s des ann\u00e9es de conflit, le Canada et la Chine posent le premier jalon d&#039;un rapprochement commercial pour s&#039;extraire du joug am\u00e9ricain\" class=\"internal_link\" target=\"_blank\" rel=\"noopener\">un accord \u00ab\u00a0commercial pr\u00e9liminaire, mais historique\u00a0\u00bb, avec la Chine<\/a>, selon M. Carney.<\/p>\n<p>Diversifier pour r\u00e9duire les risques<\/p>\n<p>Dans son allocution remarqu\u00e9e au Forum \u00e9conomique mondial de Davos (Suisse) toujours mi-janvier, <a href=\"https:\/\/www.bfmtv.com\/international\/amerique-nord\/etats-unis\/video-la-fin-d-une-fiction-agreable-le-discours-du-premier-ministre-canadien-mark-carney-a-davos_VN-202601210361.html\" title=\"&quot;La fin d&#039;une fiction agr\u00e9able&quot;: le discours du Premier ministre canadien Mark Carney \u00e0 Davos\" class=\"internal_link\" target=\"_blank\" rel=\"noopener\">Mark Carney avait estim\u00e9 que l&rsquo;ordre mondial des d\u00e9cennies pass\u00e9es \u00e9tait \u00ab\u00a0fractur\u00e9\u00a0\u00bb <\/a>et appel\u00e9 les \u00ab\u00a0puissances moyennes\u00a0\u00bb \u00e0 s&rsquo;unir pour faire face aux forces \u00ab\u00a0h\u00e9g\u00e9moniques\u00a0\u00bb.<\/p>\n<p>Certes, \u00ab\u00a0la Chine peut \u00e9galement \u00eatre un partenaire ind\u00e9sirable\u00a0\u00bb, notamment sur les sujets politiques, rappelle S\u00e9bastien Jean, professeur au Cnam et directeur associ\u00e9 \u00e0 l&rsquo;Ifri. Le bras de fer concernant <a href=\"https:\/\/www.bfmtv.com\/economie\/video-la-baisse-est-immediate-la-filiere-du-cognac-prise-en-etau-apres-les-taxes-chinoises-et-americaines_VN-202511120133.html\" title=\"&quot;La baisse est imm\u00e9diate&quot;: la fili\u00e8re du cognac prise en \u00e9tau apr\u00e8s les taxes chinoises et am\u00e9ricaines\" class=\"internal_link\" target=\"_blank\" rel=\"noopener\">les surtaxes chinoises sur des eaux-de-vie europ\u00e9ennes dont le cognac<\/a> avait grandement refroidi l&rsquo;Union europ\u00e9enne.<\/p>\n<blockquote class=\"embed embed_quote\"><p>Mais \u00ab\u00a0discuter avec la Chine\u00a0\u00bb, que Donald Trump per\u00e7oit comme un rival strat\u00e9gique, \u00ab\u00a0c&rsquo;est aussi envoyer un signal fort aux Etats-Unis qu&rsquo;ils ne sont pas le seul partenaire commercial majeur au niveau mondial\u00a0\u00bb, estime S\u00e9bastien Jean.<\/p><\/blockquote>\n<p>Pour les principaux alli\u00e9s commerciaux de Washington, l&rsquo;enjeu n&rsquo;est pas n\u00e9cessairement de trouver un partenaire capable de remplacer les Etats-Unis, car \u00ab\u00a0aucun march\u00e9 ne peut rivaliser en ordre de grandeur\u00a0\u00bb, rappelle Vincent Vicard.<\/p>\n<p>Les Etats-Unis repr\u00e9sentaient par exemple 20% des exportations de l&rsquo;UE en 2024, contre 8% pour la Chine ou 2,4% pour l&rsquo;Inde.<\/p>\n<blockquote class=\"embed embed_quote\"><p>Mais \u00ab\u00a0il y a une n\u00e9cessit\u00e9 d&rsquo;\u00eatre moins d\u00e9pendant et de diversifier ses relations pour r\u00e9duire les risques, y compris en parlant avec des pays dont on ne partage pas forc\u00e9ment les valeurs\u00a0\u00bb, explique Vincent Vicard.<\/p><\/blockquote>\n<p>Mercredi, le secr\u00e9taire am\u00e9ricain au Tr\u00e9sor Scott Bessent a jug\u00e9 \u00ab\u00a0tr\u00e8s d\u00e9cevants\u00a0\u00bb <a href=\"https:\/\/www.bfmtv.com\/economie\/entreprises\/agriculture\/20-ans-de-tractations-pour-aboutir-a-l-accord-du-siecle-pourquoi-l-accord-ue-inde-suscite-infiniment-moins-de-crainte-pour-l-agriculture-europeenne-que-celui-avec-le-mercosur_AV-202601280265.html\" title=\"20 ans de tractations pour aboutir \u00e0 l&#039;accord du si\u00e8cle: pourquoi l&#039;accord UE-Inde suscite infiniment moins de crainte pour l&#039;agriculture europ\u00e9enne que celui avec le Mercosur\" class=\"internal_link\" target=\"_blank\" rel=\"noopener\">les pays de l&rsquo;UE apr\u00e8s l&rsquo;accord avec l&rsquo;Inde<\/a>, alors que cette derni\u00e8re \u00ab\u00a0a commenc\u00e9 \u00e0 acheter du p\u00e9trole russe sous sanction\u00a0\u00bb, quand la Premi\u00e8re ministre danoise Mette Frederiksen a appel\u00e9 l&rsquo;Europe \u00e0 ne pas oublier que la Chine \u00e9tait un alli\u00e9 de la Russie dans son invasion de l&rsquo;Ukraine.<\/p>\n","protected":false},"excerpt":{"rendered":"Face \u00e0 la politique offensive et fluctuante de Donald Trump, bon nombre de pays alli\u00e9s aux Etats-Unis se&hellip;\n","protected":false},"author":2,"featured_media":696818,"comment_status":"","ping_status":"","sticky":false,"template":"","format":"standard","meta":{"footnotes":""},"categories":[1586],"tags":[11,1777,674,1779,1011,27,12,25,1778,364],"class_list":{"0":"post-696817","1":"post","2":"type-post","3":"status-publish","4":"format-standard","5":"has-post-thumbnail","7":"category-europe","8":"tag-actualites","9":"tag-eu","10":"tag-europe","11":"tag-european-union","12":"tag-fr","13":"tag-france","14":"tag-news","15":"tag-republique-francaise","16":"tag-ue","17":"tag-union-europeenne"},"share_on_mastodon":{"url":"https:\/\/pubeurope.com\/@fr\/115977223291207107","error":""},"_links":{"self":[{"href":"https:\/\/www.europesays.com\/fr\/wp-json\/wp\/v2\/posts\/696817","targetHints":{"allow":["GET"]}}],"collection":[{"href":"https:\/\/www.europesays.com\/fr\/wp-json\/wp\/v2\/posts"}],"about":[{"href":"https:\/\/www.europesays.com\/fr\/wp-json\/wp\/v2\/types\/post"}],"author":[{"embeddable":true,"href":"https:\/\/www.europesays.com\/fr\/wp-json\/wp\/v2\/users\/2"}],"replies":[{"embeddable":true,"href":"https:\/\/www.europesays.com\/fr\/wp-json\/wp\/v2\/comments?post=696817"}],"version-history":[{"count":0,"href":"https:\/\/www.europesays.com\/fr\/wp-json\/wp\/v2\/posts\/696817\/revisions"}],"wp:featuredmedia":[{"embeddable":true,"href":"https:\/\/www.europesays.com\/fr\/wp-json\/wp\/v2\/media\/696818"}],"wp:attachment":[{"href":"https:\/\/www.europesays.com\/fr\/wp-json\/wp\/v2\/media?parent=696817"}],"wp:term":[{"taxonomy":"category","embeddable":true,"href":"https:\/\/www.europesays.com\/fr\/wp-json\/wp\/v2\/categories?post=696817"},{"taxonomy":"post_tag","embeddable":true,"href":"https:\/\/www.europesays.com\/fr\/wp-json\/wp\/v2\/tags?post=696817"}],"curies":[{"name":"wp","href":"https:\/\/api.w.org\/{rel}","templated":true}]}}