{"id":696826,"date":"2026-01-29T07:37:10","date_gmt":"2026-01-29T07:37:10","guid":{"rendered":"https:\/\/www.europesays.com\/fr\/696826\/"},"modified":"2026-01-29T07:37:10","modified_gmt":"2026-01-29T07:37:10","slug":"pourquoi-le-bonheur-du-stade-toulousain-et-de-valentin-delpy-est-dans-le-pret","status":"publish","type":"post","link":"https:\/\/www.europesays.com\/fr\/696826\/","title":{"rendered":"Pourquoi le bonheur du Stade Toulousain et de Valentin Delpy est dans le pr\u00eat"},"content":{"rendered":"<p>\n                                                                    l&rsquo;essentiel<br \/>\n                                                                Apr\u00e8s un premier match \u00e0 Montauban, le demi d\u2019ouverture Valentin Delpy est de retour de pr\u00eat de Colomiers o\u00f9 il brille depuis le d\u00e9but de la saison. Il sera titulaire avec le Stade Toulousain, samedi soir 31\u00a0janvier, face \u00e0 Bayonne.\n                            <\/p>\n<p>Valentin Delpy a quelque peu chang\u00e9 ses habitudes cette semaine. Le demi d\u2019ouverture a quelques kilom\u00e8tres de moins \u00e0 parcourir pour se rendre \u00e0 l\u2019entra\u00eenement. Non pas que la distance qui\u00a0le s\u00e9pare de son domicile au stade Michel Bendichou f\u00fbt qualifiable de longue mais il se trouve que de son lieu de r\u00e9sidence au stade Ernest-Wallon, la distance est encore plus courte.\u00a0Le joueur est d\u00e9sormais habitu\u00e9 des allers-retours entre le club o\u00f9 il est pr\u00eat\u00e9 et le Stade, lors des p\u00e9riodes de doublons. Et cela lui r\u00e9ussit pleinement.<\/p>\n<p><strong>&gt;\u00a0Sa saison \u00e0 Colomiers<\/strong><br \/>Sous le maillot de la Colombe, c\u2019est le plein \u00e9panouissement. Le club du pr\u00e9sident Alain Carr\u00e9 est content de ses prestations et lui, engrange beaucoup de temps de jeu au sein d\u2019une \u00e9quipe qui pratique un jeu emballant et qui est tr\u00e8s bien positionn\u00e9 dans le haut du tableau de Pro D 2\u00a0: \u00ab\u00a0Je pense que collectivement, on est plut\u00f4t en place. On remplit plut\u00f4t les objectifs qu\u2019on s\u2019est fix\u00e9s. Personnellement, je me sens bien dans ce collectif. Apr\u00e8s, il y a eu quelques matchs o\u00f9 je suis un peu pass\u00e9 au travers. Donc, il faut que je retrouve un petit peu plus de r\u00e9gularit\u00e9. Et apr\u00e8s, normalement, \u00e7a devrait rouler.\u00a0\u00bb<br \/>Et du coup, c\u2019est tout bon pour la confiance confie-t-il\u00a0: \u00ab\u00a0Les bons r\u00e9sultats, au fil des week-ends, me donnent confiance ainsi qu\u2019\u00e0 tous les mecs de l\u2019\u00e9quipe. Franchement, c\u2019est un plaisir de jouer avec eux aussi.\u00a0\u00bb<\/p>\n<p class=\"std-elt__inline\">\n        <strong>\u00c0 lire aussi :<\/strong><br \/>\n        <a href=\"https:\/\/www.ladepeche.fr\/2026\/01\/27\/face-a-bayonne-le-stade-toulousain-pourra-compter-sur-cramont-barassi-et-kinghorn-mais-que-dabsents-13191045.php\" target=\"_blank\" rel=\"noopener\">Face \u00e0 Bayonne, le Stade Toulousain pourra compter sur Cramont, Barassi et Kinghorn, mais que d\u2019absents\u00a0!<\/a>\n    <\/p>\n<p><strong>&gt;\u00a0Le pr\u00eat, c\u2019est donc tout b\u00e9n\u00e9fice<\/strong><br \/>Perpignan l\u2019an dernier, Colomiers cette ann\u00e9e. Valentin Delpy encha\u00eene les matchs. En termes d\u2019exp\u00e9rience, c\u2019est important\u00a0: \u00ab\u00a0Il y a des matchs o\u00f9 c\u2019est un peu serr\u00e9, il y a des sc\u00e9narios un peu diff\u00e9rents, \u00e0 l\u2019image du match contre Oyonnax (NDLR\u00a0: men\u00e9 au score, Colomiers a tout renvers\u00e9 en fin de match). On a tous les types de sc\u00e9nario, donc cela apporte de l\u2019exp\u00e9rience.\u00a0\u00bb D\u00e8s lors, le pr\u00eat, c\u2019est tout \u00ab\u00a0b\u00e9nef\u00a0\u00bb? \u00ab\u00a0Oui, parce que je joue beaucoup et j\u2019encha\u00eene les matchs. J\u2019ai pas mal de minutes l\u2019ann\u00e9e derni\u00e8re avec Perpignan, j\u2019ai pas mal de minutes cette ann\u00e9e avec Colomiers et un match avec le Stade. Donc, c\u2019est assez cool.\u00a0\u00bb<\/p>\n<p class=\"std-elt__inline\">\n        <strong>\u00c0 lire aussi :<\/strong><br \/>\n        <a href=\"https:\/\/www.ladepeche.fr\/2026\/01\/27\/antoine-dupont-tres-complique-et-tres-douloureux-le-joueur-star-se-livre-sur-des-moments-tres-difficiles-pendant-sa-grave-blessure-13191721.php\" target=\"_blank\" rel=\"noopener\">Antoine Dupont\u00a0: \u00ab\u00a0Tr\u00e8s compliqu\u00e9 et tr\u00e8s douloureux\u2026\u00a0\u00bb Le joueur star se livre sur des moments tr\u00e8s difficiles pendant sa grave blessure<\/a>\n    <\/p>\n<p><strong>&gt;\u00a0Comment g\u00e9rer le passage d\u2019un club \u00e0 l\u2019autre\u00a0?<\/strong><br \/>Passer d\u2019un club \u00e0 l\u2019autre peut \u00eatre difficile en termes de rep\u00e8res. Mais Valentin Delpy arrive \u00e0 retrouver le fil assez vite\u00a0: \u00ab\u00a0Les deux ADN entre les deux clubs, Colomiers et le Stade, se ressemblent.\u00a0Apr\u00e8s, le rythme est diff\u00e9rent, les annonces sont diff\u00e9rentes, donc les rep\u00e8res, c\u2019est plut\u00f4t sur\u00a0le langage, la communication et la connexion avec les mecs. Mais\u00a0\u00e7a revient assez vite quand m\u00eame au fil de la semaine. Et puis, les mecs autour font vraiment les efforts pour que je me sente bien collectivement avec eux, et que sur les annonces, ce soit clair. Le staff aussi fait les efforts pour que j\u2019int\u00e8gre les annonces assez vite.\u00a0\u00bb<br \/>N\u00e9anmoins, le demi d\u2019ouverture convient qu\u2019une petite r\u00e9vision des annonces s\u2019impose avant le changement de maillot\u00a0: \u00ab\u00a0Oui, c\u2019est assez b\u00eate mais rien que les noms de lancement, c\u2019est un peu diff\u00e9rent. Donc, il faut que je les r\u00e9apprenne, et puis surtout que \u00e7a change en fonction des semaines sur lesquelles je reviens. Apr\u00e8s, il y a aussi les codes pour les petits skills de passe qu\u2019on a entre nous. Il faut aussi les remettre parce que des fois, il arrive que je parle en langage colum\u00e9rin (sourire).\u00a0\u00bb<\/p>\n<p><strong>&gt;\u00a0Comment il aborde les doublons\u00a0?<\/strong><br \/>Lors des matchs de doublons, il n\u2019a pas les internationaux \u00e0 c\u00f4t\u00e9 de lui pour apporter leur exp\u00e9rience et leur science du jeu. Est-ce un handicap pour lui\u00a0? L\u2019int\u00e9ress\u00e9 r\u00e9pond non\u00a0: \u00ab\u00a0Il y a pas mal de mecs qui restent au club et qui ont une grosse exp\u00e9rience. Cela\u00a0reste quand m\u00eame des cadres de l\u2019effectif. Donc, ils encadrent bien les nouveaux arrivants.\u00a0\u00bb D\u2019ailleurs, contre Montauban, \u00e0 Sapiac, pour son seul match sous le maillot toulousain, cela s\u2019\u00e9tait plut\u00f4t bien pass\u00e9\u00a0: \u00ab\u00a0Oui, pour moi, c\u2019\u00e9tait un match o\u00f9 je ressentais de l\u2019excitation de pouvoir rejouer avec ce maillot du Stade. Le r\u00e9sultat pour nous \u00e9tait important et\u00a0on a fait une bonne prestation. Il va falloir r\u00e9it\u00e9rer \u00e7a ce week-end contre Bayonne.\u00a0\u00bb<\/p>\n<p><strong>&gt;\u00a0Ses contacts avec Toulouse<\/strong><br \/>Quand il \u00e9volue sous le maillot de Colomiers, il ne manque pas un match du Stade. Il regarde beaucoup le Top 14 et la Pro D 2 o\u00f9 des copains \u00e0 lui sont en pr\u00eat dans d\u2019autres clubs. Et inversement, le staff toulousain regarde ses matchs et reste en contact\u00a0: \u00ab\u00a0On d\u00e9briefe souvent.\u00a0Et quand on arrive proche des p\u00e9riodes de doublons, le staff nous donne un\u00a0regard sur l\u2019organisation pour savoir quand est-ce qu\u2019on va revenir. \u00c0 ce syst\u00e8me de pr\u00eat, les staffs et les deux clubs ne sont pas surpris, ils peuvent s\u2019organiser \u00e0 l\u2019avance. Donc \u00e7a, c\u2019est assez bien.\u00a0\u00bb<\/p>\n<p class=\"std-elt__inline\">\n        <strong>\u00c0 lire aussi :<\/strong><br \/>\n        <a href=\"https:\/\/www.ladepeche.fr\/2026\/01\/12\/stade-toulousain-elisez-votre-xv-de-legende-de-ces-trente-dernieres-annees-avec-la-depeche-du-midi-13154749.php\" target=\"_blank\" rel=\"noopener\">Stade Toulousain\u00a0: \u00e9lisez votre XV de l\u00e9gende de ces trente derni\u00e8res ann\u00e9es\u00a0avec La D\u00e9p\u00eache du Midi\u00a0!<\/a>\n    <\/p>\n<p><strong>&gt;\u00a0Son pourcentage de buteur<\/strong><\/p>\n<p>Valentin Delpy est \u00e9galement buteur. En termes de r\u00e9ussite, il avoue une petite baisse dans ce secteur ces derniers temps. Mais il entend vite rectifier le tir\u00a0: \u00ab\u00a0Je dois \u00eatre entre 75 et 80\u00a0%, je dirais. C\u2019est moins bon que ce \u00e0 quoi j\u2019aspire et que ce que je pense \u00eatre capable de faire. Voil\u00e0, ce sont des p\u00e9riodes comme \u00e7a. Il faut l\u2019accepter\u00a0mais il faut continuer de travailler.\u00a0\u00bb<\/p>\n","protected":false},"excerpt":{"rendered":"l&rsquo;essentiel Apr\u00e8s un premier match \u00e0 Montauban, le demi d\u2019ouverture Valentin Delpy est de retour de pr\u00eat de&hellip;\n","protected":false},"author":2,"featured_media":696827,"comment_status":"","ping_status":"","sticky":false,"template":"","format":"standard","meta":{"footnotes":""},"categories":[1416],"tags":[1011,27,2722,479,1468,517,60,2312],"class_list":{"0":"post-696826","1":"post","2":"type-post","3":"status-publish","4":"format-standard","5":"has-post-thumbnail","7":"category-rugby","8":"tag-fr","9":"tag-france","10":"tag-haute-garonne","11":"tag-rugby","12":"tag-rugby-football","13":"tag-sport","14":"tag-sports","15":"tag-toulouse"},"share_on_mastodon":{"url":"https:\/\/pubeurope.com\/@fr\/115977246746320391","error":""},"_links":{"self":[{"href":"https:\/\/www.europesays.com\/fr\/wp-json\/wp\/v2\/posts\/696826","targetHints":{"allow":["GET"]}}],"collection":[{"href":"https:\/\/www.europesays.com\/fr\/wp-json\/wp\/v2\/posts"}],"about":[{"href":"https:\/\/www.europesays.com\/fr\/wp-json\/wp\/v2\/types\/post"}],"author":[{"embeddable":true,"href":"https:\/\/www.europesays.com\/fr\/wp-json\/wp\/v2\/users\/2"}],"replies":[{"embeddable":true,"href":"https:\/\/www.europesays.com\/fr\/wp-json\/wp\/v2\/comments?post=696826"}],"version-history":[{"count":0,"href":"https:\/\/www.europesays.com\/fr\/wp-json\/wp\/v2\/posts\/696826\/revisions"}],"wp:featuredmedia":[{"embeddable":true,"href":"https:\/\/www.europesays.com\/fr\/wp-json\/wp\/v2\/media\/696827"}],"wp:attachment":[{"href":"https:\/\/www.europesays.com\/fr\/wp-json\/wp\/v2\/media?parent=696826"}],"wp:term":[{"taxonomy":"category","embeddable":true,"href":"https:\/\/www.europesays.com\/fr\/wp-json\/wp\/v2\/categories?post=696826"},{"taxonomy":"post_tag","embeddable":true,"href":"https:\/\/www.europesays.com\/fr\/wp-json\/wp\/v2\/tags?post=696826"}],"curies":[{"name":"wp","href":"https:\/\/api.w.org\/{rel}","templated":true}]}}