{"id":696834,"date":"2026-01-29T07:44:11","date_gmt":"2026-01-29T07:44:11","guid":{"rendered":"https:\/\/www.europesays.com\/fr\/696834\/"},"modified":"2026-01-29T07:44:11","modified_gmt":"2026-01-29T07:44:11","slug":"nous-avons-malheureusement-du-prendre-cette-decision","status":"publish","type":"post","link":"https:\/\/www.europesays.com\/fr\/696834\/","title":{"rendered":"\u00ab Nous avons malheureusement d\u00fb prendre cette d\u00e9cision \u00bb"},"content":{"rendered":"<p>Par <a class=\"author_recette\" id=\"author_name\" href=\"https:\/\/www.nextplz.fr\/auteur\/yvan-styve\" target=\"_blank\" rel=\"noopener\">Yvan Styve<\/a><br \/>\n&#8211; Publi\u00e9 le<br \/>\n29 Jan 2026 \u00e0<br \/>\n06:30<\/p>\n<p class=\"article-intro excerpt\">Julien Lieb sacrifie partiellement<br \/>\nsa tourn\u00e9e pour Danse avec les stars. Six rendez-vous du Naufrag\u00e9s<br \/>\nTour basculent vers des dates ult\u00e9rieures.<\/p>\n<p>L\u00a0\u00bbascension fulgurante de Julien Lieb ne conna\u00eet d\u00e9sormais<br \/>\naucune pause ni ralentissement. Deux ans apr\u00e8s sa finale remarqu\u00e9e<br \/>\n\u00e0 la Star Academy, le jeune artiste collectionne progressivement<br \/>\nles succ\u00e8s. Par cons\u00e9quent, son agenda d\u00e9borde litt\u00e9ralement<br \/>\nd&rsquo;engagements professionnels et m\u00e9diatiques qui s&rsquo;entrechoquent<br \/>\nin\u00e9vitablement. Aujourd&rsquo;hui, l&rsquo;aventure Danse avec les stars impose<br \/>\neffectivement des arbitrages d\u00e9licats \u00e0 l&rsquo;interpr\u00e8te. Ainsi,<br \/>\nplusieurs spectateurs devront patienter davantage pour d\u00e9couvrir<br \/>\nson show en conditions r\u00e9elles. Cette actualit\u00e9 chamboule forc\u00e9ment<br \/>\nl&rsquo;organisation de milliers de fans \u00e0 travers la France hexagonale.<br \/>\nN\u00e9anmoins, les raisons demeurent compr\u00e9hensibles compte tenu des<br \/>\nexigences actuelles du t\u00e9l\u00e9-crochet chor\u00e9graphique.<\/p>\n<p>Du ch\u00e2teau de<br \/>\nDammarie aux projecteurs nationaux<\/p>\n<p>Depuis le ch\u00e2teau de Dammarie-les-Lys, Julien Lieb a<br \/>\nmanifestement parcouru un chemin impressionnant. D&rsquo;ailleurs, \u00e0<br \/>\nseulement 26 ans, il d\u00e9croche le prix de la R\u00e9v\u00e9lation masculine<br \/>\nfrancophone. Les singles Le jeu, BPM ou encore<br \/>\nAutrement, rythment actuellement les playlists fran\u00e7aises<br \/>\ncontemporaines. En parall\u00e8le, sa participation \u00e0 la saison 15 de<br \/>\nDanse avec les stars booste consid\u00e9rablement sa visibilit\u00e9<br \/>\nm\u00e9diatique nationale. <a href=\"https:\/\/www.nextplz.fr\/people\/523407-danse-avec-les-stars-lannonce-surprise-sur-lucie-bernardoni-inquiete-les-fans-de-la-star-academy\" target=\"_blank\" rel=\"noopener\"><br \/>\nSur le parquet, il retrouve notamment Lucie Bernardoni<\/a>, son<br \/>\nancienne r\u00e9p\u00e9titrice du ch\u00e2teau mythique. Emma, ex-\u00e9l\u00e8ve \u00e9galement<br \/>\nissue du t\u00e9l\u00e9-crochet, compl\u00e8te ce casting familier pour le<br \/>\nchanteur. La tourn\u00e9e initi\u00e9e en septembre dernier \u00e0 La Cigale se<br \/>\npoursuit malgr\u00e9 tout normalement. Cependant, l&rsquo;intensit\u00e9 des<br \/>\nr\u00e9p\u00e9titions chor\u00e9graphiques impose d\u00e9sormais des ajustements<br \/>\ncalendaires incontournables pour l&rsquo;artiste prometteur. Cette<br \/>\nsituation annonce effectivement des bouleversements significatifs<br \/>\npour certains spectacles programm\u00e9s prochainement dans<br \/>\nl&rsquo;Hexagone.<\/p>\n<p>Julien Lieb contraint de r\u00e9organiser six spectacles<br \/>\nstrat\u00e9giques<\/p>\n<p>Ce mercredi 28 janvier 2026, les \u00e9quipes de Julien Lieb<br \/>\nannoncent officiellement le report in\u00e9vitable. Les villes de<br \/>\nMutzig, Bordeaux, Lille, Saint-Gr\u00e9goire, Saint-Paul-Trois-Ch\u00e2teaux<br \/>\net Aix-en-Provence subissent directement ce changement. Les<br \/>\norganisateurs expliquent clairement : \u00ab Pour des raisons de<br \/>\nplanning li\u00e9es aux r\u00e9p\u00e9titions, tournages et primes \u00e0 venir dans le<br \/>\ncadre de la participation de Julien Lieb \u00e0 Danse avec les stars,<br \/>\nnous avons malheureusement d\u00fb prendre la d\u00e9cision de reporter<br \/>\ncertaines dates du Naufrag\u00e9s Tour \u00bb. En mars dernier, Julien<br \/>\nLieb <a href=\"https:\/\/www.nextplz.fr\/people\/482612-je-vous-propose-de-partir-julien-lieb-stoppe-concert-star-academy-defendre-ebony\" target=\"_blank\" rel=\"noopener\"><br \/>\navait d\u00e9j\u00e0 stopp\u00e9 son concert Star Academy pour d\u00e9fendre<br \/>\ncourageusement Ebony<\/a>. Cette fois, le calendrier TF1 dicte<br \/>\nimp\u00e9rativement les ajustements n\u00e9cessaires pour un report en avril,<br \/>\noctobre ou novembre 2026. Par ailleurs, les \u00e9quipes pr\u00e9cisent : \u00ab<br \/>\nCette d\u00e9cision a \u00e9t\u00e9 prise afin d&rsquo;anticiper la suite de<br \/>\nl&rsquo;aventure de Julien et surtout par souci de respect envers son<br \/>\npublic \u00bb. Personne ne conna\u00eet actuellement le parcours final<br \/>\ndu candidat aux c\u00f4t\u00e9s d&rsquo;Elsa Bois. Cependant, ses d\u00e9buts<br \/>\nprometteurs justifient amplement cette r\u00e9organisation temporaire<br \/>\nmais n\u00e9cessaire pour l&rsquo;artiste.<\/p>\n<p>Les modalit\u00e9s pratiques rassurent partiellement les d\u00e9tenteurs de<br \/>\nbillets<\/p>\n<p>Les organisateurs affirment solennellement : \u00ab Ce choix a<br \/>\n\u00e9t\u00e9 fait avec la volont\u00e9 de garantir \u00e0 chacun les meilleures<br \/>\nconditions possibles et de vous proposer, le moment venu, un<br \/>\nconcert pleinement abouti \u00bb. Concr\u00e8tement, tous les billets<br \/>\nrestent valables pour les nouvelles dates programm\u00e9es<br \/>\nult\u00e9rieurement. Aucune d\u00e9marche administrative ne s&rsquo;impose donc aux<br \/>\nspectateurs patients et compr\u00e9hensifs envers Julien Lieb.<br \/>\nN\u00e9anmoins, les \u00e9quipes ajoutent : \u00ab En cas d&rsquo;indisponibilit\u00e9,<br \/>\nvous pourrez demander le remboursement de vos billets aupr\u00e8s du<br \/>\npoint de vente o\u00f9 vous avez effectu\u00e9 votre achat \u00bb. R\u00e9cemment,<br \/>\nla saison 15 de Danse avec les stars a progressivement<br \/>\nd\u00e9voil\u00e9 ses tandems. Notamment, Julien Lieb et Maghla ont <a href=\"https:\/\/www.nextplz.fr\/people\/528086-elle-ma-dit-quon-maghla-et-julien-lieb-sortent-du-silence-avec-des-confidences-explosives-face-a-yann-barthes\" target=\"_blank\" rel=\"noopener\"><br \/>\nofficiellement confirm\u00e9 leurs bin\u00f4mes respectifs sur Quotidien<\/a>.<br \/>\nMalgr\u00e9 ces pr\u00e9cisions rassurantes, certains fans manifestent<br \/>\nlogiquement leur d\u00e9ception face aux reports annonc\u00e9s.<br \/>\nEffectivement, les assurances transport et h\u00e9bergement deviennent<br \/>\nsouvent caduques dans ces circonstances impr\u00e9vues.<\/p>\n","protected":false},"excerpt":{"rendered":"Par Yvan Styve &#8211; Publi\u00e9 le 29 Jan 2026 \u00e0 06:30 Julien Lieb sacrifie partiellement sa tourn\u00e9e pour&hellip;\n","protected":false},"author":2,"featured_media":696835,"comment_status":"","ping_status":"","sticky":false,"template":"","format":"standard","meta":{"footnotes":""},"categories":[1359],"tags":[58,59,1011,27,973,65861],"class_list":{"0":"post-696834","1":"post","2":"type-post","3":"status-publish","4":"format-standard","5":"has-post-thumbnail","7":"category-people","8":"tag-divertissement","9":"tag-entertainment","10":"tag-fr","11":"tag-france","12":"tag-people","13":"tag-trend"},"share_on_mastodon":{"url":"https:\/\/pubeurope.com\/@fr\/115977274322182993","error":""},"_links":{"self":[{"href":"https:\/\/www.europesays.com\/fr\/wp-json\/wp\/v2\/posts\/696834","targetHints":{"allow":["GET"]}}],"collection":[{"href":"https:\/\/www.europesays.com\/fr\/wp-json\/wp\/v2\/posts"}],"about":[{"href":"https:\/\/www.europesays.com\/fr\/wp-json\/wp\/v2\/types\/post"}],"author":[{"embeddable":true,"href":"https:\/\/www.europesays.com\/fr\/wp-json\/wp\/v2\/users\/2"}],"replies":[{"embeddable":true,"href":"https:\/\/www.europesays.com\/fr\/wp-json\/wp\/v2\/comments?post=696834"}],"version-history":[{"count":0,"href":"https:\/\/www.europesays.com\/fr\/wp-json\/wp\/v2\/posts\/696834\/revisions"}],"wp:featuredmedia":[{"embeddable":true,"href":"https:\/\/www.europesays.com\/fr\/wp-json\/wp\/v2\/media\/696835"}],"wp:attachment":[{"href":"https:\/\/www.europesays.com\/fr\/wp-json\/wp\/v2\/media?parent=696834"}],"wp:term":[{"taxonomy":"category","embeddable":true,"href":"https:\/\/www.europesays.com\/fr\/wp-json\/wp\/v2\/categories?post=696834"},{"taxonomy":"post_tag","embeddable":true,"href":"https:\/\/www.europesays.com\/fr\/wp-json\/wp\/v2\/tags?post=696834"}],"curies":[{"name":"wp","href":"https:\/\/api.w.org\/{rel}","templated":true}]}}