{"id":696840,"date":"2026-01-29T07:48:11","date_gmt":"2026-01-29T07:48:11","guid":{"rendered":"https:\/\/www.europesays.com\/fr\/696840\/"},"modified":"2026-01-29T07:48:11","modified_gmt":"2026-01-29T07:48:11","slug":"kdd-des-quartiers-de-toulouse-a-la-hype-de-new-york-que-sont-devenus-les-membres-du-groupe-de-rap-culte","status":"publish","type":"post","link":"https:\/\/www.europesays.com\/fr\/696840\/","title":{"rendered":"KDD\u00a0: des quartiers de Toulouse \u00e0 la hype de New York, que sont devenus les membres du groupe de rap culte\u00a0?"},"content":{"rendered":"<p>\n                                                                    l&rsquo;essentiel<br \/>\n                                                                Groupe culte du rap toulousain des ann\u00e9es 90, KDD a marqu\u00e9 toute une g\u00e9n\u00e9ration. Aujourd\u2019hui, ses membres poursuivent des carri\u00e8res vari\u00e9es. Si Dadoo continue de produire, Alex Varela revient sur sc\u00e8ne au festival Spirale, samedi au Metronum.\n                            <\/p>\n<p>Avec trois albums \u00e0 son actif publi\u00e9s entre\u00a01994 et\u00a02000, le groupe KDD a port\u00e9 un temps les couleurs du rap toulousain. Dadoo, Diesel (Alex), Robert, H2O et Lindsay racontent alors, de fa\u00e7on litt\u00e9raire, leur quotidien divis\u00e9 entre vie de quartier difficile et centre-ville, sur le disque \u00ab\u00a0Opte pour le K\u00a0\u00bb. Puis le deuxi\u00e8me album \u00ab\u00a0R\u00e9surrection\u00a0\u00bb para\u00eet qui marquera les esprits, suivi de \u00ab\u00a0Une couleur de plus au drapeau\u00a0\u00bb qui signera la fin de la collaboration.<\/p>\n<p>Chacun sa route. Celle de Dadoo sera ponctu\u00e9e de nombreuses collaborations et la publication en 2023 du projet \u00ab\u00a0X2\u00a0\u00bb entre autres. Celle de Lindsay passe aujourd\u2019hui par le Mexique o\u00f9 il est DJ et investi dans l\u2019import-export.\u00a0Herman a chang\u00e9 de vie, Robert n\u2019a pas quitt\u00e9 Toulouse et s\u2019est investi dans le centre de formation DSH et le festival Spirale qui se termine samedi. \u00ab\u00a0L\u2019\u00e9cole permet d\u2019aider les personnes qui veulent \u00eatre ind\u00e9pendantes dans le milieu de la musique et du spectacle vivant, explique-t-il, et dans le prolongement, on a mont\u00e9 le festival en 2022 qui permet de mettre en lumi\u00e8re des artistes qui souhaitent se produire sur sc\u00e8ne. Le festival leur permet d\u2019acc\u00e9der \u00e0 des lieux inaccessibles pour eux puisqu\u2019ils ne sont pas encore connus.\u00a0\u00bb<\/p>\n<p>Spirale et vid\u00e9os<\/p>\n<p>Pour sa part, Alex Varela embrasse le parcours de la production et de l\u2019\u00e9criture aux c\u00f4t\u00e9s de Diam\u2019s, Oxmo Puccino ou Disiz puis a travers\u00e9 l\u2019Atlantique pour s\u2019\u00e9tablir \u00e0 New York. \u00ab\u00a0Avec ma soci\u00e9t\u00e9 Mayberry Music, j\u2019ai d\u00e9velopp\u00e9 un concept de sound design et d\u2019illustration sonore pour des marques de mode et de luxe comme Cartier ou Tom Ford aux \u00c9tats-Unis mais aussi en France. L\u2019id\u00e9e de revenir \u00e0 la musique avec de nouveaux titres s\u2019est concr\u00e9tis\u00e9e par choix. Le but est d\u2019\u00eatre moi-m\u00eame et de le faire parce que j\u2019en ai envie. D\u2019autant plus que je commence en ind\u00e9pendant ce qui me donne toute la libert\u00e9 dont j\u2019ai besoin.\u00a0\u00bb<\/p>\n<p>Fin connaisseur des m\u00e9tiers de la musique, l\u2019artiste revient donc aujourd\u2019hui avec un projet dont l\u2019\u00e9tincelle a \u00e9t\u00e9 allum\u00e9e par l\u2019ancien partenaire de KDD, Robert Hovor. \u00ab\u00a0C\u2019est un peu mon grand fr\u00e8re, raconte Alex, c\u2019est lui qui me guidait \u00e0 l\u2019\u00e9poque lors des enregistrements, donc sa proposition de participer au festival Spirale m\u2019a boost\u00e9 pour \u00e9crire 7-8 nouveaux titres qui seront accompagn\u00e9s samedi par des \u00e9l\u00e9ments visuels. J\u2019ai fait appel \u00e0 Robert Hamada, un ami de New York qui est photographe de mode et r\u00e9alisateur de films. Je l\u2019ai rencontr\u00e9 \u00e0 la faveur d\u2019une campagne pour la marque Bottega Veneta et c\u2019est le moment o\u00f9 il \u00e9tait approch\u00e9 par le musicien Kanye West et l\u2019architecte Virgil Abloh qui \u00e9taient fans de son travail. Il a collabor\u00e9 avec eux et Rihanna a entendu parler de lui. Elle l\u2019a ensuite engag\u00e9 pour penser les visuels de sa tourn\u00e9e.\u00a0\u00bb Donc samedi soir s\u2019envisage comme la promesse d\u2019un grand spectacle en cl\u00f4ture du festival Spirale au <a href=\"https:\/\/www.ladepeche.fr\/2026\/01\/29\/%5C\" target=\"\\\" _blank=\"\" rel=\"noopener\">Metronum <\/a>et comme la renaissance d\u2019un artiste de grand talent. Welcome back, Alex\u00a0!<\/p>\n<p>Samedi 31\u00a0janvier \u00e0 20\u00a0h au Metronum (2, rdp Madame de Mondonville). Gratuit sur r\u00e9servation. \u00c0 \u00e9couter\u00a0: \u00ab\u00a0Metroid\u00a0\u00bb, nouveau titre d\u2019Alex Varela disponible sur toutes les plateformes.<\/p>\n","protected":false},"excerpt":{"rendered":"l&rsquo;essentiel Groupe culte du rap toulousain des ann\u00e9es 90, KDD a marqu\u00e9 toute une g\u00e9n\u00e9ration. Aujourd\u2019hui, ses membres&hellip;\n","protected":false},"author":2,"featured_media":696841,"comment_status":"","ping_status":"","sticky":false,"template":"","format":"standard","meta":{"footnotes":""},"categories":[1355],"tags":[872,58,59,1011,27,2722,1361,873,2312],"class_list":{"0":"post-696840","1":"post","2":"type-post","3":"status-publish","4":"format-standard","5":"has-post-thumbnail","7":"category-musique","8":"tag-culture-et-loisirs","9":"tag-divertissement","10":"tag-entertainment","11":"tag-fr","12":"tag-france","13":"tag-haute-garonne","14":"tag-music","15":"tag-musique","16":"tag-toulouse"},"share_on_mastodon":{"url":"https:\/\/pubeurope.com\/@fr\/115977289988012582","error":""},"_links":{"self":[{"href":"https:\/\/www.europesays.com\/fr\/wp-json\/wp\/v2\/posts\/696840","targetHints":{"allow":["GET"]}}],"collection":[{"href":"https:\/\/www.europesays.com\/fr\/wp-json\/wp\/v2\/posts"}],"about":[{"href":"https:\/\/www.europesays.com\/fr\/wp-json\/wp\/v2\/types\/post"}],"author":[{"embeddable":true,"href":"https:\/\/www.europesays.com\/fr\/wp-json\/wp\/v2\/users\/2"}],"replies":[{"embeddable":true,"href":"https:\/\/www.europesays.com\/fr\/wp-json\/wp\/v2\/comments?post=696840"}],"version-history":[{"count":0,"href":"https:\/\/www.europesays.com\/fr\/wp-json\/wp\/v2\/posts\/696840\/revisions"}],"wp:featuredmedia":[{"embeddable":true,"href":"https:\/\/www.europesays.com\/fr\/wp-json\/wp\/v2\/media\/696841"}],"wp:attachment":[{"href":"https:\/\/www.europesays.com\/fr\/wp-json\/wp\/v2\/media?parent=696840"}],"wp:term":[{"taxonomy":"category","embeddable":true,"href":"https:\/\/www.europesays.com\/fr\/wp-json\/wp\/v2\/categories?post=696840"},{"taxonomy":"post_tag","embeddable":true,"href":"https:\/\/www.europesays.com\/fr\/wp-json\/wp\/v2\/tags?post=696840"}],"curies":[{"name":"wp","href":"https:\/\/api.w.org\/{rel}","templated":true}]}}