{"id":696844,"date":"2026-01-29T07:50:10","date_gmt":"2026-01-29T07:50:10","guid":{"rendered":"https:\/\/www.europesays.com\/fr\/696844\/"},"modified":"2026-01-29T07:50:10","modified_gmt":"2026-01-29T07:50:10","slug":"a-13-ans-lucas-gueri-dun-cancer-du-cerveau-considere-comme-incurable-une-premiere-mondiale","status":"publish","type":"post","link":"https:\/\/www.europesays.com\/fr\/696844\/","title":{"rendered":"\u00c0 13 ans, Lucas gu\u00e9ri d\u2019un cancer du cerveau consid\u00e9r\u00e9 comme incurable : une premi\u00e8re mondiale"},"content":{"rendered":"<p data-start=\"156\" data-end=\"573\">Diagnostiqu\u00e9 \u00e0 l\u2019\u00e2ge de 6 ans en Belgique, l\u2019enfant \u00e9tait atteint d\u2019une forme particuli\u00e8rement agressive de tumeur c\u00e9r\u00e9brale. Les traitements existants offrent rarement une survie prolong\u00e9e.<\/p>\n<p data-start=\"575\" data-end=\"877\">Face \u00e0 l\u2019absence de solution th\u00e9rapeutique, sa famille s\u2019est install\u00e9e en France afin qu\u2019il puisse participer \u00e0 un essai clinique exp\u00e9rimental men\u00e9 dans un centre sp\u00e9cialis\u00e9. Au fil du suivi m\u00e9dical, les examens IRM ont montr\u00e9 une r\u00e9gression progressive de la tumeur jusqu\u2019\u00e0 sa disparition totale.<\/p>\n<p data-start=\"879\" data-end=\"1212\">Selon les m\u00e9decins, cette r\u00e9ponse exceptionnelle au traitement serait li\u00e9e \u00e0 une mutation g\u00e9n\u00e9tique extr\u00eamement rare, rendant la tumeur sensible \u00e0 la th\u00e9rapie administr\u00e9e. Ce cas unique suscite un vif int\u00e9r\u00eat dans la communaut\u00e9 scientifique et ouvre de nouvelles perspectives de recherche pour les cancers c\u00e9r\u00e9braux p\u00e9diatriques. Les sp\u00e9cialistes restent toutefois prudents, rappelant qu\u2019il s\u2019agit d\u2019un cas isol\u00e9.\u00a0<\/p>\n","protected":false},"excerpt":{"rendered":"Diagnostiqu\u00e9 \u00e0 l\u2019\u00e2ge de 6 ans en Belgique, l\u2019enfant \u00e9tait atteint d\u2019une forme particuli\u00e8rement agressive de tumeur c\u00e9r\u00e9brale.&hellip;\n","protected":false},"author":2,"featured_media":696845,"comment_status":"","ping_status":"","sticky":false,"template":"","format":"standard","meta":{"footnotes":""},"categories":[10],"tags":[1011,27,72,71],"class_list":{"0":"post-696844","1":"post","2":"type-post","3":"status-publish","4":"format-standard","5":"has-post-thumbnail","7":"category-sante","8":"tag-fr","9":"tag-france","10":"tag-health","11":"tag-sante"},"share_on_mastodon":{"url":"https:\/\/pubeurope.com\/@fr\/115977297817601432","error":""},"_links":{"self":[{"href":"https:\/\/www.europesays.com\/fr\/wp-json\/wp\/v2\/posts\/696844","targetHints":{"allow":["GET"]}}],"collection":[{"href":"https:\/\/www.europesays.com\/fr\/wp-json\/wp\/v2\/posts"}],"about":[{"href":"https:\/\/www.europesays.com\/fr\/wp-json\/wp\/v2\/types\/post"}],"author":[{"embeddable":true,"href":"https:\/\/www.europesays.com\/fr\/wp-json\/wp\/v2\/users\/2"}],"replies":[{"embeddable":true,"href":"https:\/\/www.europesays.com\/fr\/wp-json\/wp\/v2\/comments?post=696844"}],"version-history":[{"count":0,"href":"https:\/\/www.europesays.com\/fr\/wp-json\/wp\/v2\/posts\/696844\/revisions"}],"wp:featuredmedia":[{"embeddable":true,"href":"https:\/\/www.europesays.com\/fr\/wp-json\/wp\/v2\/media\/696845"}],"wp:attachment":[{"href":"https:\/\/www.europesays.com\/fr\/wp-json\/wp\/v2\/media?parent=696844"}],"wp:term":[{"taxonomy":"category","embeddable":true,"href":"https:\/\/www.europesays.com\/fr\/wp-json\/wp\/v2\/categories?post=696844"},{"taxonomy":"post_tag","embeddable":true,"href":"https:\/\/www.europesays.com\/fr\/wp-json\/wp\/v2\/tags?post=696844"}],"curies":[{"name":"wp","href":"https:\/\/api.w.org\/{rel}","templated":true}]}}