{"id":696848,"date":"2026-01-29T07:52:11","date_gmt":"2026-01-29T07:52:11","guid":{"rendered":"https:\/\/www.europesays.com\/fr\/696848\/"},"modified":"2026-01-29T07:52:11","modified_gmt":"2026-01-29T07:52:11","slug":"pourquoi-la-lune-des-neiges-vous-paraitra-anormalement-gigantesque","status":"publish","type":"post","link":"https:\/\/www.europesays.com\/fr\/696848\/","title":{"rendered":"pourquoi la \u00ab Lune des Neiges \u00bb vous para\u00eetra anormalement gigantesque"},"content":{"rendered":"<p data-path-to-node=\"3\"><b data-path-to-node=\"3\" data-index-in-node=\"0\">Si vous levez les yeux vers le ciel ce 1er f\u00e9vrier, pr\u00e9parez-vous \u00e0 une <a href=\"https:\/\/sciencepost.fr\/cette-illusion-doptique-peut-reveler-si-vous-avez-potentiellement-des-traits-autistiques\/\" target=\"_blank\" rel=\"noopener\">illusion d\u2019optique<\/a> fascinante. Alors que l\u2019hiver bat son plein, le ciel nous offre son spectacle mensuel le plus brillant : la \u00ab Lune des Neiges \u00bb. Mais cette ann\u00e9e, ce n\u2019est pas seulement sa luminosit\u00e9 qui risque de vous surprendre, mais sa taille apparente. Voici tout ce qu\u2019il faut savoir pour profiter de ce ph\u00e9nom\u00e8ne c\u00e9leste m\u00ealant histoire am\u00e9rindienne et bizarrerie c\u00e9r\u00e9brale.<\/b><\/p>\n<p>Un nom n\u00e9 dans le froid glacial<\/p>\n<p data-path-to-node=\"5\">Pourquoi ce nom po\u00e9tique ? Il ne s\u2019agit pas d\u2019un caprice moderne, mais d\u2019un h\u00e9ritage historique pragmatique. Dans les ann\u00e9es 1760, le capitaine et explorateur Jonathan Carver part \u00e0 la rencontre de la tribu Naudowessie (Dakota). Dans ses \u00e9crits, il note que les peuples autochtones utilisent les cycles lunaires plut\u00f4t que le calendrier julien pour se rep\u00e9rer dans le temps.<\/p>\n<p data-path-to-node=\"6\">Ils ont baptis\u00e9 la pleine lune de f\u00e9vrier la \u00ab\u00a0Lune des Neiges\u00a0\u00bb (Snow Moon) pour une raison \u00e9vidente : la m\u00e9t\u00e9orologie. Selon les archives de l\u2019Almanach du Vieux Fermier, c\u2019est statistiquement le mois o\u00f9 les chutes de neige sont les plus abondantes et les plus lourdes en Am\u00e9rique du Nord. Cette lune marquait souvent une p\u00e9riode difficile, o\u00f9 la chasse devenait ardue et les r\u00e9serves de nourriture s\u2019amenuisaient, lui valant parfois le surnom plus sombre de \u00ab\u00a0Lune de la Faim\u00a0\u00bb.<\/p>\n<p>Le pi\u00e8ge de l\u2019illusion lunaire<\/p>\n<p data-path-to-node=\"8\">Ce 1er f\u00e9vrier, la Lune atteindra son pic d\u2019illumination pr\u00e9cis \u00e0 17h09 (heure de l\u2019Est), mais c\u2019est au moment o\u00f9 elle franchira l\u2019horizon, au coucher du soleil, que le spectacle sera le plus troublant.<\/p>\n<p style=\"text-align: left;\" data-path-to-node=\"9\">Les <a href=\"https:\/\/www.newsweek.com\/topic\/nasa\" target=\"_blank\" rel=\"noopener\">observateurs<\/a> auront l\u2019impression de voir une lune \u00ab\u00a0g\u00e9ante\u00a0\u00bb, bien plus grosse que lorsqu\u2019elle est haute dans le ciel. Attention, la Lune ne s\u2019est pas rapproch\u00e9e de la Terre ! Vous \u00eates victime de \u00ab\u00a0l\u2019illusion lunaire\u00a0\u00bb. C\u2019est un tour jou\u00e9 par votre cerveau : lorsque la Lune est proche de l\u2019horizon, votre esprit la compare inconsciemment aux \u00e9l\u00e9ments terrestres (arbres, immeubles, collines). Par effet de perspective, elle para\u00eet alors immense. D\u00e8s qu\u2019elle monte dans le vide du ciel, sans points de rep\u00e8re, elle semble \u00ab\u00a0r\u00e9tr\u00e9cir\u00a0\u00bb.<\/p>\n<p data-path-to-node=\"10\">De plus, l\u2019atmosph\u00e8re terrestre, plus \u00e9paisse \u00e0 l\u2019horizon, agit comme une lentille d\u00e9formante. Vous pourrez peut-\u00eatre observer le bord de la Lune (le limbe) \u00ab\u00a0danser\u00a0\u00bb ou osciller, et voir l\u2019astre se parer d\u2019une couleur plus orang\u00e9e ou rouge\u00e2tre.<\/p>\n<p data-path-to-node=\"10\"><img loading=\"lazy\" decoding=\"async\" class=\"aligncenter size-full wp-image-318805\" src=\"https:\/\/www.europesays.com\/fr\/wp-content\/uploads\/2026\/01\/iStock-2180994251.jpg\" alt=\"super lune\" width=\"1254\" height=\"836\"  \/>Cr\u00e9dit : m-gucci\/istock<\/p>\n<p>Le pire moment pour utiliser un t\u00e9lescope ?<\/p>\n<p data-path-to-node=\"12\">D\u2019un point de vue astronomique, la pleine lune se produit lorsque notre satellite se trouve \u00e0 l\u2019oppos\u00e9 exact du Soleil par rapport \u00e0 la Terre. La face visible est alors inond\u00e9e de lumi\u00e8re solaire directe. Techniquement, comme le rappelle la NASA, c\u2019est le seul moment o\u00f9 l\u2019on voit une \u00ab\u00a0vraie\u00a0\u00bb demi-sph\u00e8re compl\u00e8te.<\/p>\n<p data-path-to-node=\"13\">Pourtant, si vous poss\u00e9dez des jumelles ou un t\u00e9lescope, ce n\u2019est paradoxalement pas le meilleur soir pour les sortir. La NASA conseille aux astronomes amateurs d\u2019\u00e9viter la phase de pleine lune pour observer les d\u00e9tails. Pourquoi ? Parce que la lumi\u00e8re du soleil frappe la lune de face. Il n\u2019y a donc presque aucune ombre \u00e0 la surface. Sans ombres, les crat\u00e8res et les montagnes perdent leur relief et la Lune appara\u00eet comme un disque plat et \u00e9blouissant. Pour voir les crat\u00e8res en 3D, privil\u00e9giez les phases de quartier, o\u00f9 la lumi\u00e8re rasante r\u00e9v\u00e8le la topographie lunaire.<\/p>\n<p>Comment l\u2019observer ?<\/p>\n<p data-path-to-node=\"15\">Pour profiter du spectacle ce 1er f\u00e9vrier, regardez vers l\u2019Est juste apr\u00e8s le coucher du Soleil. La Lune des Neiges devrait s\u2019\u00e9lever pr\u00e8s des \u00e9toiles de la constellation du Cancer. M\u00eame si elle est tr\u00e8s brillante, essayez de vous \u00e9loigner des lumi\u00e8res de la ville pour percevoir les \u00e9ventuels halos lumineux cr\u00e9\u00e9s par les cristaux de glace dans l\u2019atmosph\u00e8re, un ph\u00e9nom\u00e8ne fr\u00e9quent lors des froides nuits d\u2019hiver.<\/p>\n","protected":false},"excerpt":{"rendered":"Si vous levez les yeux vers le ciel ce 1er f\u00e9vrier, pr\u00e9parez-vous \u00e0 une illusion d\u2019optique fascinante. Alors&hellip;\n","protected":false},"author":2,"featured_media":696849,"comment_status":"","ping_status":"","sticky":false,"template":"","format":"standard","meta":{"footnotes":""},"categories":[8],"tags":[58,59,1011,27,56],"class_list":{"0":"post-696848","1":"post","2":"type-post","3":"status-publish","4":"format-standard","5":"has-post-thumbnail","7":"category-divertissement","8":"tag-divertissement","9":"tag-entertainment","10":"tag-fr","11":"tag-france","12":"tag-push"},"share_on_mastodon":{"url":"https:\/\/pubeurope.com\/@fr\/115977305805186147","error":""},"_links":{"self":[{"href":"https:\/\/www.europesays.com\/fr\/wp-json\/wp\/v2\/posts\/696848","targetHints":{"allow":["GET"]}}],"collection":[{"href":"https:\/\/www.europesays.com\/fr\/wp-json\/wp\/v2\/posts"}],"about":[{"href":"https:\/\/www.europesays.com\/fr\/wp-json\/wp\/v2\/types\/post"}],"author":[{"embeddable":true,"href":"https:\/\/www.europesays.com\/fr\/wp-json\/wp\/v2\/users\/2"}],"replies":[{"embeddable":true,"href":"https:\/\/www.europesays.com\/fr\/wp-json\/wp\/v2\/comments?post=696848"}],"version-history":[{"count":0,"href":"https:\/\/www.europesays.com\/fr\/wp-json\/wp\/v2\/posts\/696848\/revisions"}],"wp:featuredmedia":[{"embeddable":true,"href":"https:\/\/www.europesays.com\/fr\/wp-json\/wp\/v2\/media\/696849"}],"wp:attachment":[{"href":"https:\/\/www.europesays.com\/fr\/wp-json\/wp\/v2\/media?parent=696848"}],"wp:term":[{"taxonomy":"category","embeddable":true,"href":"https:\/\/www.europesays.com\/fr\/wp-json\/wp\/v2\/categories?post=696848"},{"taxonomy":"post_tag","embeddable":true,"href":"https:\/\/www.europesays.com\/fr\/wp-json\/wp\/v2\/tags?post=696848"}],"curies":[{"name":"wp","href":"https:\/\/api.w.org\/{rel}","templated":true}]}}