{"id":696852,"date":"2026-01-29T07:54:10","date_gmt":"2026-01-29T07:54:10","guid":{"rendered":"https:\/\/www.europesays.com\/fr\/696852\/"},"modified":"2026-01-29T07:54:10","modified_gmt":"2026-01-29T07:54:10","slug":"trump-est-bien-le-responsable-de-cette-ruee-historique-vers-lor-selon-le-conseil-mondial-de-lor","status":"publish","type":"post","link":"https:\/\/www.europesays.com\/fr\/696852\/","title":{"rendered":"Trump est bien le responsable de cette ru\u00e9e historique vers l&rsquo;or, selon le Conseil mondial de l&rsquo;or"},"content":{"rendered":"<p>En 2025, la demande mondiale d\u2019or a atteint un record historique, d\u00e9passant 5.000 tonnes, port\u00e9e par l\u2019incertitude g\u00e9opolitique et \u00e9conomique li\u00e9e aux politiques de Donald Trump, poussant investisseurs et banques centrales \u00e0 se r\u00e9fugier massivement dans le m\u00e9tal jaune.<\/p>\n<p>La demande d&rsquo;or n&rsquo;a jamais \u00e9t\u00e9 aussi forte qu&rsquo;en 2025 sur un an, les investisseurs et les banques centrales s&rsquo;\u00e9tant ru\u00e9s vers la valeur refuge <a href=\"https:\/\/www.bfmtv.com\/economie\/replay-emissions\/bfm-patrimoine\/le-placement-a-suivre-l-or-continue-de-battre-des-records-27-01_EN-202601270473.html\" title=\"Le placement \u00e0 suivre : L&#039;or continue de battre des records - 27\/01\" class=\"internal_link\" target=\"_blank\" rel=\"noopener\">pour se pr\u00e9munir des politiques imprivisibles de Donald Trump<\/a>, selon le rapport annuel du Conseil mondial de l&rsquo;or (CMO) jeudi.<\/p>\n<p>Les achats d&rsquo;or en 2025 affichent des chiffres record &#8211; en volume comme en valeur &#8211; avec une demande d\u00e9passant les 5.000 tonnes et repr\u00e9sentant 555 milliards de dollars, soit un montant en hausse de 45% en glissement annuel.<\/p>\n<p>\u00ab\u00a0L&rsquo;incertitude\u00a0\u00bb est le ma\u00eetre mot pour expliquer ces r\u00e9sultats mirobolants de l&rsquo;or, selon Krishan Gopaul, expert du CMO, l&rsquo;association qui repr\u00e9sente les principales compagnies mini\u00e8res aurif\u00e8res mondiales.<\/p>\n<blockquote class=\"embed embed_quote\"><p>\u00ab\u00a0Sur le plan g\u00e9opolitique, les actions de la nouvelle administration Trump ont \u00e9videmment suscit\u00e9 des inqui\u00e9tudes\u00a0\u00bb, affirme-t-il.<\/p><\/blockquote>\n<p>L&rsquo;ann\u00e9e 2025 a ainsi \u00e9t\u00e9 marqu\u00e9e par un changement prononc\u00e9 de la politique \u00e9conomique am\u00e9ricaine, Washington ayant d\u00e9clench\u00e9 des guerres tarifaires contre ses partenaires commerciaux, notamment la Chine, l&rsquo;Union europ\u00e9enne et l&rsquo;Inde.<\/p>\n<p>5.300 dollars l&rsquo;once<\/p>\n<p>Par ailleurs, aux \u00c9tats-Unis, le pr\u00e9sident am\u00e9ricain a attaqu\u00e9 la politique mon\u00e9taire de la R\u00e9serve f\u00e9d\u00e9rale am\u00e9ricaine, faisant craindre une d\u00e9gradation de l&rsquo;ind\u00e9pendance de l&rsquo;institution et favorisant la d\u00e9pr\u00e9ciation du dollar. R\u00e9sultat, <a href=\"https:\/\/www.bfmtv.com\/economie\/replay-emissions\/bfm-patrimoine\/le-placement-a-suivre-l-or-continue-de-battre-des-records-27-01_EN-202601270473.html\" title=\"Le placement \u00e0 suivre : L&#039;or continue de battre des records - 27\/01\" class=\"internal_link\" target=\"_blank\" rel=\"noopener\">les banques centrales ont tr\u00e8s largement continu\u00e9 \u00e0 accro\u00eetre leurs r\u00e9serves d&rsquo;or<\/a>.<\/p>\n<p>Malgr\u00e9 une l\u00e9g\u00e8re baisse d&rsquo;achats en volume par rapport \u00e0 l&rsquo;ann\u00e9e pr\u00e9c\u00e9dente, la demande de m\u00e9tal jaune de ces institutions mon\u00e9taires a augment\u00e9 de 13% en valeur entre 2025 et 2024.<\/p>\n<p>L&rsquo;or repr\u00e9sente d\u00e9sormais plus de 20% des r\u00e9serves des banques centrales (contre moins de 10% dans les ann\u00e9es 2010), un pourcentage qui n&rsquo;avait plus \u00e9t\u00e9 atteint depuis le d\u00e9but des ann\u00e9es 90, note le CMO, et une hausse qui s&rsquo;est surtout faite au d\u00e9triment du dollar.<\/p>\n<p>La demande d&rsquo;or a aussi b\u00e9n\u00e9fici\u00e9 d&rsquo;un engouement sans pr\u00e9c\u00e9dent pour les produits financiers adoss\u00e9s \u00e0 son cours, les ETF.<\/p>\n<p>Ces derniers se sont multipli\u00e9s ces derni\u00e8res ann\u00e9es et \u00ab\u00a0ont rendu l&rsquo;or plus accessible \u00e0 de nombreux investisseurs\u00a0\u00bb, en le rendant aussi simple \u00e0 acheter qu&rsquo;une action d&rsquo;entreprise, sans avoir \u00e0 le d\u00e9tenir soi-m\u00eame, pr\u00e9cise M. Gopaul.<\/p>\n<p>Selon lui, les facteurs de hausse en 2025 seront encore \u00e0 l&rsquo;oeuvre en 2026 et \u00ab\u00a0cet environnement continuera \u00e0 favoriser la demande d&rsquo;investissement\u00a0\u00bb.<\/p>\n<p>L&rsquo;once d&rsquo;or (qui on le rappelle repr\u00e9ente 31,1 grammes) a entam\u00e9 2026 avec des performances \u00e9poustouflantes, atteignant mercredi un nouveau record, au-dessus de 5.300 dollars.<\/p>\n","protected":false},"excerpt":{"rendered":"En 2025, la demande mondiale d\u2019or a atteint un record historique, d\u00e9passant 5.000 tonnes, port\u00e9e par l\u2019incertitude g\u00e9opolitique&hellip;\n","protected":false},"author":2,"featured_media":696853,"comment_status":"","ping_status":"","sticky":false,"template":"","format":"standard","meta":{"footnotes":""},"categories":[6],"tags":[35,33,34,1011,27],"class_list":{"0":"post-696852","1":"post","2":"type-post","3":"status-publish","4":"format-standard","5":"has-post-thumbnail","7":"category-economie","8":"tag-business","9":"tag-economie","10":"tag-economy","11":"tag-fr","12":"tag-france"},"share_on_mastodon":{"url":"https:\/\/pubeurope.com\/@fr\/115977313697685676","error":""},"_links":{"self":[{"href":"https:\/\/www.europesays.com\/fr\/wp-json\/wp\/v2\/posts\/696852","targetHints":{"allow":["GET"]}}],"collection":[{"href":"https:\/\/www.europesays.com\/fr\/wp-json\/wp\/v2\/posts"}],"about":[{"href":"https:\/\/www.europesays.com\/fr\/wp-json\/wp\/v2\/types\/post"}],"author":[{"embeddable":true,"href":"https:\/\/www.europesays.com\/fr\/wp-json\/wp\/v2\/users\/2"}],"replies":[{"embeddable":true,"href":"https:\/\/www.europesays.com\/fr\/wp-json\/wp\/v2\/comments?post=696852"}],"version-history":[{"count":0,"href":"https:\/\/www.europesays.com\/fr\/wp-json\/wp\/v2\/posts\/696852\/revisions"}],"wp:featuredmedia":[{"embeddable":true,"href":"https:\/\/www.europesays.com\/fr\/wp-json\/wp\/v2\/media\/696853"}],"wp:attachment":[{"href":"https:\/\/www.europesays.com\/fr\/wp-json\/wp\/v2\/media?parent=696852"}],"wp:term":[{"taxonomy":"category","embeddable":true,"href":"https:\/\/www.europesays.com\/fr\/wp-json\/wp\/v2\/categories?post=696852"},{"taxonomy":"post_tag","embeddable":true,"href":"https:\/\/www.europesays.com\/fr\/wp-json\/wp\/v2\/tags?post=696852"}],"curies":[{"name":"wp","href":"https:\/\/api.w.org\/{rel}","templated":true}]}}