{"id":696854,"date":"2026-01-29T07:55:16","date_gmt":"2026-01-29T07:55:16","guid":{"rendered":"https:\/\/www.europesays.com\/fr\/696854\/"},"modified":"2026-01-29T07:55:16","modified_gmt":"2026-01-29T07:55:16","slug":"les-attentats-vont-se-multiplier-en-europe-et-je-ne-suis-pas-desolee-pour-vous-kurdes-syriens-la-trahison","status":"publish","type":"post","link":"https:\/\/www.europesays.com\/fr\/696854\/","title":{"rendered":"\u00ab Les attentats vont se multiplier en Europe, et je ne suis pas \u00add\u00e9sol\u00e9e pour vous \u00bb : Kurdes syriens, la trahison"},"content":{"rendered":"<p>Derri\u00e8re la porte d\u2019un immeuble anonyme de la ville \u00adde Hassak\u00e9, dans le nord-est de la <a href=\"https:\/\/www.parismatch.com\/dossiers\/syrie\" target=\"_blank\" rel=\"noopener\">Syrie<\/a>, des gilets pare-balles voisinent avec un aspirateur et des claquettes. Une dizaine de soldates des \u00adUnit\u00e9s de protection de la femme (YPJ) ont les yeux riv\u00e9s \u00e0 la t\u00e9l\u00e9vision. La mine sombre, elles assistent en direct \u00e0 l\u2019\u00e9croulement d\u2019un r\u00eave pour lequel elles ont tout sacrifi\u00e9. Sur l\u2019\u00e9cran, les mauvaises nouvelles d\u00e9filent : la ville de Koban\u00e9 assi\u00e9g\u00e9e, les flots de d\u00e9plac\u00e9s, les centaines de camarades tomb\u00e9s au combat. Dans ce marasme, la commandante Ariane a longtemps guett\u00e9 un signe de soutien de l\u2019Occident. En vain. \u00ab\u2009Tout le monde nous a abandonn\u00e9s\u2009\u00bb, l\u00e2che-t-elle, sid\u00e9r\u00e9e. \u00c0 ses c\u00f4t\u00e9s, Ezda tire simultan\u00e9ment sur une vapoteuse et une cigarette. Elle pousse sous nos yeux une compilation de vid\u00e9os o\u00f9 l\u2019on voit ses s\u0153urs d\u2019armes scalp\u00e9es, leurs cadavres profan\u00e9s. Sur une autre, des soldats hirsutes de l\u2019arm\u00e9e syrienne promettent \u00add\u2019offrir \u00e0 leur \u00ab\u2009\u00e9mir\u2009\u00bb des combattantes captur\u00e9es lors de la prise de Raqqa, douloureux rappel du calvaire de milliers de femmes \u00ady\u00e9zidies, r\u00e9duites en esclavage sexuel \u00e0 l\u2019\u00e9poque du califat. La d\u00e9monstration par l\u2019horreur qu\u2019\u00ab\u2009il n\u2019y a aucune cohabitation possible avec ces monstres, ass\u00e8ne-t-elle. Comment voulez-vous que des femmes comme nous vivent avec des hommes comme eux ? Nous incarnons tout ce qu\u2019ils d\u00e9testent, et inversement\u2009\u00bb. De m\u00eame que toutes ses camarades pr\u00e9sentes dans la pi\u00e8ce, Ezda conserve sur elle une grenade destin\u00e9e \u00e0 se suicider pour ne pas \u00eatre prise vivante. \u00c0 17\u00a0ans, elle s\u2019est engag\u00e9e au sein des YPJ pour d\u00e9fendre sa terre et ses droits. Le monde a longtemps r\u00eav\u00e9 devant ces amazones qui ont fait plier Daech. Aujourd\u2019hui, le gouvernement de Damas exige, parmi les conditions pos\u00e9es \u00e0 un accord \u00e9ventuel avec les forces kurdes, que ces unit\u00e9s f\u00e9minines soient d\u00e9mantel\u00e9es.<\/p>\n<p>Pendant que les h\u00e9ro\u00efnes d\u2019hier sont sacrifi\u00e9es dans un silence assourdissant, d\u2019autres s\u2019appr\u00eatent \u00e0 savourer leur revanche. \u00ab\u2009C\u2019est l\u2019euphorie g\u00e9n\u00e9rale ici\u2009\u00bb, souffle le directeur du camp de r\u00e9tention de Roj, o\u00f9 sont d\u00e9tenus plus de 2\u2009000 femmes et enfants soup\u00e7onn\u00e9s de lien avec l\u2019\u00c9tat islamique (EI). Quatre jours plus t\u00f4t, les forces kurdes se sont retir\u00e9es de celui d\u2019Al-Hol, situ\u00e9 \u00e0 une centaine de kilom\u00e8tres de l\u00e0. Celles-ci craignent \u00add\u00e9sormais un effet de contagion. \u00ab\u2009Les femmes nous disent que bient\u00f4t nous nous retrouverons \u00e0 leur place. Beaucoup ont d\u00e9j\u00e0 fait leurs valises\u2009\u00bb, se d\u00e9sesp\u00e8re le responsable. Il nous montre une vid\u00e9o trouv\u00e9e il y a deux jours dans le t\u00e9l\u00e9phone d\u2019une d\u00e9tenue. On y voit une vingtaine de femmes en plein banquet, qui chantent et rient. L\u2019\u00e9lectricit\u00e9 et l\u2019acc\u00e8s \u00e0 Internet ont \u00e9t\u00e9 coup\u00e9s afin d\u2019emp\u00eacher tout contact avec l\u2019ext\u00e9rieur et pr\u00e9venir ainsi une possible insurrection. \u00ab\u2009Mais \u00e7a ne les emp\u00eache pas d\u2019\u00eatre au courant avant nous de ce qui se passe dehors. Ces femmes sont en contact permanent avec les \u00adcombattants de l\u2019EI. Si elles ont toujours refus\u00e9 de rentrer chez elles, c\u2019est parce qu\u2019elles pr\u00e9parent m\u00e9thodiquement un nouveau djihad.\u2009\u00bb<\/p>\n<p>    <img decoding=\"async\" src=\"https:\/\/www.europesays.com\/fr\/wp-content\/uploads\/2026\/01\/sc_dscf5838_copy.jpg\" alt=\"Un convoi de combattants kurdes, pr\u00e8s de la prison de Hassak\u00e9, le 23 janvier. Les blind\u00e9s Humvee (au fond) sont tout qui leur reste du soutien am\u00e9ricain.\" loading=\"lazy\"\/><\/p>\n<p>\n      Un convoi de combattants kurdes, pr\u00e8s de la prison de Hassak\u00e9, le 23 janvier. Les blind\u00e9s Humvee (au fond) sont tout qui leur reste du soutien am\u00e9ricain.<\/p>\n<p>                Paris Match<br \/>\n                      \/<br \/>\n                                \u00a9 Bulent Kilic<\/p>\n<p>    <img decoding=\"async\" src=\"https:\/\/www.europesays.com\/fr\/wp-content\/uploads\/2026\/01\/sc_dscf2140_copy.jpg\" alt=\"Des Kurdes coinc\u00e9s par la neige, non loin de Rmelan, dans le nord-est de la Syrie, le 23 janvier. Six mille personnes ont fui les zones de Raqqa et de Deir ez-Zor, reprises par l'arm\u00e9e syrienne.\" loading=\"lazy\"\/><\/p>\n<p>\n      Des Kurdes coinc\u00e9s par la neige, non loin de Rmelan, dans le nord-est de la Syrie, le 23 janvier. Six mille personnes ont fui les zones de Raqqa et de Deir ez-Zor, reprises par l&rsquo;arm\u00e9e syrienne.<\/p>\n<p>                Paris Match<br \/>\n                      \/<br \/>\n                                \u00a9 Bulent Kilic<\/p>\n<p>Dans le d\u00e9dale de tentes mis\u00e9reuses, on prie depuis longtemps pour la r\u00e9surgence de l\u2019EI. Les Fran\u00e7aises que nous avions rencontr\u00e9es il y a deux ans n\u2019en faisaient pas myst\u00e8re. Celles que nous croisons aujourd\u2019hui se gardent de tout triomphalisme. Voil\u00e9es de la t\u00eate aux pieds, elles refusent d\u2019abord de nous parler avant de confier leur \u00ab\u2009inqui\u00e9tude\u2009\u00bb. \u00ab\u2009On garde la face mais on est en panique, l\u00e2che Miriam, originaire de N\u00eemes. Les Kurdes sentent la d\u00e9faite arriver, alors ils se vengent. Avec nous, ils n\u2019osent pas trop, mais les filles des pays sous-d\u00e9velopp\u00e9s, comme les Ouzbekes, elles ont pris cher ces derniers jours.\u2009\u00bb Cette m\u00e8re de deux fillettes a \u00adtoujours refus\u00e9 d\u2019\u00eatre rapatri\u00e9e en France, o\u00f9 elle explique redouter la prison et le placement de ses enfants. Elle\u00a0soutient prudemment ne rien comprendre \u00e0 la \u00adpolitique, ni \u00e0 ce qu\u2019il se passe \u00e0 l\u2019ext\u00e9rieur du camp. \u00ab\u2009Tout ce qu\u2019on veut, c\u2019est montrer le monde \u00e0 nos enfants. Qu\u2019ils d\u00e9couvrent la for\u00eat, les animaux\u2009\u00bb, dit-elle. Sa voisine, Sarah*, d\u00e9plore qu\u2019aucune marchandise n\u2019entre dans le camp depuis plusieurs jours. \u00ab\u2009On vit sur nos r\u00e9serves, mais pour des Fran\u00e7aises qui aiment la bonne bouffe, c\u2019est dur.\u2009\u00bb Pourtant, il est hors de question de retourner dans \u00adl\u2019Hexagone. si les autorit\u00e9s de Damas la lib\u00e9raient, la jeune femme se dit pr\u00eate \u00e0 rester en Syrie o\u00f9 elle serait \u00ab\u2009libre de vivre sa foi\u2009\u00bb. Les gardiennes nous pressent de partir. L\u2019une d\u2019elles nous glisse, am\u00e8re\u2009: \u00ab\u2009D\u2019ici quelques mois, les attentats vont se multiplier en Europe. Je ne peux m\u00eame pas dire que je suis \u00add\u00e9sol\u00e9e pour vous\u2026\u2009\u00bb<\/p>\n<p>    <img decoding=\"async\" src=\"https:\/\/www.europesays.com\/fr\/wp-content\/uploads\/2026\/01\/sc_dscf8370_copy.jpg\" alt=\"Miriam (\u00e0 dr.), une Fran\u00e7aise d\u00e9tenue \u00e0 Roj, dans le nord-est de la Syrie, o\u00f9 vivent quelque 2000 femmes et enfants li\u00e9s \u00e0 l'El. Le 24 janvier.\" loading=\"lazy\"\/><\/p>\n<p>\n      Miriam (\u00e0 dr.), une Fran\u00e7aise d\u00e9tenue \u00e0 Roj, dans le nord-est de la Syrie, o\u00f9 vivent quelque 2000 femmes et enfants li\u00e9s \u00e0 l&rsquo;El. Le 24 janvier.<\/p>\n<p>                Paris Match<br \/>\n                      \/<br \/>\n                                \u00a9 Bulent Kilic<\/p>\n<p>    <img decoding=\"async\" src=\"https:\/\/www.europesays.com\/fr\/wp-content\/uploads\/2026\/01\/sc_dscf8096_copy.jpg\" alt=\"L'index point\u00e9 vers le ciel, signe d'all\u00e9geance \u00e0 Daech. Dans le camp de Roj, le 24 janvier.\" loading=\"lazy\"\/><\/p>\n<p>\n      L&rsquo;index point\u00e9 vers le ciel, signe d&rsquo;all\u00e9geance \u00e0 Daech. Dans le camp de Roj, le 24 janvier.<\/p>\n<p>                Paris Match<br \/>\n                      \/<br \/>\n                                \u00a9 Bulent Kilic<\/p>\n<p>Les prisons sous contr\u00f4le des forces kurdes ont toujours \u00e9t\u00e9 un vivier de recrutement pour l\u2019EI\u2009; et la lib\u00e9ration de combattants aguerris, un pilier de sa strat\u00e9gie de recomposition. Selon un rapport du d\u00e9partement d\u2019\u00c9tat am\u00e9ricain, 9\u2009000 d\u2019entre eux \u2013 dont un tiers d\u2019\u00e9trangers \u2013 y sont encore d\u00e9tenus, rebuts du califat dont personne ne veut. Aux termes d\u2019un accord en discussion entre le pr\u00e9sident syrien, Ahmed Al-Charaa, et le chef des FDS, le g\u00e9n\u00e9ral Mazloum Abdi, le gouvernement syrien doit en reprendre la gestion. \u00ab\u2009Au cours des derni\u00e8res ann\u00e9es, nous avons partag\u00e9 beaucoup de renseignements avec nos partenaires europ\u00e9ens ayant permis de d\u00e9jouer des projets terroristes sur leur sol, rappelle Syamend Ali, le porte-\u00adparole des Unit\u00e9s de protection du peuple (YPG). D\u00e9sormais, non seulement nous ne disposerons plus de canaux d\u2019information, mais une nouvelle universit\u00e9 du djihad est en train d\u2019\u00e9clore en Syrie.\u2009\u00bb Selon lui, 500 djihadistes ont d\u00e9j\u00e0 \u00e9t\u00e9 rel\u00e2ch\u00e9s par les autorit\u00e9s de Damas, qui les ont d\u00e9clar\u00e9s \u00ab\u2009innocents\u2009\u00bb. Des centaines d\u2019autres se seraient enfuis lorsque les forces Kurdes se sont retir\u00e9es du camp d\u2019Al-Hol. \u00ab\u2009C\u2019est vous, pr\u00e9vient-il pos\u00e9ment, qui en paierez l\u2019addition.\u2009\u00bb<\/p>\n<p>    <img decoding=\"async\" src=\"https:\/\/www.europesays.com\/fr\/wp-content\/uploads\/2026\/01\/sc_dscf7701_copy.jpg\" alt=\"Leurs jouets: des fausses armes faites de bric et de broc, saisies par les gardes du camp.\" loading=\"lazy\"\/><\/p>\n<p>\n      Leurs jouets: des fausses armes faites de bric et de broc, saisies par les gardes du camp.<\/p>\n<p>                Paris Match<br \/>\n                      \/<br \/>\n                                \u00a9 Bulent Kilic<\/p>\n<p>Le corps de la jeune combattante Denise a \u00e9t\u00e9 balanc\u00e9 du haut d&rsquo;un immeuble sous les cris d&rsquo;\u00abAllah Akbar\u00bb<\/p>\n<p>La d\u00e9ception est grande au sein du commandement kurde face \u00e0 ce qui est per\u00e7u comme une trahison de leurs alli\u00e9s occidentaux. L\u2019estocade a \u00e9t\u00e9 port\u00e9e par l\u2019envoy\u00e9 sp\u00e9cial am\u00e9ricain pour la Syrie, Tom Barrack, qui a signifi\u00e9 la fin du soutien de \u00adWashington aux FDS, estimant que leur int\u00e9gration au pouvoir central est la \u00ab\u2009meilleure solution\u2009\u00bb dont ils disposent. Les Kurdes redoutent \u00e0 pr\u00e9sent d\u2019\u00eatre la cible de massacres ethniques, comme ceux commis ces derniers mois contre les minorit\u00e9s druzes et alaouites. Des milliers de civils ont fui devant l\u2019avanc\u00e9e des hommes de Hayat Tahrir Al-Cham (HTS). \u00c0 Qamichli, 250\u00a0personnes ont trouv\u00e9 refuge dans une \u00e9cole apr\u00e8s avoir fui la r\u00e9gion de Raqqa, tomb\u00e9e le 18\u00a0janvier. Des gamins courent pieds nus dans les couloirs gel\u00e9s. Dans les salles de classe, les pupitres ont \u00e9t\u00e9 remplac\u00e9s par des matelas jet\u00e9s \u00e0 m\u00eame le sol. Des m\u00e8ches blondes \u00e9mergent d\u2019une couverture o\u00f9 dort l\u2019une des cinq filles de \u00adDounia Moustapha. La famille a v\u00e9cu trois d\u00e9racinements en l\u2019espace de huit ans. Originaire de l\u2019enclave kurde d\u2019Afrin, pr\u00e8s de la fronti\u00e8re turque, elle a d\u00fb fuir en 2018 lors d\u2019une offensive men\u00e9e par Ankara. Elle s\u2019est install\u00e9e dans la r\u00e9gion d\u2019Alep, o\u00f9 elle a reconstruit ce qu\u2019elle a pu, jusqu\u2019\u00e0 la chute du r\u00e9gime de Bachar El-Assad, en 2024. La zone tombe alors entre les mains des islamistes. \u00c0 nouveau, Dounia et les siens fuient, \u00e0 Al-Tabqa cette fois, dans le gouvernorat de Raqqa. Le 18\u00a0janvier, les tribus arabes voisines ont attaqu\u00e9 l\u2019\u00e9cole o\u00f9 ils s\u2019\u00e9taient install\u00e9s\u2009: \u00ab\u2009On a entendu crier \u201cTakbir\u2009!\u201d, puis des rafales ont fait exploser toutes les fen\u00eatres\u2009\u00bb, t\u00e9moigne Dounia. Autour, les foyers kurdes sont incendi\u00e9s. La famille s\u2019\u00e9chappe \u00e0 bord d\u2019un tracteur, abandonnant tout derri\u00e8re elle, jusqu\u2019aux chaussures des enfants. \u00ab\u2009Qu\u2019avons-nous fait pour m\u00e9riter cette vie de fuite et de peur\u2009? s\u2019interroge la m\u00e8re, qui craint que Qamichli ne tombe \u00e0 son tour dans l\u2019escarcelle des forces de Damas et que les populations kurdes soient envoy\u00e9es ailleurs, dans un \u00e9ternel recommencement, jusqu\u2019\u00e0 ce qu\u2019il n\u2019y ait plus d\u2019endroit o\u00f9 fuir.<\/p>\n<p>    La suite apr\u00e8s cette publicit\u00e9<\/p>\n<p>    <img decoding=\"async\" src=\"https:\/\/www.europesays.com\/fr\/wp-content\/uploads\/2026\/01\/sc_dscf2059_copy.jpg\" alt=\"Cette famille a trouv\u00e9 refuge dans une mosqu\u00e9e de Qamichli, avec une soixantaine d'autres personnes. C'est la quatri\u00e8me fois depuis 2018 qu'elle a d\u00fb prendre la fuite.\" loading=\"lazy\"\/><\/p>\n<p>\n      Cette famille a trouv\u00e9 refuge dans une mosqu\u00e9e de Qamichli, avec une soixantaine d&rsquo;autres personnes. C&rsquo;est la quatri\u00e8me fois depuis 2018 qu&rsquo;elle a d\u00fb prendre la fuite.<\/p>\n<p>                Paris Match<br \/>\n                      \/<br \/>\n                                \u00a9 Bulent Kilic<\/p>\n<p>    <img decoding=\"async\" src=\"https:\/\/www.europesays.com\/fr\/wp-content\/uploads\/2026\/01\/sc_dscf1912_copy-1.jpg\" alt=\"Les Kurdes ne sont pas les seuls \u00e0 s'\u00e9loigner des bombardements, \u00e0 l'image de ces civils arabes en fuite \u00e0 Hassak\u00e9, le 25 janvier.\" loading=\"lazy\"\/><\/p>\n<p>\n      Les Kurdes ne sont pas les seuls \u00e0 s&rsquo;\u00e9loigner des bombardements, \u00e0 l&rsquo;image de ces civils arabes en fuite \u00e0 Hassak\u00e9, le 25 janvier. <\/p>\n<p>                Paris Match<br \/>\n                      \/<br \/>\n                                \u00a9 Bulent Kilic<\/p>\n<p>\u00c0 moins de 10\u00a0kilom\u00e8tres de la ligne de contact avec les forces gouvernementales, Hassak\u00e9 est devenu une ville morte. Des colonnes de blind\u00e9s sillonnent les rues d\u00e9sertes recouvertes d\u2019un manteau blanc. De petits groupes de combattants ont pris position dans les immeubles abandonn\u00e9s par les civils. D\u2019autres, post\u00e9s aux ronds-points, se r\u00e9chauffent autour de brasiers de fortune. Personne, ici, ne croit au cessez-le-feu prolong\u00e9 la veille. Ahmed Al-Charaa n\u2019y aurait consenti que pour donner le temps aux forces de la coalition de transf\u00e9rer les 7\u2009000\u00a0djihadistes de haut rang de la prison de Hassak\u00e9 vers l\u2019Irak. Un simple r\u00e9pit, avant la reprise in\u00e9luctable des combats. Au sud de la ville, les pelleteuses creusent sans rel\u00e2che des tranch\u00e9es au milieu d\u2019un paysage d\u00e9sertique ponctu\u00e9 d\u2019abris de fortune, o\u00f9 plonger en cas d\u2019attaques a\u00e9riennes.\u00a0<\/p>\n<p>    <img decoding=\"async\" src=\"https:\/\/www.europesays.com\/fr\/wp-content\/uploads\/2026\/01\/sc_dscf1420_copy.jpg\" alt=\"Malgr\u00e9 un cessez-le-feu pr\u00e9caire, les Forces d\u00e9mocratiques syriennes (FDS) tiennent la ligne de d\u00e9fense \u00e0 Hassak\u00e9, le 24 janvier. Les troupes loyales au r\u00e9gime sont \u00e0 moins de 10\u00a0kilom\u00e8tres.\" loading=\"lazy\"\/><\/p>\n<p>\n      Malgr\u00e9 un cessez-le-feu pr\u00e9caire, les Forces d\u00e9mocratiques syriennes (FDS) tiennent la ligne de d\u00e9fense \u00e0 Hassak\u00e9, le 24 janvier. Les troupes loyales au r\u00e9gime sont \u00e0 moins de 10\u00a0kilom\u00e8tres.<\/p>\n<p>                Paris Match<br \/>\n                      \/<br \/>\n                                \u00a9 Bulent Kilic<\/p>\n<p>Depuis un poste avanc\u00e9 perch\u00e9 sur une colline enneig\u00e9e, les YPG surveillent les mouvements des forces gouvernementales, post\u00e9es \u00e0 5\u00a0kilom\u00e8tres de l\u00e0. Au sol, un amoncellement de douilles de mitrailleuses lourdes et de m\u00e9gots. \u00ab\u2009Les drones tuent, pas la cigarette\u2009\u00bb, plaisante Avesta, 21\u00a0ans, qui a d\u00e9cor\u00e9 son gilet pare-balles de t\u00eates de mort. Originaire de la r\u00e9gion de Raqqa, elle a \u00e9t\u00e9 d\u00e9ploy\u00e9e ici quelques jours avant que la ville ne tombe aux mains des hommes de HTS, au prix d\u2019intenses combats. La jeune femme y a perdu son amie Denise, dont le corps a \u00e9t\u00e9 balanc\u00e9 du haut d\u2019un immeuble. Dans une vid\u00e9o mise en ligne le 10 janvier, l\u2019homme qui filme la sc\u00e8ne exulte aux cris d\u2019\u00ab\u2009Allah Akbar\u2009\u00bb. Avesta s\u2019est oblig\u00e9e \u00e0 la visionner plusieurs fois. \u00ab\u2009Nous avons \u00e9crit notre histoire dans le sang, exprime-t-elle. Nous ne laisserons personne nous la confisquer.\u2009\u00bb<\/p>\n<p>    <img decoding=\"async\" src=\"https:\/\/www.europesays.com\/fr\/wp-content\/uploads\/2026\/01\/sc_photo_2026_01_25_-4.jpg\" alt=\"Une combattante des YPJ se fait couper les cheveux par des soldats syriens, \u00e0 Al-Tabqa.\" loading=\"lazy\"\/><\/p>\n<p>\n      Une combattante des YPJ se fait couper les cheveux par des soldats syriens, \u00e0 Al-Tabqa.<\/p>\n<p>                Paris Match<br \/>\n                      \/<br \/>\n                                \u00a9 DR<\/p>\n<p>    <img decoding=\"async\" src=\"https:\/\/www.europesays.com\/fr\/wp-content\/uploads\/2026\/01\/a3ca66da-7e8a-493c-a2ea-bb2632ad3505.jpg\" alt=\"Un islamiste arbore une tresse comme un troph\u00e9e.\" loading=\"lazy\"\/><\/p>\n<p>\n      Un islamiste arbore une tresse comme un troph\u00e9e.<\/p>\n<p>                                \u00a9 DR<\/p>\n<p>* Le pr\u00e9nom a \u00e9t\u00e9 modifi\u00e9.<\/p>\n","protected":false},"excerpt":{"rendered":"Derri\u00e8re la porte d\u2019un immeuble anonyme de la ville \u00adde Hassak\u00e9, dans le nord-est de la Syrie, des&hellip;\n","protected":false},"author":2,"featured_media":696855,"comment_status":"","ping_status":"","sticky":false,"template":"","format":"standard","meta":{"footnotes":""},"categories":[5],"tags":[11,1011,27,14,12,28],"class_list":{"0":"post-696854","1":"post","2":"type-post","3":"status-publish","4":"format-standard","5":"has-post-thumbnail","7":"category-international","8":"tag-actualites","9":"tag-fr","10":"tag-france","11":"tag-international","12":"tag-news","13":"tag-world"},"share_on_mastodon":{"url":"https:\/\/pubeurope.com\/@fr\/115977318034666519","error":""},"_links":{"self":[{"href":"https:\/\/www.europesays.com\/fr\/wp-json\/wp\/v2\/posts\/696854","targetHints":{"allow":["GET"]}}],"collection":[{"href":"https:\/\/www.europesays.com\/fr\/wp-json\/wp\/v2\/posts"}],"about":[{"href":"https:\/\/www.europesays.com\/fr\/wp-json\/wp\/v2\/types\/post"}],"author":[{"embeddable":true,"href":"https:\/\/www.europesays.com\/fr\/wp-json\/wp\/v2\/users\/2"}],"replies":[{"embeddable":true,"href":"https:\/\/www.europesays.com\/fr\/wp-json\/wp\/v2\/comments?post=696854"}],"version-history":[{"count":0,"href":"https:\/\/www.europesays.com\/fr\/wp-json\/wp\/v2\/posts\/696854\/revisions"}],"wp:featuredmedia":[{"embeddable":true,"href":"https:\/\/www.europesays.com\/fr\/wp-json\/wp\/v2\/media\/696855"}],"wp:attachment":[{"href":"https:\/\/www.europesays.com\/fr\/wp-json\/wp\/v2\/media?parent=696854"}],"wp:term":[{"taxonomy":"category","embeddable":true,"href":"https:\/\/www.europesays.com\/fr\/wp-json\/wp\/v2\/categories?post=696854"},{"taxonomy":"post_tag","embeddable":true,"href":"https:\/\/www.europesays.com\/fr\/wp-json\/wp\/v2\/tags?post=696854"}],"curies":[{"name":"wp","href":"https:\/\/api.w.org\/{rel}","templated":true}]}}