{"id":696860,"date":"2026-01-29T07:58:14","date_gmt":"2026-01-29T07:58:14","guid":{"rendered":"https:\/\/www.europesays.com\/fr\/696860\/"},"modified":"2026-01-29T07:58:14","modified_gmt":"2026-01-29T07:58:14","slug":"dino-cinieri-propose-la-police-municipale-24h-24","status":"publish","type":"post","link":"https:\/\/www.europesays.com\/fr\/696860\/","title":{"rendered":"Dino Cinieri propose \u00ab\u00a0la police municipale 24h\/24\u00a0\u00bb"},"content":{"rendered":"<p>                    Par<br \/>\n        <strong><br \/>\n            <a href=\"https:\/\/actu.fr\/auteur\/mathias-souteyrat\" title=\"Consulter tous les articles de Mathias Souteyrat\" target=\"_blank\" rel=\"noopener\">Mathias Souteyrat<\/a><br \/>\n                    <\/strong><\/p>\n<p>        Publi\u00e9 le<\/p>\n<p>            29 janv. 2026 \u00e0 8h16        <\/p>\n<p>Dino Cinieri, \u00e2g\u00e9 de 70\u00a0ans, ancien maire de Firminy et d\u00e9put\u00e9 Les R\u00e9publicains (LR) de 2002 \u00e0 2023, veut \u00ab\u2009redonner espoir aux St\u00e9phanois et tirer la ville vers le haut en redorant son image\u2009\u00bb. L\u2019ancien chef d\u2019entreprise a gagn\u00e9 la primaire du centre et de la droite \u00e0 <a href=\"https:\/\/actu.fr\/saint-etienne\/\" target=\"_blank\" rel=\"noopener\">Saint-\u00c9tienne<\/a>, malgr\u00e9 le maintien des candidatures d\u2019\u00c9ric Le Jaouen (UDI) et des \u00e9lus de la majorit\u00e9 sortante, Marc Chassaub\u00e9n\u00e9 et Siham Labich, qu\u2019il dit \u00ab\u2009regretter\u2009\u00bb.<br \/>Mobilit\u00e9, s\u00e9curit\u00e9, commerce\u2026 Voici ses principales annonces sur actu Saint-\u00c9tienne.<\/p>\n<p>Un jour de gratuit\u00e9 dans les transports en commun<br \/>\n    <img   decoding=\"async\" loading=\"lazy\" src=\"https:\/\/www.europesays.com\/fr\/wp-content\/uploads\/2026\/01\/20260122-150153-960x640.jpg\" alt=\"Dino - Cinieri - Municipales 2026 - saint-etienne\" width=\"960\" height=\"640\"\/><br \/>\n    Dino Cinieri candidat aux \u00e9lections municipales 2026 \u00e0 Saint-\u00c9tienne. (\u00a9Mathias Souteyrat \/ actu.fr)<\/p>\n<p class=\"ac-article-content__question wall-content\"><strong class=\"color-primary\">Actu : <\/strong>Extension du r\u00e9seau STAS ou gratuit\u00e9 le week-end : quelles sont vos grandes propositions pour les transports en commun \u00e0 Saint-Etienne ?<\/p>\n<p class=\" wall-content\"><strong class=\"color-primary\">Dino Cinieri : <\/strong>Il faut une am\u00e9lioration des cadences des transports en commun. Il faudra g\u00e9rer les travaux de r\u00e9seaux souterrains (entre Peuple et Carnot) qui vont perturber le trafic en centre-ville pendant pr\u00e8s de 2 ans. Je veux \u00e9tudier la gratuit\u00e9 des transports publics STAS sur une journ\u00e9e (vendredi ou samedi ou deux matin\u00e9es\/apr\u00e8s-midi) en concertation avec Saint-\u00c9tienne M\u00e9tropole avec les citoyens et commer\u00e7ants pour voir quand c&rsquo;est le mieux de le faire. La gratuit\u00e9 a un co\u00fbt.<br \/>Il y a le projet entre l&rsquo;h\u00f4pital Nord et Andr\u00e9zieux-Bouth\u00e9on. On suivra le dossier, mais nous ne voulons pas un catalogue de propositions.<br \/>Nous souhaitons \u00e9galement d\u00e9velopper les mobilit\u00e9s douces et s\u00e9curiser des voies pi\u00e9tonnes.<\/p>\n<p>    <img   decoding=\"async\" loading=\"lazy\" src=\"https:\/\/www.europesays.com\/fr\/wp-content\/uploads\/2026\/01\/20240529-123114-960x640.jpg\" alt=\"commerce-saint-etienne\" width=\"960\" height=\"640\"\/><br \/>\n    Le candidat du centre et de la droite a un projet pour le b\u00e2timent des Nouvelles Galeries, place du Peuple, en vente depuis des ann\u00e9es. (\u00a9Archives \/ Mathias Souteyrat \/ actu.fr)<\/p>\n<p class=\"ac-article-content__question wall-content\">Rideaux baiss\u00e9s, les grandes enseignes partent\u2026 L&rsquo;\u00e9tat du commerce de centre-ville est tr\u00e8s inqui\u00e9tant : que faire pour le redynamiser ?<\/p>\n<p class=\" wall-content\"><strong class=\"color-primary\">DC : <\/strong>Les clients ont une nouvelle forme d&rsquo;achat. Pour redynamiser le commerce local, je souhaite avant tout un Plan Marshall pour redorer l&rsquo;image de la ville, en modernisant les places du centre-ville notamment. Il faudra lutter contre les locaux commerciaux inoccup\u00e9s et d\u00e9grad\u00e9s en lavant les tags.<br \/>Je veux que dans le b\u00e2timent des Nouvelles Galeries (en face de feu Zara), vide depuis des ann\u00e9es, on cr\u00e9e un GIE, Groupement d&rsquo;int\u00e9r\u00eat \u00e9conomique, pour y ramener des commer\u00e7ants (boulangerie, poissonnerie, bar&#8230;) pour y installer un grand march\u00e9.<br \/>Je propose \u00e9galement des baisses de loyers (moins 50 % la 1re ann\u00e9e) pour les commer\u00e7ants). Il faut une mise en place d&rsquo;animations r\u00e9guli\u00e8res pour l&rsquo;attractivit\u00e9 du centre-ville et des quartiers. Je veux une association de commer\u00e7ants centralis\u00e9e avec des antennes aux quatre coins de la ville, qui d\u00e9cideront des horaires de gratuit\u00e9 de stationnement. <\/p>\n<p class=\"ac-article-content__question wall-content\">L&rsquo;affaire Perdriau a terni l&rsquo;image de la ville. Vous souhaitez \u00ab\u00a0la redorer\u00a0\u00bb : comment ?<\/p>\n<p class=\" wall-content\"><strong class=\"color-primary\">DC : <\/strong>D\u00e8s mon \u00e9lection, je me rendrai \u00e0 Paris avec les forces vives de la commune pour montrer \u00e0 l&rsquo;\u00c9tat (R\u00e9gion, D\u00e9partement, M\u00e9tropole) que l&rsquo;on existe et restaurer la confiance. Je ne vais pas rester les bras crois\u00e9s devant le d\u00e9clin de la ville car depuis 3 ans Saint-\u00c9tienne est isol\u00e9e et dans une impasse. Plus aucun ministre n&rsquo;est venu.   <br \/>Il faut valoriser la Cit\u00e9 du Design et plus globalement le potentiel culturel et \u00e9conomique de la ville en promouvant l&rsquo;identit\u00e9 st\u00e9phanoise et son savoir-faire.<br \/>On a 30 000 jeunes, des p\u00e9pites dans les grandes \u00e9coles. <\/p>\n<p class=\"ac-article-content__question wall-content\">Vous vous appuyez sur votre pass\u00e9 de chef d&rsquo;entreprise. Comment la mettre \u00e0 profit pour la ville ?<\/p>\n<p class=\" wall-content\"><strong class=\"color-primary\">DC : <\/strong>Je veux r\u00e9aliser un audit financier de la ville et geler les augmentations d&rsquo;imp\u00f4ts. Nous avons par exemple un projet de parkings souterrains financ\u00e9s par des investisseurs priv\u00e9s. <br \/>Le parking \u00e0 Saint-\u00c9tienne est trop cher. Je veux revoir les prix des parkings avec les concessionnaires. <\/p>\n<p>Votre r\u00e9gion, votre actu !<\/p>\n<p>Recevez chaque jour les infos qui comptent pour vous.<\/p>\n<p>\t<a href=\"https:\/\/actu.fr\/newsletter\" class=\"ac-btn ac-btn--corner ac-btn--medium ac-btn--blue800\" target=\"_blank\" rel=\"noopener\">S&rsquo;incrire<\/a><br \/>\nCandidat \u00e0 la pr\u00e9sidence de la M\u00e9tropole ?<\/p>\n<p>S&rsquo;il est \u00e9lu maire de Saint-Etienne, Dino Cinieri ne sait pas encore s&rsquo;il est candidat pour devenir pr\u00e9sident de la M\u00e9tropole de Saint-Etienne.<\/p>\n<p>G\u00e9n\u00e9ralisation des fermetures de commerce \u00e0 22\u2009h, brigade cannine<\/p>\n<p class=\"ac-article-content__question wall-content\">Vous avez dormi dans un logement donnant sur la rue Durafour et sign\u00e9 la charte du collectif. Les \u00e9piceries de nuit ferment \u00e0 22h dans ces secteurs o\u00f9 se trouvent des troubles \u00e0 l&rsquo;ordre public : que promettez-vous ?<\/p>\n<p class=\" wall-content\"><strong class=\"color-primary\">DC : <\/strong>Je souhaite une g\u00e9n\u00e9ralisation \u00e0 l&rsquo;ensemble de la ville des fermetures des \u00e9piceries \u00e0 22 heures.<br \/>Je veux une police municipale travaillant 24 h\/24 (ce qui n&rsquo;est pas le cas aujourd&rsquo;hui, notamment la nuit) et cr\u00e9er une brigade canine. Il faut \u00e9tendre le r\u00e9seau de cam\u00e9ras de vid\u00e9osurveillance et les boutons d&rsquo;appel d&rsquo;urgence dans les transports en commun.<br \/>Je veux lutter contre les incivilit\u00e9s, notamment les d\u00e9p\u00f4ts sauvages et la consommation d&rsquo;alcool sur la voie publique.<\/p>\n<p>    <img   decoding=\"async\" loading=\"lazy\" src=\"https:\/\/www.europesays.com\/fr\/wp-content\/uploads\/2025\/11\/20241212-122922-960x640.jpg\" alt=\"La police municipale sera pr\u00e9sente quotidiennement, de l\u2019ouverture \u00e0 la fermeture.\" width=\"960\" height=\"640\"\/><br \/>\n    La police municipale sera pr\u00e9sente quotidiennement, de l\u2019ouverture \u00e0 la fermeture. (\u00a9Archives \/ Mathias Souteyrat \/ actu Saint-Etienne)<\/p>\n<p class=\"ac-article-content__question wall-content\">Maisons de sant\u00e9, acc\u00e8s \u00e0 la propri\u00e9t\u00e9, r\u00e9novation d&rsquo;\u00e9cole : quelles sont vos mesures principales pour l&rsquo;habitat, l&rsquo;\u00e9ducation et la sant\u00e9 ?<\/p>\n<p class=\" wall-content\"><strong class=\"color-primary\">DC : <\/strong>La priorit\u00e9 ira \u00e0 la r\u00e9novation des \u00e9coles, en ciblant les plus d\u00e9grad\u00e9es. Je veux d\u00e9velopper, dans la continuit\u00e9 de l&rsquo;action du conseil r\u00e9gional, le d\u00e9veloppement des maisons de sant\u00e9 et renforcer l&rsquo;attractivt\u00e9 des m\u00e9decins.<br \/>Il faut une collaboration avec Saint-\u00c9tienne M\u00e9tropole pour le logement social afin de faciliter l&rsquo;accession \u00e0 la propri\u00e9t\u00e9 pour les locataires sociaux.<\/p>\n<p class=\"ac-article-content__question wall-content\">Nouvelle patinoire, grand incin\u00e9rateur, QR Code aux d\u00e9chetteries : pour ou contre ces grands projets m\u00e9tropolitains ?<\/p>\n<p class=\" wall-content\"><strong class=\"color-primary\">DC : <\/strong>Il y a d&rsquo;autres priorit\u00e9s que ce projet de la patinoire. Je veux un discours de v\u00e9rit\u00e9. On envisage peut-\u00eatre le projet d&rsquo;une nouvelle piscine. <br \/>Je suis pour l&rsquo;incin\u00e9rateur. <br \/>Pour le QR Code, les maires se sont prononc\u00e9s, je ne vais pas revenir sur les d\u00e9cisions prises par les \u00e9lus de la m\u00e9tropole. <\/p>\n<p class=\" wall-content\"><strong>Propos recueillis le jeudi 22\u00a0janvier au QG de campagne du candidat.<\/strong><\/p>\n<p class=\" wall-content\">Personnalisez votre actualit\u00e9 en ajoutant vos villes et m\u00e9dias en favori avec <a href=\"https:\/\/moncompte.actu.fr\" title=\"D\u00e9couvez Mon Actu\" rel=\"nofollow noopener\" data-trk=\"{&quot;cta&quot;:{&quot;action&quot;:&quot;https:\\\/\\\/moncompte.actu.fr&quot;,&quot;category&quot;:&quot;mon compte&quot;,&quot;from&quot;:&quot;article footer&quot;,&quot;name&quot;:&quot;Mon actu&quot;,&quot;type&quot;:&quot;cta&quot;}}\" target=\"_blank\">Mon Actu<\/a>.<\/p>\n","protected":false},"excerpt":{"rendered":"Par Mathias Souteyrat Publi\u00e9 le 29 janv. 2026 \u00e0 8h16 Dino Cinieri, \u00e2g\u00e9 de 70\u00a0ans, ancien maire de&hellip;\n","protected":false},"author":2,"featured_media":696861,"comment_status":"","ping_status":"","sticky":false,"template":"","format":"standard","meta":{"footnotes":""},"categories":[9653],"tags":[1111,11,2430,215,4188,1777,674,1011,27,3434,12,316,25,4001,25515],"class_list":{"0":"post-696860","1":"post","2":"type-post","3":"status-publish","4":"format-standard","5":"has-post-thumbnail","7":"category-saint-etienne","8":"tag-actu","9":"tag-actualites","10":"tag-auvergne-rhone-alpes","11":"tag-commerce","12":"tag-elections-municipales","13":"tag-eu","14":"tag-europe","15":"tag-fr","16":"tag-france","17":"tag-municipales-2026","18":"tag-news","19":"tag-politique","20":"tag-republique-francaise","21":"tag-saint-etienne","22":"tag-societe-de-transport-de-lagglomeration-stephanoise-stas"},"share_on_mastodon":{"url":"https:\/\/pubeurope.com\/@fr\/115977329506520690","error":""},"_links":{"self":[{"href":"https:\/\/www.europesays.com\/fr\/wp-json\/wp\/v2\/posts\/696860","targetHints":{"allow":["GET"]}}],"collection":[{"href":"https:\/\/www.europesays.com\/fr\/wp-json\/wp\/v2\/posts"}],"about":[{"href":"https:\/\/www.europesays.com\/fr\/wp-json\/wp\/v2\/types\/post"}],"author":[{"embeddable":true,"href":"https:\/\/www.europesays.com\/fr\/wp-json\/wp\/v2\/users\/2"}],"replies":[{"embeddable":true,"href":"https:\/\/www.europesays.com\/fr\/wp-json\/wp\/v2\/comments?post=696860"}],"version-history":[{"count":0,"href":"https:\/\/www.europesays.com\/fr\/wp-json\/wp\/v2\/posts\/696860\/revisions"}],"wp:featuredmedia":[{"embeddable":true,"href":"https:\/\/www.europesays.com\/fr\/wp-json\/wp\/v2\/media\/696861"}],"wp:attachment":[{"href":"https:\/\/www.europesays.com\/fr\/wp-json\/wp\/v2\/media?parent=696860"}],"wp:term":[{"taxonomy":"category","embeddable":true,"href":"https:\/\/www.europesays.com\/fr\/wp-json\/wp\/v2\/categories?post=696860"},{"taxonomy":"post_tag","embeddable":true,"href":"https:\/\/www.europesays.com\/fr\/wp-json\/wp\/v2\/tags?post=696860"}],"curies":[{"name":"wp","href":"https:\/\/api.w.org\/{rel}","templated":true}]}}