{"id":696862,"date":"2026-01-29T07:59:11","date_gmt":"2026-01-29T07:59:11","guid":{"rendered":"https:\/\/www.europesays.com\/fr\/696862\/"},"modified":"2026-01-29T07:59:11","modified_gmt":"2026-01-29T07:59:11","slug":"municipales-a-saint-etienne-francois-ruffin-sera-present-au-lancement-de-la-liste-a-gauche-de-regis-juanico","status":"publish","type":"post","link":"https:\/\/www.europesays.com\/fr\/696862\/","title":{"rendered":"Municipales \u00e0 Saint-\u00c9tienne\u00a0: Fran\u00e7ois Ruffin sera pr\u00e9sent au lancement de la liste \u00e0 gauche de R\u00e9gis Juanico"},"content":{"rendered":"<p> <img decoding=\"async\" src=\"https:\/\/www.europesays.com\/fr\/wp-content\/uploads\/2026\/01\/1769673551_147_1200x680.jpeg\" alt=\"illustration agrandir l'image\" style=\"--_image-preview:url('data:image\/jpeg;base64,\/9j\/2wBDACgcHiMeGSgjISMtKygwPGRBPDc3PHtYXUlkkYCZlo+AjIqgtObDoKrarYqMyP\/L2u71\/\/\/\/m8H\/\/\/\/6\/+b9\/\/j\/2wBDASstLTw1PHZBQXb4pYyl+Pj4+Pj4+Pj4+Pj4+Pj4+Pj4+Pj4+Pj4+Pj4+Pj4+Pj4+Pj4+Pj4+Pj4+Pj4+Pj4+Pj\/wAARCAAXACoDASIAAhEBAxEB\/8QAFgABAQEAAAAAAAAAAAAAAAAAAQAC\/8QAFhABAQEAAAAAAAAAAAAAAAAAAAER\/8QAFQEBAQAAAAAAAAAAAAAAAAAAAAH\/xAAUEQEAAAAAAAAAAAAAAAAAAAAA\/9oADAMBAAIRAxEAPwBjUZjURWoRCAqFo0BG5ElQipAxazqQr\/\/Z');\" loading=\"eager\" fetchpriority=\"high\" class=\"svelte-1cksh76 rounded\" onload=\"this.__e=event\" onerror=\"this.__e=event\"\/> R\u00e9gis Juanico est \u00e0 la t\u00eate d&rsquo;une liste qui r\u00e9unit une dizaine de formations \u00e0 gauche, sans avoir r\u00e9ussi \u00e0 faire l&rsquo;union avec la France Insoumise. \u00a9 Maxppp &#8211; Christophe Morin     <\/p>\n<p class=\"g-ici-body-regular-3 info svelte-r4l8dg\">Publi\u00e9 le jeudi 29 janvier 2026 \u00e0 8:26 <\/p>\n<ul class=\"SocialNetworks svelte-oam7rq\">\n<li class=\"svelte-oam7rq\"><\/li>\n<li class=\"svelte-oam7rq\"><\/li>\n<li class=\"svelte-oam7rq\"><\/li>\n<li class=\"svelte-oam7rq\"><\/li>\n<li class=\"svelte-oam7rq\"><\/li>\n<\/ul>\n<p class=\"standfirst g-ici-body-bold-1 svelte-huxgbw\">En politique, tout est un signe. L&rsquo;annonce, ce jeudi 29 janvier, de la venue de Fran\u00e7ois Ruffin, ancien de la France Insoumise, pour la pr\u00e9sentation de la liste de R\u00e9gis Juanico pour les municipales en est un quand la France Insoumise revendique \u00eatre la seule option de gauche \u00e0 Saint-\u00c9tienne.<\/p>\n<p>C&rsquo;est tout sourire que <a class=\"IciLink ici-link IciArticleLink g-ici-body-regular-1 underline brand svelte-1chfe2s\" href=\"https:\/\/www.francebleu.fr\/emissions\/l-invite-d-ici-matin-ici-saint-etienne-loire\/l-invite-d-ici-matin-regis-juanico-chef-de-file-de-la-liste-rassembler-saint-etienne-3268244\" target=\"_blank\" rel=\"noopener\">R\u00e9gis Juanico annonce sur ICI Saint-\u00c9tienne Loire<\/a>, jeudi 29 janvier, que <strong>Fran\u00e7ois Ruffin sera l\u00e0 pour la pr\u00e9sentation de sa liste jeudi 5 f\u00e9vrier, au M\u00e9li\u00e8s \u00e0 Saint-\u00c9tienne<\/strong>. La venue du d\u00e9put\u00e9 de la Somme, figure et cheville ouvri\u00e8re du Nouveau Front Populaire, pour d\u00e9voiler la liste qui rassemble une dizaine de formations de gauche\u00a0: tout un symbole. D&rsquo;autant plus fort quand on sait que la candidate de la France Insoumise \u00e0 la mairie de Saint-\u00c9tienne,\u00a0<a class=\"IciLink ici-link IciArticleLink g-ici-body-regular-1 underline brand svelte-1chfe2s\" href=\"https:\/\/www.francebleu.fr\/emissions\/l-info-d-ici-ici-saint-etienne-loire\/municipales-le-mode-de-scrutin-change-dans-ces-petites-communes-de-la-loire-3745906\" target=\"_blank\" rel=\"noopener\">Valentine Mercier, axe sa campagne sur l&rsquo;angle<\/a>\u00a0\u00ab\u00a0Si on est de gauche, on est la seule option\u00a0\u00bb.<\/p>\n<ul class=\"SocialNetworks svelte-oam7rq\">\n<li class=\"svelte-oam7rq\"><\/li>\n<li class=\"svelte-oam7rq\"><\/li>\n<li class=\"svelte-oam7rq\"><\/li>\n<li class=\"svelte-oam7rq\"><\/li>\n<li class=\"svelte-oam7rq\"><\/li>\n<\/ul>\n","protected":false},"excerpt":{"rendered":"R\u00e9gis Juanico est \u00e0 la t\u00eate d&rsquo;une liste qui r\u00e9unit une dizaine de formations \u00e0 gauche, sans avoir&hellip;\n","protected":false},"author":2,"featured_media":696863,"comment_status":"","ping_status":"","sticky":false,"template":"","format":"standard","meta":{"footnotes":""},"categories":[9653],"tags":[1111,11,2430,1777,674,1011,27,12,25,4001],"class_list":{"0":"post-696862","1":"post","2":"type-post","3":"status-publish","4":"format-standard","5":"has-post-thumbnail","7":"category-saint-etienne","8":"tag-actu","9":"tag-actualites","10":"tag-auvergne-rhone-alpes","11":"tag-eu","12":"tag-europe","13":"tag-fr","14":"tag-france","15":"tag-news","16":"tag-republique-francaise","17":"tag-saint-etienne"},"share_on_mastodon":{"url":"https:\/\/pubeurope.com\/@fr\/115977333180267919","error":""},"_links":{"self":[{"href":"https:\/\/www.europesays.com\/fr\/wp-json\/wp\/v2\/posts\/696862","targetHints":{"allow":["GET"]}}],"collection":[{"href":"https:\/\/www.europesays.com\/fr\/wp-json\/wp\/v2\/posts"}],"about":[{"href":"https:\/\/www.europesays.com\/fr\/wp-json\/wp\/v2\/types\/post"}],"author":[{"embeddable":true,"href":"https:\/\/www.europesays.com\/fr\/wp-json\/wp\/v2\/users\/2"}],"replies":[{"embeddable":true,"href":"https:\/\/www.europesays.com\/fr\/wp-json\/wp\/v2\/comments?post=696862"}],"version-history":[{"count":0,"href":"https:\/\/www.europesays.com\/fr\/wp-json\/wp\/v2\/posts\/696862\/revisions"}],"wp:featuredmedia":[{"embeddable":true,"href":"https:\/\/www.europesays.com\/fr\/wp-json\/wp\/v2\/media\/696863"}],"wp:attachment":[{"href":"https:\/\/www.europesays.com\/fr\/wp-json\/wp\/v2\/media?parent=696862"}],"wp:term":[{"taxonomy":"category","embeddable":true,"href":"https:\/\/www.europesays.com\/fr\/wp-json\/wp\/v2\/categories?post=696862"},{"taxonomy":"post_tag","embeddable":true,"href":"https:\/\/www.europesays.com\/fr\/wp-json\/wp\/v2\/tags?post=696862"}],"curies":[{"name":"wp","href":"https:\/\/api.w.org\/{rel}","templated":true}]}}