{"id":696868,"date":"2026-01-29T08:05:11","date_gmt":"2026-01-29T08:05:11","guid":{"rendered":"https:\/\/www.europesays.com\/fr\/696868\/"},"modified":"2026-01-29T08:05:11","modified_gmt":"2026-01-29T08:05:11","slug":"sortir-a-montpellier-etoile-filante-sainte-tartine-noelle-perna-des-idees-pour-ce-vendredi-30-janvier","status":"publish","type":"post","link":"https:\/\/www.europesays.com\/fr\/696868\/","title":{"rendered":"Sortir \u00e0 Montpellier\u00a0: \u00e9toile filante, Sainte-Tartine, No\u00eblle Perna\u2026 des id\u00e9es pour ce vendredi 30\u00a0janvier"},"content":{"rendered":"<p>\n                                                                Sainte Tartine au March\u00e9 gare, Une \u00e9toile filante \u00e0 Jacou, Nuit des conservatoires \u00e0 la Cit\u00e9 des Arts, \u00ab\u00a0Police Flash 80\u00a0\u00bb en avant-premi\u00e8re au Path\u00e9 Odysseum, Passerelle symphonique \u00e0 Berlioz, Mado fait son cabaret \u00e0 Palavas ou Broussa\u00ef et Filentre au Jam.\n                            <\/p>\n<p>D\u00e9couvrez notre s\u00e9lection de sorties pour ce vendredi 30\u00a0janvier 2026 du c\u00f4t\u00e9 de <a href=\"https:\/\/www.midilibre.fr\/herault\/montpellier\/\" target=\"_blank\" rel=\"noopener\">Montpellier<\/a> et faites le plein d\u2019id\u00e9es avec notre<a href=\"https:\/\/www.midilibre.fr\/agenda\/?path=&amp;q=&amp;where=herault%3Amontpellier&amp;insee=34172&amp;from=2026-01-30&amp;to=2026-01-30&amp;agendapg=16#4160808\" target=\"_blank\" rel=\"noopener\"> agenda en ligne<\/a>.<\/p>\n<p>Sainte-Tartine<\/p>\n<p><strong>Gastronomie et terroir. <\/strong>30 chefs cuisiniers engag\u00e9s ex\u00e9cutent des tartines artistiques en direct accompagn\u00e9s de 50 artisans et vignerons. Les producteurs r\u00e9gionaux pr\u00e9sents peuvent rencontrer chefs et consommateurs pour d\u00e9velopper leur activit\u00e9. Sainte-Tartine est un \u00e9v\u00e9nement populaire de la gastronomie \u00e0 Montpellier pour d\u00e9couvrir et appr\u00e9cier une des plus belles richesses de notre r\u00e9gion\u00a0: le go\u00fbt\u00a0!<\/p>\n<p>&gt;\u00a0Ce\u00a0vendredi 30\u00a0janvier de <strong>18\u00a0h\u00a030 \u00e0 23\u00a0heures<\/strong> au\u00a0March\u00e9 gare, avenue du March\u00e9 Gare \u00e0<a href=\"https:\/\/www.midilibre.fr\/herault\/montpellier\/\" target=\"_blank\" rel=\"noopener\"> Montpellier<\/a>.\u00a0Pass gourmand\u00a0: 3 tartines, 2 boissons, recettes en lignes et acc\u00e8s, 19\u00a0\u20ac<a href=\"https:\/\/www.saintetartine.fr\/\" target=\"_blank\" rel=\"noopener\"> en pr\u00e9vente<\/a>, 20\u00a0\u20ac sur place.\u00a0Pass pitchoun (moins de 15 ans)\u00a0: 1 tartine, 1 boisson non alcoolis\u00e9e, 7\u00a0\u20ac.<\/p>\n<p>Une \u00e9toile filante<\/p>\n<p><strong>Spectacle familial. <\/strong>\u00c0 partir de 6 ans. Librement inspir\u00e9 du conte de La Petite Fille aux Allumettes d\u2019Andersen, un spectacle narratif et visuel entrem\u00ealant th\u00e9\u00e2tre, danse et chansons (compositions originales). Cette cr\u00e9ation originale propose un nouveau paradigme\u00a0: l\u2019imagination comme outil n\u00e9cessaire \u00e0 la survie et \u00e0 l\u2019espoir de lendemains diff\u00e9rents.<\/p>\n<p>&gt;\u00a0Ce vendredi 30\u00a0janvier \u00e0 <strong>18\u00a0h\u00a030<\/strong> \u00e0 <a href=\"https:\/\/www.ville-jacou.fr\/evenement\/concert-de-lan-neuf-2\/\" target=\"_blank\" rel=\"noopener\">la Passerelle<\/a>, rue de l\u2019Occitanie \u00e0 <a href=\"https:\/\/www.midilibre.fr\/herault\/jacou\/\" target=\"_blank\" rel=\"noopener\">Jacou<\/a>. Tarif unique 5\u00a0\u20ac.\u00a0Buvette et petite restauration (cr\u00eapes) sur place. Contact au\u00a004\u00a067\u00a055\u00a088\u00a055.<\/p>\n<p>Nuit des conservatoires<\/p>\n<p><strong>F\u00eate.\u00a0<\/strong>Tout au long de la soir\u00e9e, le public est invit\u00e9 \u00e0 d\u00e9couvrir la diversit\u00e9 des disciplines enseign\u00e9es au conservatoire \u00e0\u00a0travers une programmation \u00e9clectique\u00a0: concerts, spectacles, performances, rencontres et temps d\u2019\u00e9change, port\u00e9s par les \u00e9l\u00e8ves et les \u00e9quipes p\u00e9dagogiques.<\/p>\n<p>&gt;\u00a0Ce vendredi 30\u00a0janvier de <strong>19\u00a0h \u00e0 23\u00a0heures<\/strong> \u00e0 la <a href=\"https:\/\/conservatoire.montpellier3m.fr\/articles\/accueil\" target=\"_blank\" rel=\"noopener\">Cit\u00e9 des Arts<\/a>, Conservatoire de Montpellier, 13 avenue du Professeur Grasset \u00e0 <a href=\"https:\/\/www.midilibre.fr\/herault\/montpellier\/\" target=\"_blank\" rel=\"noopener\">Montpellier<\/a>. Gratuit, entr\u00e9e libre. Contact au\u00a004\u00a099\u00a054\u00a077\u00a077.<\/p>\n<p>Avant-premi\u00e8re\u00a0: \u00ab\u00a0Police Flash 80\u00a0\u00bb<\/p>\n<p><strong>Cin\u00e9ma.<\/strong> Com\u00e9die, policier (1h21) de Jean-Baptiste Saurel, avec Fran\u00e7ois Damiens, Audrey Lamy, Xavier Lacaille. 984. Yvon Kastendeuch, flic \u00e0 l\u2019ancienne et fan de Michel Sardou est propuls\u00e9 malgr\u00e9 lui \u00e0 la t\u00eate d\u2019une \u00ab\u00a0unit\u00e9 d\u2019\u00e9lite\u00a0\u00bb\u00a0: la Police Flash 80. Il doit d\u00e9sormais faire \u00e9quipe avec Guilaine, maman surmen\u00e9e et cerveau du groupe, Marfoud, geek du Minitel et Roberto, l\u2019infiltr\u00e9 \u00e0 la coupe mulet. Ensemble, ils vont tenter de d\u00e9manteler un trafic de drogue.<\/p>\n<p>&gt;\u00a0Ce\u00a0vendredi 30\u00a0janvier \u00e0 <strong>20\u00a0heures<\/strong> au <a href=\"https:\/\/www.pathe.fr\/cinemas\/cinema-pathe-odysseum\" target=\"_blank\" rel=\"noopener\">cin\u00e9ma Path\u00e9 Odysseum<\/a>, 235 rue Georges M\u00e9li\u00e8s \u00e0 <a href=\"https:\/\/www.midilibre.fr\/herault\/montpellier\/\" target=\"_blank\" rel=\"noopener\">Montpellier<\/a>. Plein tarif 16,60\u00a0\u20ac, \u00e9tudiant et scolaire 11,70\u00a0\u20ac, moins de 14 ans 6,50\u00a0\u20ac.<\/p>\n<p>Passerelle symphonique \u2013 De Barber \u00e0 Brahms<\/p>\n<p><strong>Concert. <\/strong>Sous la direction \u00e9nergique de Roderick Cox, cette soir\u00e9e trace un arc musical de l\u2019Am\u00e9rique contemporaine au romantisme allemand. L\u2019ouverture revient \u00e0 Valerie Coleman avec Umoja, hymne vibrant \u00e0 l\u2019unit\u00e9 et \u00e0 la paix. Place ensuite au lyrisme am\u00e9ricain avec le Concerto pour violoncelle de Samuel Barber, servi par le jeu sensible de Maximilian Hornung. Et en apoth\u00e9ose, la Symphonie n\u00b0\u00a01 de Brahms.<\/p>\n<p>&gt;\u00a0Ce\u00a0vendredi 30\u00a0janvier \u00e0<strong> 20\u00a0heures<\/strong> \u00e0 l\u2019Op\u00e9ra Berlioz, au Corum de <a href=\"https:\/\/www.midilibre.fr\/herault\/montpellier\/\" target=\"_blank\" rel=\"noopener\">Montpellier<\/a>.\u00a0De 26\u00a0\u20ac \u00e0 47\u00a0\u20ac. Contact\u00a0Op\u00e9ra Orchestre national Montpellier Occitanie au\u00a004\u00a067\u00a060\u00a019\u00a099.<\/p>\n<p>No\u00eblle Perna\u00a0: \u00ab\u00a0Mado fait son cabaret\u00a0\u00bb<\/p>\n<p><strong>Spectacle.<\/strong>\u00a0Cette fois Mado d\u00e9cide de monter son spectacle de cabaret avec d\u2019autres artistes.\u00a0Seront-ils pistonn\u00e9s\u00a0? Mais surtout\u2026 Seront-ils talentueux\u00a0? Prenez des risques et venez le d\u00e9couvrir en m\u00eame temps qu\u2019elle.<\/p>\n<p>&gt;\u00a0Ce vendredi 30\u00a0janvier \u00e0 <strong>20\u00a0h\u00a030 <\/strong>\u00e0 la <a href=\"https:\/\/billetterie.webgazelle.net\/sortir-noelle-perna-palavas-palavas-les-flots-spectacle-one-man-woman-show,evenement-12245\" target=\"_blank\" rel=\"noopener\">Salle Bleue<\/a>, avenue Abb\u00e9-Brocardi \u00e0\u00a0<a href=\"https:\/\/www.midilibre.fr\/herault\/palavas-les-flots\/\" target=\"_blank\" rel=\"noopener\">Palavas-les-Flots<\/a>. 37\u00a0\u20ac et 40\u00a0\u20ac.<\/p>\n<p>Broussa\u00ef +\u00a0Filentre<\/p>\n<p><strong>Concert.<\/strong> Entre complicit\u00e9 avec le public, show explosif, \u00e9cologie et humanisme, le groupe phare du reggae fran\u00e7ais, Broussa\u00ef, enflamme les sc\u00e8nes du monde depuis pr\u00e8s de 20 ans. Entre reggae et chanson fran\u00e7aise chaloup\u00e9e, Filentre, inspir\u00e9 de ses voyages notamment en Afrique de l\u2019Ouest, d\u00e9peint \u00e0 sa fa\u00e7on un monde aussi dur que doux.<\/p>\n<p>&gt;\u00a0Ce\u00a0vendredi 30\u00a0janvier \u00e0 <strong>21\u00a0heures\u00a0<\/strong>au\u00a0<a href=\"https:\/\/www.lejam.com\/\" target=\"_blank\" rel=\"noopener\">Jam<\/a>, 100\u00a0rue Ferdinand-de-Lesseps \u00e0 <a href=\"https:\/\/www.midilibre.fr\/herault\/montpellier\/\" target=\"_blank\" rel=\"noopener\">Montpellier<\/a>. En pr\u00e9vente 19,50\u00a0\u20ac, sur place 22,50\u00a0\u20ac. Contact au\u00a004\u00a067\u00a058\u00a030\u00a030.<\/p>\n","protected":false},"excerpt":{"rendered":"Sainte Tartine au March\u00e9 gare, Une \u00e9toile filante \u00e0 Jacou, Nuit des conservatoires \u00e0 la Cit\u00e9 des Arts,&hellip;\n","protected":false},"author":2,"featured_media":696869,"comment_status":"","ping_status":"","sticky":false,"template":"","format":"standard","meta":{"footnotes":""},"categories":[9599],"tags":[1111,11,872,1777,674,1011,27,7089,2208,12,2680,25],"class_list":{"0":"post-696868","1":"post","2":"type-post","3":"status-publish","4":"format-standard","5":"has-post-thumbnail","7":"category-montpellier","8":"tag-actu","9":"tag-actualites","10":"tag-culture-et-loisirs","11":"tag-eu","12":"tag-europe","13":"tag-fr","14":"tag-france","15":"tag-herault","16":"tag-montpellier","17":"tag-news","18":"tag-occitanie","19":"tag-republique-francaise"},"share_on_mastodon":{"url":"https:\/\/pubeurope.com\/@fr\/115977356832870955","error":""},"_links":{"self":[{"href":"https:\/\/www.europesays.com\/fr\/wp-json\/wp\/v2\/posts\/696868","targetHints":{"allow":["GET"]}}],"collection":[{"href":"https:\/\/www.europesays.com\/fr\/wp-json\/wp\/v2\/posts"}],"about":[{"href":"https:\/\/www.europesays.com\/fr\/wp-json\/wp\/v2\/types\/post"}],"author":[{"embeddable":true,"href":"https:\/\/www.europesays.com\/fr\/wp-json\/wp\/v2\/users\/2"}],"replies":[{"embeddable":true,"href":"https:\/\/www.europesays.com\/fr\/wp-json\/wp\/v2\/comments?post=696868"}],"version-history":[{"count":0,"href":"https:\/\/www.europesays.com\/fr\/wp-json\/wp\/v2\/posts\/696868\/revisions"}],"wp:featuredmedia":[{"embeddable":true,"href":"https:\/\/www.europesays.com\/fr\/wp-json\/wp\/v2\/media\/696869"}],"wp:attachment":[{"href":"https:\/\/www.europesays.com\/fr\/wp-json\/wp\/v2\/media?parent=696868"}],"wp:term":[{"taxonomy":"category","embeddable":true,"href":"https:\/\/www.europesays.com\/fr\/wp-json\/wp\/v2\/categories?post=696868"},{"taxonomy":"post_tag","embeddable":true,"href":"https:\/\/www.europesays.com\/fr\/wp-json\/wp\/v2\/tags?post=696868"}],"curies":[{"name":"wp","href":"https:\/\/api.w.org\/{rel}","templated":true}]}}