{"id":696870,"date":"2026-01-29T08:06:15","date_gmt":"2026-01-29T08:06:15","guid":{"rendered":"https:\/\/www.europesays.com\/fr\/696870\/"},"modified":"2026-01-29T08:06:15","modified_gmt":"2026-01-29T08:06:15","slug":"la-rue-cest-dur-a-montpellier-lassociation-sakado-a-distribue-400-sacs-a-dos-aux-sans-abri","status":"publish","type":"post","link":"https:\/\/www.europesays.com\/fr\/696870\/","title":{"rendered":"\u00ab\u00a0La rue c\u2019est dur\u00a0\u00bb\u00a0: \u00e0 Montpellier l\u2019association Sakado a distribu\u00e9 400 sacs \u00e0 dos aux sans-abri"},"content":{"rendered":"<p>\n                                                                Pour sa vingti\u00e8me ann\u00e9e d\u2019existence, Sakado a renouvel\u00e9 son op\u00e9ration de solidarit\u00e9, ce mercredi 28\u00a0janvier, en distribuant pr\u00e8s de 400 sacs \u00e0 dos \u00e0 des personnes sans abri \u00e0 Montpellier.\n                            <\/p>\n<p>Vingt ans apr\u00e8s sa cr\u00e9ation, l\u2019association Sakado poursuit son engagement aupr\u00e8s des personnes sans domicile fixe. Fond\u00e9e en 2005 \u00e0 Montpellier par Thierry Teulade et Pascal Parrot, elle reste plus que jamais mobilis\u00e9e face \u00e0 une pr\u00e9carit\u00e9 qui ne cesse de s\u2019aggraver en France.<\/p>\n<p>Cette ann\u00e9e encore, Sakado a renouvel\u00e9 son op\u00e9ration de solidarit\u00e9 en partenariat avec l\u2019association Saint-Vincent-de-Paul, avec le soutien d\u2019\u00e9l\u00e8ves de plusieurs \u00e9tablissements scolaires, de ses b\u00e9n\u00e9voles et d\u2019autres associations engag\u00e9es aupr\u00e8s des personnes \u00e0 la rue. Ce mercredi 28\u00a0janvier, 400 sacs \u00e0 dos de randonn\u00e9e, d\u2019une contenance de 40 \u00e0 50 litres, ont \u00e9t\u00e9 distribu\u00e9s \u00e0 la Halte solidarit\u00e9 Saint-Vincent-de-Paul, \u00e0 Montpellier.<\/p>\n<p>Un geste de solidarit\u00e9<\/p>\n<p>Parmi ces sacs, 80 \u00e9taient destin\u00e9s \u00e0 des femmes. Seule condition pour en b\u00e9n\u00e9ficier\u00a0: vivre \u00e0\u00a0la rue. Une r\u00e9alit\u00e9 devenue quotidienne pour Bousdir, Karima, arriv\u00e9s \u00e0 Montpellier en d\u00e9cembre dernier avec leurs deux enfants de10 et 18 ans, apr\u00e8s avoir quitt\u00e9 l\u2019Alg\u00e9rie et \u00e9puis\u00e9 toutes leurs \u00e9conomies.\u2005\u00a0\u00bbLa rue, c\u2019est dur confient-ils. La Croix Rouge nous a donn\u00e9 des couchages et de quoi nous prot\u00e9ger du froid, mais cela ne suffit pas. On se d\u00e9place et on change\u00a0sans cesse d\u2019endroit pour dormir.\u00a0\u00bb<\/p>\n<p>Aussi les sacs \u00e0 dos de randonn\u00e9e distribu\u00e9s constituent-ils un soutien pr\u00e9cieux avec leurs quatre kits \u00e0 l\u2019int\u00e9rieur\u00a0: un kit contre le froid (v\u00eatements chauds, bonnets, chaussettes), un kit d\u2019hygi\u00e8ne, un kit \u201cfestif\u201d (bonbons, g\u00e2teaux\u2026) et un kit \u201cculture et communication\u201d comprenant des livres, des jeux, des stylos, des cahiers\u2026 Peu de choses en apparence, mais un v\u00e9ritable coup de pouce pour celles et ceux qui ont tout perdu.<\/p>\n<p>\u00ab\u00a0Voir des personnes \u00e0 la rue sans rien, \u00e7a me fait vraiment mal au c\u0153ur\u00a0\u00bb, t\u00e9moigne Cl\u00e9a, \u00e9l\u00e8ve de seconde au lyc\u00e9e Georges-Pompidou de Castelnau-le-Lez, qui participait ce mercredi\u00a0\u00e0 l\u2019op\u00e9ration, \u00e9mue de voir tant de monde. \u00ab\u00a0Je voulais vraiment aider. Alors quand mon lyc\u00e9e m\u2019en a donn\u00e9 l\u2019occasion, je n\u2019ai pas h\u00e9sit\u00e9 un seul instant\u00a0\u00bb, poursuit-elle.<\/p>\n<p>Sakado a fait des \u00ab\u00a0petits\u00a0\u00bb au-del\u00e0 de Montpellier<\/p>\n<p>Port\u00e9e notamment par l\u2019engagement des \u00e9l\u00e8ves, l\u2019initiative Sakado a essaim\u00e9 bien au-del\u00e0 de l\u2019H\u00e9rault, et m\u00eame hors de France, en Espagne, en Italie, en Belgique, au Luxembourg, Grande-Bretagne ou encore en Autriche.<\/p>\n<p>L\u2019association est pr\u00e9sente sur tout le territoire national, sauf Paris. \u00ab\u00a0C\u2019est gr\u00e2ce aux \u00e9l\u00e8ves et aux m\u00e9dias que Sakado a pu ainsi se d\u00e9velopper. Notre action n\u2019est pas pr\u00e8s de se tarir\u00a0\u00bb, dit avec un brin de tristesse dans la voix Thierry Teulade, avant de reprendre l\u2019accueil des personnes sans abri aux portes de la Halte solidarit\u00e9.<\/p>\n","protected":false},"excerpt":{"rendered":"Pour sa vingti\u00e8me ann\u00e9e d\u2019existence, Sakado a renouvel\u00e9 son op\u00e9ration de solidarit\u00e9, ce mercredi 28\u00a0janvier, en distribuant pr\u00e8s&hellip;\n","protected":false},"author":2,"featured_media":696871,"comment_status":"","ping_status":"","sticky":false,"template":"","format":"standard","meta":{"footnotes":""},"categories":[9599],"tags":[1111,11,4733,1777,674,1011,27,7089,2208,12,2680,25,1857],"class_list":{"0":"post-696870","1":"post","2":"type-post","3":"status-publish","4":"format-standard","5":"has-post-thumbnail","7":"category-montpellier","8":"tag-actu","9":"tag-actualites","10":"tag-associations","11":"tag-eu","12":"tag-europe","13":"tag-fr","14":"tag-france","15":"tag-herault","16":"tag-montpellier","17":"tag-news","18":"tag-occitanie","19":"tag-republique-francaise","20":"tag-sociu00e9tu00e9"},"share_on_mastodon":{"url":"https:\/\/pubeurope.com\/@fr\/115977360678886689","error":""},"_links":{"self":[{"href":"https:\/\/www.europesays.com\/fr\/wp-json\/wp\/v2\/posts\/696870","targetHints":{"allow":["GET"]}}],"collection":[{"href":"https:\/\/www.europesays.com\/fr\/wp-json\/wp\/v2\/posts"}],"about":[{"href":"https:\/\/www.europesays.com\/fr\/wp-json\/wp\/v2\/types\/post"}],"author":[{"embeddable":true,"href":"https:\/\/www.europesays.com\/fr\/wp-json\/wp\/v2\/users\/2"}],"replies":[{"embeddable":true,"href":"https:\/\/www.europesays.com\/fr\/wp-json\/wp\/v2\/comments?post=696870"}],"version-history":[{"count":0,"href":"https:\/\/www.europesays.com\/fr\/wp-json\/wp\/v2\/posts\/696870\/revisions"}],"wp:featuredmedia":[{"embeddable":true,"href":"https:\/\/www.europesays.com\/fr\/wp-json\/wp\/v2\/media\/696871"}],"wp:attachment":[{"href":"https:\/\/www.europesays.com\/fr\/wp-json\/wp\/v2\/media?parent=696870"}],"wp:term":[{"taxonomy":"category","embeddable":true,"href":"https:\/\/www.europesays.com\/fr\/wp-json\/wp\/v2\/categories?post=696870"},{"taxonomy":"post_tag","embeddable":true,"href":"https:\/\/www.europesays.com\/fr\/wp-json\/wp\/v2\/tags?post=696870"}],"curies":[{"name":"wp","href":"https:\/\/api.w.org\/{rel}","templated":true}]}}