{"id":696872,"date":"2026-01-29T08:08:11","date_gmt":"2026-01-29T08:08:11","guid":{"rendered":"https:\/\/www.europesays.com\/fr\/696872\/"},"modified":"2026-01-29T08:08:11","modified_gmt":"2026-01-29T08:08:11","slug":"un-violent-incendie-se-declare-a-deux-pas-de-la-cathedrale","status":"publish","type":"post","link":"https:\/\/www.europesays.com\/fr\/696872\/","title":{"rendered":"un violent incendie se d\u00e9clare \u00e0 deux pas de la cath\u00e9drale"},"content":{"rendered":"\n<p align=\"justify\">L&rsquo;alerte a \u00e9t\u00e9 donn\u00e9e \u00e0 7h18, ce jeudi 29 janvier, au sujet d&rsquo;un incendie dans le centre-ville de Rouen, pr\u00e8s de la cath\u00e9drale. <strong>Le feu s&rsquo;est d\u00e9clar\u00e9 au deuxi\u00e8me \u00e9tage d&rsquo;un immeuble en comptant quatre<\/strong>, rue de la tour de Beurre, \u00e0 l&rsquo;angle du quai Corneille.<\/p>\n<p><strong>Quatre occupants mis en s\u00e9curit\u00e9<\/strong><\/p>\n<p align=\"justify\"><strong>Les pompiers \u2013 dix-neuf sont mobilis\u00e9s sur place &#8211; annoncent avoir proc\u00e9d\u00e9 \u00e0 l&rsquo;\u00e9vacuation de l&rsquo;immeuble <\/strong>et \u00e0 la \u00ab\u00a0mise en s\u00e9curit\u00e9 de quatre personnes au niveau des combles\u00a0\u00bb. L&rsquo;extinction se poursuit \u00e0 l&rsquo;aide de deux lances. La police, ainsi que des \u00e9quipes de GRDF et d&rsquo;ENEDIS sont \u00e9galement pr\u00e9sentes sur place. Il est conseill\u00e9 d&rsquo;\u00e9viter ce secteur.<\/p>\n","protected":false},"excerpt":{"rendered":"L&rsquo;alerte a \u00e9t\u00e9 donn\u00e9e \u00e0 7h18, ce jeudi 29 janvier, au sujet d&rsquo;un incendie dans le centre-ville de&hellip;\n","protected":false},"author":2,"featured_media":696873,"comment_status":"","ping_status":"","sticky":false,"template":"","format":"standard","meta":{"footnotes":""},"categories":[9587],"tags":[1111,11,1777,674,1011,27,79192,79194,57415,79193,22461,12,5161,69173,25,9590],"class_list":{"0":"post-696872","1":"post","2":"type-post","3":"status-publish","4":"format-standard","5":"has-post-thumbnail","7":"category-rouen","8":"tag-actu","9":"tag-actualites","10":"tag-eu","11":"tag-europe","12":"tag-fr","13":"tag-france","14":"tag-immeuble-rouen-incendie","15":"tag-incendie-quai-rouen","16":"tag-incendie-rouen","17":"tag-incendie-rue-de-la-tour-de-beurre","18":"tag-infos-rouen","19":"tag-news","20":"tag-normandie","21":"tag-pompiers-rouen","22":"tag-republique-francaise","23":"tag-rouen"},"share_on_mastodon":{"url":"https:\/\/pubeurope.com\/@fr\/115977368726262374","error":""},"_links":{"self":[{"href":"https:\/\/www.europesays.com\/fr\/wp-json\/wp\/v2\/posts\/696872","targetHints":{"allow":["GET"]}}],"collection":[{"href":"https:\/\/www.europesays.com\/fr\/wp-json\/wp\/v2\/posts"}],"about":[{"href":"https:\/\/www.europesays.com\/fr\/wp-json\/wp\/v2\/types\/post"}],"author":[{"embeddable":true,"href":"https:\/\/www.europesays.com\/fr\/wp-json\/wp\/v2\/users\/2"}],"replies":[{"embeddable":true,"href":"https:\/\/www.europesays.com\/fr\/wp-json\/wp\/v2\/comments?post=696872"}],"version-history":[{"count":0,"href":"https:\/\/www.europesays.com\/fr\/wp-json\/wp\/v2\/posts\/696872\/revisions"}],"wp:featuredmedia":[{"embeddable":true,"href":"https:\/\/www.europesays.com\/fr\/wp-json\/wp\/v2\/media\/696873"}],"wp:attachment":[{"href":"https:\/\/www.europesays.com\/fr\/wp-json\/wp\/v2\/media?parent=696872"}],"wp:term":[{"taxonomy":"category","embeddable":true,"href":"https:\/\/www.europesays.com\/fr\/wp-json\/wp\/v2\/categories?post=696872"},{"taxonomy":"post_tag","embeddable":true,"href":"https:\/\/www.europesays.com\/fr\/wp-json\/wp\/v2\/tags?post=696872"}],"curies":[{"name":"wp","href":"https:\/\/api.w.org\/{rel}","templated":true}]}}