{"id":696880,"date":"2026-01-29T08:14:10","date_gmt":"2026-01-29T08:14:10","guid":{"rendered":"https:\/\/www.europesays.com\/fr\/696880\/"},"modified":"2026-01-29T08:14:10","modified_gmt":"2026-01-29T08:14:10","slug":"ce-musee-organise-une-visite-gratuite-voici-pour-qui","status":"publish","type":"post","link":"https:\/\/www.europesays.com\/fr\/696880\/","title":{"rendered":"ce mus\u00e9e organise une visite gratuite, voici pour qui"},"content":{"rendered":"<p>                    Par<br \/>\n        <strong><br \/>\n            <a href=\"https:\/\/actu.fr\/auteur\/thomas-blanc\" title=\"Consulter tous les articles de Thomas Blanc\" target=\"_blank\" rel=\"noopener\">Thomas Blanc<\/a><br \/>\n                    <\/strong><\/p>\n<p>        Publi\u00e9 le<\/p>\n<p>            29 janv. 2026 \u00e0 7h02        <\/p>\n<p>Le <strong>jeudi 5\u00a0f\u00e9vrier<\/strong> en soir\u00e9e, une semaine avant le d\u00e9but des <a href=\"https:\/\/actu.fr\/tag\/vacances-scolaires\" target=\"_blank\" rel=\"noopener\">vacances<\/a> d\u2019hiver pour les \u00e9tudiants et les \u00e9coliers de <a href=\"https:\/\/actu.fr\/strasbourg\/\" target=\"_blank\" rel=\"noopener\">Strasbourg<\/a>, <strong>un mus\u00e9e de la capitale alsacienne invite<\/strong> les <a href=\"https:\/\/actu.fr\/tag\/etudiantses\" target=\"_blank\" rel=\"noopener\">\u00e9tudiants<\/a> pour une nocturne.<\/p>\n<p>Un \u00e9v\u00e9nement gratuit pour les \u00e9tudiants au mus\u00e9e zoologique de Strasbourg<\/p>\n<p class=\" wall-content\">Le mus\u00e9e zoologique de Strasbourg, <strong>rouvert depuis le 19\u00a0septembre 2025<\/strong> apr\u00e8s <a href=\"https:\/\/actu.fr\/grand-est\/strasbourg_67482\/apres-six-ans-de-travaux-le-musee-zoologique-de-strasbourg-va-rouvrir-voici-quand_62467273.html\" target=\"_blank\" rel=\"noopener\">six ans d\u2019importants travaux<\/a>, va proposer \u00ab\u2009un rendez-vous anim\u00e9 par des \u00e9tudiant\u00b7es pour les \u00e9tudiant\u00b7es\u2009\u00bb sur le th\u00e8me Parades et parures.<\/p>\n<p>    <a href=\"https:\/\/www.facebook.com\/plugins\/post.php?href=https%3A%2F%2Fwww.facebook.com%2Fcarteculture.alsace%2Fposts%2Fpfbid02gXvBkPKdVqZ91Fouq9gvQtWAGfdf4uhGd8czmfHvT6AB2BKQ4KENn95gEUpNh9iDl&amp;show_text=true&amp;width=350\" title=\"Ouvrie le lien\" target=\"_blank\" rel=\"noopener\">Cliquez ici pour visualiser le contenu<\/a><\/p>\n<p class=\" wall-content\">Le prix pour pouvoir y acc\u00e9der\u2009?<strong> 0 euro<\/strong>. L\u2019\u00e9v\u00e9nement qui se tiendra <strong>\u00e0 partir de 20h<\/strong> est gratuit.<\/p>\n<p class=\" wall-content\"><strong>\u00ab\u2009Graphic Dee,<\/strong> un\u00b7e artiste plasticien\u00b7ne et performeur\u00b7euse drag y proposera<strong> plusieurs lectures et performances<\/strong> tout au long de la soir\u00e9e\u2009\u00bb, comme l\u2019explique Carte Culture, un organisme qui propose des avantages aux \u00e9tudiants alsaciens.<\/p>\n<p>5 f\u00e9vrier 2026 \u00e0 partir de 20h et jusqu\u2019\u00e0 00h<br \/>Entr\u00e9e libre sur pr\u00e9sentation de la carte d\u2019\u00e9tudiant<br \/>Mus\u00e9e zoologique<br \/>29 boulevard de la Victoire, Strasbourg<\/p>\n<p class=\" wall-content\">Personnalisez votre actualit\u00e9 en ajoutant vos villes et m\u00e9dias en favori avec <a href=\"https:\/\/moncompte.actu.fr\" title=\"D\u00e9couvez Mon Actu\" rel=\"nofollow noopener\" data-trk=\"{&quot;cta&quot;:{&quot;action&quot;:&quot;https:\\\/\\\/moncompte.actu.fr&quot;,&quot;category&quot;:&quot;mon compte&quot;,&quot;from&quot;:&quot;article footer&quot;,&quot;name&quot;:&quot;Mon actu&quot;,&quot;type&quot;:&quot;cta&quot;}}\" target=\"_blank\">Mon Actu<\/a>.<\/p>\n","protected":false},"excerpt":{"rendered":"Par Thomas Blanc Publi\u00e9 le 29 janv. 2026 \u00e0 7h02 Le jeudi 5\u00a0f\u00e9vrier en soir\u00e9e, une semaine avant&hellip;\n","protected":false},"author":2,"featured_media":696881,"comment_status":"","ping_status":"","sticky":false,"template":"","format":"standard","meta":{"footnotes":""},"categories":[2820],"tags":[1111,11,13978,1064,1777,674,1011,27,775,1652,12,25,640],"class_list":{"0":"post-696880","1":"post","2":"type-post","3":"status-publish","4":"format-standard","5":"has-post-thumbnail","7":"category-strasbourg","8":"tag-actu","9":"tag-actualites","10":"tag-bons-plans-a-strasbourg","11":"tag-etudiantses","12":"tag-eu","13":"tag-europe","14":"tag-fr","15":"tag-france","16":"tag-grand-est","17":"tag-loisirs-culture","18":"tag-news","19":"tag-republique-francaise","20":"tag-strasbourg"},"share_on_mastodon":{"url":"https:\/\/pubeurope.com\/@fr\/115977392294478206","error":""},"_links":{"self":[{"href":"https:\/\/www.europesays.com\/fr\/wp-json\/wp\/v2\/posts\/696880","targetHints":{"allow":["GET"]}}],"collection":[{"href":"https:\/\/www.europesays.com\/fr\/wp-json\/wp\/v2\/posts"}],"about":[{"href":"https:\/\/www.europesays.com\/fr\/wp-json\/wp\/v2\/types\/post"}],"author":[{"embeddable":true,"href":"https:\/\/www.europesays.com\/fr\/wp-json\/wp\/v2\/users\/2"}],"replies":[{"embeddable":true,"href":"https:\/\/www.europesays.com\/fr\/wp-json\/wp\/v2\/comments?post=696880"}],"version-history":[{"count":0,"href":"https:\/\/www.europesays.com\/fr\/wp-json\/wp\/v2\/posts\/696880\/revisions"}],"wp:featuredmedia":[{"embeddable":true,"href":"https:\/\/www.europesays.com\/fr\/wp-json\/wp\/v2\/media\/696881"}],"wp:attachment":[{"href":"https:\/\/www.europesays.com\/fr\/wp-json\/wp\/v2\/media?parent=696880"}],"wp:term":[{"taxonomy":"category","embeddable":true,"href":"https:\/\/www.europesays.com\/fr\/wp-json\/wp\/v2\/categories?post=696880"},{"taxonomy":"post_tag","embeddable":true,"href":"https:\/\/www.europesays.com\/fr\/wp-json\/wp\/v2\/tags?post=696880"}],"curies":[{"name":"wp","href":"https:\/\/api.w.org\/{rel}","templated":true}]}}