{"id":696882,"date":"2026-01-29T08:15:10","date_gmt":"2026-01-29T08:15:10","guid":{"rendered":"https:\/\/www.europesays.com\/fr\/696882\/"},"modified":"2026-01-29T08:15:10","modified_gmt":"2026-01-29T08:15:10","slug":"mercato-strasbourg-passe-a-loffensive-pour-une-pepite-de-l1","status":"publish","type":"post","link":"https:\/\/www.europesays.com\/fr\/696882\/","title":{"rendered":"Mercato : Strasbourg passe \u00e0 l&rsquo;offensive pour une p\u00e9pite de L1"},"content":{"rendered":"<p>\t\t\tAfficher les titres Masquer les titres <\/p>\n<p><strong>Port\u00e9 par un d\u00e9but d\u2019ann\u00e9e id\u00e9al sur le terrain, le RC Strasbourg ne rel\u00e2che pas la pression en dehors. Malgr\u00e9 trois victoires cons\u00e9cutives depuis l\u2019arriv\u00e9e de Gary O\u2019Neil, le club alsacien poursuit un chantier profond de r\u00e9\u00e9quilibrage de son effectif. Entre <a href=\"https:\/\/mediafoot.net\/info-media-foot-strasbourg-degaine-une-premiere-offre-pour-bakola-om\/\" target=\"_blank\" rel=\"noopener\">nouvelles recrues cibl\u00e9es<\/a> et d\u00e9parts en s\u00e9rie, la fin du mercato hivernal s\u2019annonce anim\u00e9e \u00e0 la Meinau, avec une ligne directrice claire : pr\u00e9parer demain sans freiner l\u2019\u00e9lan actuel.<\/strong><\/p>\n<p>Une dynamique sportive qui n\u2019endort pas la direction<\/p>\n<p>Le changement d\u2019entra\u00eeneur a eu l\u2019effet escompt\u00e9. Strasbourg a retrouv\u00e9 de la solidit\u00e9, de l\u2019allant offensif et surtout des r\u00e9sultats, avec des succ\u00e8s convaincants contre <strong>Avranches, Metz et Lille<\/strong>. Mais cette embellie ne masque pas la n\u00e9cessit\u00e9 d\u2019ajuster l\u2019effectif. Gary O\u2019Neil souhaite travailler avec un groupe plus resserr\u00e9, mieux adapt\u00e9 \u00e0 ses principes, et la direction l\u2019accompagne pleinement dans cette transition.<\/p>\n<p>Un nouveau pari au milieu de terrain<\/p>\n<p>Apr\u00e8s avoir s\u00e9curis\u00e9 l\u2019arriv\u00e9e de <a href=\"https:\/\/mediafoot.net\/info-media-foot-accord-strasbourg-gessime-yassine-dunkerque-na-plus-qua-signer\/\" target=\"_blank\" rel=\"noopener\"><strong>Gessime Yassine en provenance de Dunkerque<\/strong><\/a>, Strasbourg ne compte pas s\u2019arr\u00eater l\u00e0. Selon plusieurs sources concordantes, <strong>le club est pass\u00e9 \u00e0 l\u2019action pour Rudy Matondo<\/strong>, jeune milieu de 17 ans \u00e9voluant \u00e0 l\u2019AJ Auxerre. D\u00e9j\u00e0 titularis\u00e9 \u00e0 plusieurs reprises en <a href=\"https:\/\/mediafoot.net\/competition\/ligue-1-2025-2026\/\" target=\"_blank\" rel=\"noopener\"><strong>Ligue 1<\/strong><\/a> cette saison, le joueur incarne un investissement sur le moyen terme. Cette offensive s\u2019inscrit aussi dans l\u2019anticipation de d\u00e9parts au milieu, alors que Pape Demba Diop et Rabby Nzingoula ont d\u00e9j\u00e0 quitt\u00e9 l\u2019Alsace sous forme de pr\u00eats.<\/p>\n<p>Des d\u00e9parts subis\u2026 et assum\u00e9s<\/p>\n<p>En parall\u00e8le, Strasbourg continue de d\u00e9graisser. Apr\u00e8s plusieurs sorties d\u00e9j\u00e0 act\u00e9es, le dossier Kendry Paez arrive \u00e0 son terme. Peu utilis\u00e9,<strong> le milieu \u00e9quatorien voit son pr\u00eat \u00eatre interrompu par Chelsea<\/strong>, son club propri\u00e9taire, qui l\u2019oriente vers une nouvelle exp\u00e9rience \u00e0 River Plate. Une d\u00e9cision davantage dict\u00e9e par BlueCo que par le RCSA.<\/p>\n<p>Enfin, <strong>Milos Lukovic<\/strong> va lui aussi changer d\u2019air. Pr\u00eat\u00e9 depuis l\u2019\u00e9t\u00e9 \u00e0 Las Palmas, l\u2019attaquant serbe va rebondir en Championship, \u00e0 Preston North End, jusqu\u2019\u00e0 la fin de saison. D\u2019ici le 2 f\u00e9vrier, <a href=\"https:\/\/mediafoot.net\/mercato-trois-joueurs-de-strasbourg-dans-le-radar-de-chelsea\/\" target=\"_blank\" rel=\"noopener\"><strong>Strasbourg devrait encore enregistrer d\u2019autres mouvements<\/strong><\/a>. Signe d\u2019un club en reconstruction ma\u00eetris\u00e9e, sans jamais perdre de vue ses ambitions imm\u00e9diates.<\/p>\n","protected":false},"excerpt":{"rendered":"Afficher les titres Masquer les titres Port\u00e9 par un d\u00e9but d\u2019ann\u00e9e id\u00e9al sur le terrain, le RC Strasbourg&hellip;\n","protected":false},"author":2,"featured_media":696883,"comment_status":"","ping_status":"","sticky":false,"template":"","format":"standard","meta":{"footnotes":""},"categories":[2820],"tags":[1111,11,1777,674,1011,27,775,12,25,640],"class_list":{"0":"post-696882","1":"post","2":"type-post","3":"status-publish","4":"format-standard","5":"has-post-thumbnail","7":"category-strasbourg","8":"tag-actu","9":"tag-actualites","10":"tag-eu","11":"tag-europe","12":"tag-fr","13":"tag-france","14":"tag-grand-est","15":"tag-news","16":"tag-republique-francaise","17":"tag-strasbourg"},"share_on_mastodon":{"url":"https:\/\/pubeurope.com\/@fr\/115977396103941679","error":""},"_links":{"self":[{"href":"https:\/\/www.europesays.com\/fr\/wp-json\/wp\/v2\/posts\/696882","targetHints":{"allow":["GET"]}}],"collection":[{"href":"https:\/\/www.europesays.com\/fr\/wp-json\/wp\/v2\/posts"}],"about":[{"href":"https:\/\/www.europesays.com\/fr\/wp-json\/wp\/v2\/types\/post"}],"author":[{"embeddable":true,"href":"https:\/\/www.europesays.com\/fr\/wp-json\/wp\/v2\/users\/2"}],"replies":[{"embeddable":true,"href":"https:\/\/www.europesays.com\/fr\/wp-json\/wp\/v2\/comments?post=696882"}],"version-history":[{"count":0,"href":"https:\/\/www.europesays.com\/fr\/wp-json\/wp\/v2\/posts\/696882\/revisions"}],"wp:featuredmedia":[{"embeddable":true,"href":"https:\/\/www.europesays.com\/fr\/wp-json\/wp\/v2\/media\/696883"}],"wp:attachment":[{"href":"https:\/\/www.europesays.com\/fr\/wp-json\/wp\/v2\/media?parent=696882"}],"wp:term":[{"taxonomy":"category","embeddable":true,"href":"https:\/\/www.europesays.com\/fr\/wp-json\/wp\/v2\/categories?post=696882"},{"taxonomy":"post_tag","embeddable":true,"href":"https:\/\/www.europesays.com\/fr\/wp-json\/wp\/v2\/tags?post=696882"}],"curies":[{"name":"wp","href":"https:\/\/api.w.org\/{rel}","templated":true}]}}