{"id":696892,"date":"2026-01-29T08:20:14","date_gmt":"2026-01-29T08:20:14","guid":{"rendered":"https:\/\/www.europesays.com\/fr\/696892\/"},"modified":"2026-01-29T08:20:14","modified_gmt":"2026-01-29T08:20:14","slug":"a-bordeaux-deux-degradeurs-de-baches-publicitaires-ont-ete-juges","status":"publish","type":"post","link":"https:\/\/www.europesays.com\/fr\/696892\/","title":{"rendered":"\u00e0 Bordeaux, deux \u00ab\u00a0d\u00e9gradeurs\u00a0\u00bb de b\u00e2ches publicitaires ont \u00e9t\u00e9 jug\u00e9s"},"content":{"rendered":"<p>        <img decoding=\"async\" id=\"24172859\" src=\"https:\/\/www.europesays.com\/fr\/wp-content\/uploads\/2026\/01\/1769674814_528_sudouest-photo-1-29655475-1.jpg\" alt=\"20\u00a0f\u00e9vrier 2020\u00a0: en marge d\u2019une manifestation des gilets jaunes, Alexandre Mahfoudhi cr\u00e8ve l\u2019\u0153il sur une photo de Brad Pitt utilis\u00e9e pour une publicit\u00e9 en faveur de Boursorama, et peint le bord en rouge.\" itemprop=\"contentURL\"\/><\/p>\n<p>    20\u00a0f\u00e9vrier 2020\u00a0: en marge d\u2019une manifestation des gilets jaunes, Alexandre Mahfoudhi cr\u00e8ve l\u2019\u0153il sur une photo de Brad Pitt utilis\u00e9e pour une publicit\u00e9 en faveur de Boursorama, et peint le bord en rouge.<\/p>\n<p>Fabien Cottereau<\/p>\n<p>Les d\u00e9bats n\u2019ont pas port\u00e9 sur les faits. Ceux-ci sont reconnus par les deux pr\u00e9venus, Alexandre Mahfoudhi et Guillaume Mathieu, deux Girondins \u00e2g\u00e9s de 49 et 33\u00a0ans. L\u2019audience a eu plut\u00f4t pour objet d\u2019opposer deux logiques\u00a0: d\u2019un c\u00f4t\u00e9, celle, \u00e9conomique, des parties civiles, l\u2019entreprise Light Air, qui g\u00e9rait cet affichage sur des b\u00e2ches de 400\u00a0m\u00e8tres carr\u00e9s, et la Chambre de commerce et d\u2019industrie (CCI), pour qui ces recettes publicitaires finan\u00e7aient la r\u00e9novation de sa toiture \u00e0 hauteur de 43\u00a0%\u00a0; de l\u2019autre c\u00f4t\u00e9, la logique \u00ab\u00a0\u00e9cocitoyenne\u00a0\u00bb des deux pr\u00e9venus.<\/p>\n<p>Alexandre Mahfoudhi dit avoir voulu \u00ab\u00a0ouvrir les yeux des gens sur une soci\u00e9t\u00e9 qui pousse \u00e0 consommer toujours plus au risque d\u2019aggraver le d\u00e9r\u00e8glement climatique\u00a0\u00bb. Il a \u00e9t\u00e9 appuy\u00e9 par un ancien porte-parole de Greenpeace selon qui il est \u00ab\u00a0l\u00e9gitime que des citoyens interviennent quand l\u2019\u00c9tat ne fait rien contre l\u2019urgence climatique \u2013\u00a0ces actes contribuent \u00e0 l\u2019int\u00e9r\u00eat g\u00e9n\u00e9ral\u00a0\u00bb.<\/p>\n<blockquote><p>\u00ab\u00a0Ils croient s\u2019attaquer \u00e0 des multinationales mais ils s\u2019en prennent \u00e0 une PME de 34 salari\u00e9s, qui apporte des moyens financiers quand l\u2019\u00c9tat n\u2019en a plus\u00a0\u00bb<\/p><\/blockquote>\n<p>Ce qui fait bondir Julien Aguettant, l\u2019un des dirigeants de Light Air\u00a0: \u00ab\u00a0Ils croient s\u2019attaquer \u00e0 des multinationales mais ils s\u2019en prennent \u00e0 une PME de 34\u00a0salari\u00e9s qui apporte des moyens financiers quand l\u2019\u00c9tat n\u2019en a plus.\u00a0\u00bb \u00ab\u00a0Les combats des pr\u00e9venus sont probablement respectables sur le fond, mais les moyens le sont beaucoup moins, insiste son avocat, Me\u00a0Combier. Ces trusts qu\u2019ils critiquent pr\u00e9servent notre patrimoine. Ces deux-l\u00e0 s\u2019inventent une justice priv\u00e9e qui contourne la justice l\u00e9gale.\u00a0\u00bb Intervenant pour la CCI, Me\u00a0Develle estime que \u00ab\u00a0ce qui est dangereux, c\u2019est le dogme\u00a0: les pr\u00e9venus avaient d\u2019autres moyens d\u2019agir, en d\u00e9posant un recours devant le tribunal administratif, par exemple\u00a0\u00bb.<\/p>\n<p>D\u00e9sob\u00e9issance civile<\/p>\n<p>\u00ab\u00a0Ils ont trouv\u00e9 une autre mani\u00e8re de sensibiliser \u00e0 l\u2019urgence climatique quand tous les d\u00e9bats politiques ou citoyens ne sont suivis d\u2019aucun effet concret. Au final, on n\u2019a jamais autant regard\u00e9 cette photo de Brad Pitt\u00a0\u00bb, r\u00e9pond Me\u00a0Galinat, l\u2019avocat des pr\u00e9venus. Son confr\u00e8re, Me\u00a0Brengarth, cite l\u2019article\u00a010 de la Convention europ\u00e9enne des droits de l\u2019homme, qui reconna\u00eet les faits de d\u00e9sob\u00e9issance civile comme relevant de la libert\u00e9 d\u2019expression.<\/p>\n","protected":false},"excerpt":{"rendered":"20\u00a0f\u00e9vrier 2020\u00a0: en marge d\u2019une manifestation des gilets jaunes, Alexandre Mahfoudhi cr\u00e8ve l\u2019\u0153il sur une photo de Brad&hellip;\n","protected":false},"author":2,"featured_media":696893,"comment_status":"","ping_status":"","sticky":false,"template":"","format":"standard","meta":{"footnotes":""},"categories":[2817],"tags":[1111,11,1997,1777,674,1011,27,12,2219,25],"class_list":{"0":"post-696892","1":"post","2":"type-post","3":"status-publish","4":"format-standard","5":"has-post-thumbnail","7":"category-bordeaux","8":"tag-actu","9":"tag-actualites","10":"tag-bordeaux","11":"tag-eu","12":"tag-europe","13":"tag-fr","14":"tag-france","15":"tag-news","16":"tag-nouvelle-aquitaine","17":"tag-republique-francaise"},"share_on_mastodon":{"url":"https:\/\/pubeurope.com\/@fr\/115977415898924703","error":""},"_links":{"self":[{"href":"https:\/\/www.europesays.com\/fr\/wp-json\/wp\/v2\/posts\/696892","targetHints":{"allow":["GET"]}}],"collection":[{"href":"https:\/\/www.europesays.com\/fr\/wp-json\/wp\/v2\/posts"}],"about":[{"href":"https:\/\/www.europesays.com\/fr\/wp-json\/wp\/v2\/types\/post"}],"author":[{"embeddable":true,"href":"https:\/\/www.europesays.com\/fr\/wp-json\/wp\/v2\/users\/2"}],"replies":[{"embeddable":true,"href":"https:\/\/www.europesays.com\/fr\/wp-json\/wp\/v2\/comments?post=696892"}],"version-history":[{"count":0,"href":"https:\/\/www.europesays.com\/fr\/wp-json\/wp\/v2\/posts\/696892\/revisions"}],"wp:featuredmedia":[{"embeddable":true,"href":"https:\/\/www.europesays.com\/fr\/wp-json\/wp\/v2\/media\/696893"}],"wp:attachment":[{"href":"https:\/\/www.europesays.com\/fr\/wp-json\/wp\/v2\/media?parent=696892"}],"wp:term":[{"taxonomy":"category","embeddable":true,"href":"https:\/\/www.europesays.com\/fr\/wp-json\/wp\/v2\/categories?post=696892"},{"taxonomy":"post_tag","embeddable":true,"href":"https:\/\/www.europesays.com\/fr\/wp-json\/wp\/v2\/tags?post=696892"}],"curies":[{"name":"wp","href":"https:\/\/api.w.org\/{rel}","templated":true}]}}