{"id":696894,"date":"2026-01-29T08:21:13","date_gmt":"2026-01-29T08:21:13","guid":{"rendered":"https:\/\/www.europesays.com\/fr\/696894\/"},"modified":"2026-01-29T08:21:13","modified_gmt":"2026-01-29T08:21:13","slug":"apres-21-ans-dexistence-cette-parfumerie-independante-ferme-definitivement-a-bordeaux","status":"publish","type":"post","link":"https:\/\/www.europesays.com\/fr\/696894\/","title":{"rendered":"Apr\u00e8s 21 ans d&rsquo;existence, cette parfumerie ind\u00e9pendante ferme d\u00e9finitivement \u00e0 Bordeaux"},"content":{"rendered":"<p><strong>Elys\u00e9es Parfums, parfumerie de niche <\/strong>\u00e9galement dot\u00e9e d\u2019un institut de beaut\u00e9 haut de gamme, a cess\u00e9 toute activit\u00e9 \u00e0 Bordeaux, comme \u00e0 Toulouse, Pau, Tarbes ou Biarritz, en raison d\u2019une liquidation judiciaire qui a entra\u00een\u00e9 la fermeture de l\u2019ensemble de ses magasins. <strong data-start=\"507\" data-end=\"627\">La boutique bordelaise, ouverte depuis 21 ans<\/strong>, a remerci\u00e9 ses clients dans un dernier message affich\u00e9 sur sa vitrine, marquant la fin d\u2019une adresse singuli\u00e8re dans le paysage local.<\/p>\n<p>&#13;<br \/>\nUn dernier mot pour une client\u00e8le fid\u00e8le&#13;<\/p>\n<p data-start=\"1059\" data-end=\"1307\">Sur la devanture, un courrier simple et poignant\u00a0: \u00ab Merci \u00e0 celles et ceux qui ont \u00e9t\u00e9 pr\u00e9sents depuis le d\u00e9but comme \u00e0 celles et ceux rencontr\u00e9s en chemin. Vous avez fait de cette boutique un lieu chaleureux, parfum\u00e9 et profond\u00e9ment humain.\u00a0\u00bb<\/p>\n<p>&#13;<\/p>\n<p data-start=\"1309\" data-end=\"1598\">L\u2019\u00e9quipe, qui a \u00e9volu\u00e9 au fil des ann\u00e9es, souligne ce qui n\u2019a jamais chang\u00e9\u00a0: le plaisir d\u2019accueillir, de conseiller et de prendre soin. Un message d\u2019adieu qui a suscit\u00e9 de nombreuses r\u00e9actions d\u2019habitu\u00e9s, attrist\u00e9s de voir dispara\u00eetre une parfumerie ind\u00e9pendante au positionnement rare.<\/p>\n<p>&#13;<\/p>\n<blockquote class=\"instagram-media\" data-instgrm-captioned=\"\" data-instgrm-permalink=\"https:\/\/www.instagram.com\/p\/DSxi2vOCFwU\/?utm_source=ig_embed&amp;utm_campaign=loading\" data-instgrm-version=\"14\" style=\"background: #FFF; border: 0; border-radius: 3px; box-shadow: 0 0 1px 0 rgba(0,0,0,0.5),0 1px 10px 0 rgba(0,0,0,0.15); margin: 1px; max-width: 540px; min-width: 326px; padding: 0; width: calc(100% - 2px);\"><p>&#13;<br \/>\n&#13;\n<\/p><\/blockquote>\n<p>&#13;<br \/>\n&#13;<br \/>\nUne adresse embl\u00e9matique de la parfumerie de niche&#13;<\/p>\n<p data-start=\"1662\" data-end=\"1725\">Elys\u00e9es Parfums n\u2019\u00e9tait pas une parfumerie comme les autres\u00a0: <strong>s\u00e9lection pointue de fragrances rares, institut de beaut\u00e9 d\u2019exception et marques<\/strong>\u00a0<strong>exclusives<\/strong>.\u00a0Sur les r\u00e9seaux locaux, les r\u00e9actions se multiplient\u00a0: \u00ab\u00a0Quel dommage\u00a0!\u00a0\u00bb, \u00ab\u00a0Une vraie perte pour Bordeaux\u00a0\u00bb, \u00ab\u00a0Un lieu o\u00f9 l\u2019on se sentait vraiment consid\u00e9r\u00e9\u00a0\u00bb. La fermeture laisse un vide dans un centre-ville o\u00f9 les parfumeries ind\u00e9pendantes sont devenues rares face aux grandes cha\u00eenes.<\/p>\n<p>&#13;<\/p>\n<p data-start=\"1662\" data-end=\"1725\"><a href=\"https:\/\/actu.fr\/nouvelle-aquitaine\/bordeaux_33063\/a-bordeaux-cette-parfumerie-ferme-definitivement-apres-21-ans-d-existence-vous-avez-marque-cette-aventure_63762987.html\" rel=\"nofollow noreferrer noopener\" target=\"_blank\">Source<\/a><\/p>\n<p><script async src=\"\/\/www.instagram.com\/embed.js\"><\/script><\/p>\n","protected":false},"excerpt":{"rendered":"Elys\u00e9es Parfums, parfumerie de niche \u00e9galement dot\u00e9e d\u2019un institut de beaut\u00e9 haut de gamme, a cess\u00e9 toute activit\u00e9&hellip;\n","protected":false},"author":2,"featured_media":696895,"comment_status":"","ping_status":"","sticky":false,"template":"","format":"standard","meta":{"footnotes":""},"categories":[2817],"tags":[1111,11,1997,1777,674,1011,27,12,2219,25],"class_list":{"0":"post-696894","1":"post","2":"type-post","3":"status-publish","4":"format-standard","5":"has-post-thumbnail","7":"category-bordeaux","8":"tag-actu","9":"tag-actualites","10":"tag-bordeaux","11":"tag-eu","12":"tag-europe","13":"tag-fr","14":"tag-france","15":"tag-news","16":"tag-nouvelle-aquitaine","17":"tag-republique-francaise"},"share_on_mastodon":{"url":"https:\/\/pubeurope.com\/@fr\/115977419764641389","error":""},"_links":{"self":[{"href":"https:\/\/www.europesays.com\/fr\/wp-json\/wp\/v2\/posts\/696894","targetHints":{"allow":["GET"]}}],"collection":[{"href":"https:\/\/www.europesays.com\/fr\/wp-json\/wp\/v2\/posts"}],"about":[{"href":"https:\/\/www.europesays.com\/fr\/wp-json\/wp\/v2\/types\/post"}],"author":[{"embeddable":true,"href":"https:\/\/www.europesays.com\/fr\/wp-json\/wp\/v2\/users\/2"}],"replies":[{"embeddable":true,"href":"https:\/\/www.europesays.com\/fr\/wp-json\/wp\/v2\/comments?post=696894"}],"version-history":[{"count":0,"href":"https:\/\/www.europesays.com\/fr\/wp-json\/wp\/v2\/posts\/696894\/revisions"}],"wp:featuredmedia":[{"embeddable":true,"href":"https:\/\/www.europesays.com\/fr\/wp-json\/wp\/v2\/media\/696895"}],"wp:attachment":[{"href":"https:\/\/www.europesays.com\/fr\/wp-json\/wp\/v2\/media?parent=696894"}],"wp:term":[{"taxonomy":"category","embeddable":true,"href":"https:\/\/www.europesays.com\/fr\/wp-json\/wp\/v2\/categories?post=696894"},{"taxonomy":"post_tag","embeddable":true,"href":"https:\/\/www.europesays.com\/fr\/wp-json\/wp\/v2\/tags?post=696894"}],"curies":[{"name":"wp","href":"https:\/\/api.w.org\/{rel}","templated":true}]}}