{"id":696896,"date":"2026-01-29T08:22:09","date_gmt":"2026-01-29T08:22:09","guid":{"rendered":"https:\/\/www.europesays.com\/fr\/696896\/"},"modified":"2026-01-29T08:22:09","modified_gmt":"2026-01-29T08:22:09","slug":"le-pieton-de-56-ans-renverse-est-decede","status":"publish","type":"post","link":"https:\/\/www.europesays.com\/fr\/696896\/","title":{"rendered":"le pi\u00e9ton de 56 ans renvers\u00e9 est d\u00e9c\u00e9d\u00e9"},"content":{"rendered":"<p>                    Par<br \/>\n        <strong><br \/>\n            <a href=\"https:\/\/actu.fr\/auteur\/mareva-laville-actu-fr\" title=\"Consulter tous les articles de Mar\u00e9va Laville\" target=\"_blank\" rel=\"noopener\">Mar\u00e9va Laville<\/a><br \/>\n                    <\/strong><\/p>\n<p>        Publi\u00e9 le<\/p>\n<p>            29 janv. 2026 \u00e0 8h40<br \/>\n        ; mis \u00e0 jour le 29 janv. 2026 \u00e0 9h18    <\/p>\n<p>Drame ce jeudi 29\u00a0janvier 2026, au nord de <a href=\"http:\/\/www.actu.fr\/toulouse\" target=\"_blank\" rel=\"noopener\">Toulouse<\/a>. Avenue de Fronton, depuis 8h15, <strong>la route est coup\u00e9e<\/strong> entre les deux ronds-points encerclant le Carrefour City.<\/p>\n<p>Pi\u00e9ton renvers\u00e9 pr\u00e8s d\u2019une \u00e9cole<\/p>\n<p class=\" wall-content\">Un <strong>accident s\u2019est produit \u00e0 proximit\u00e9 imm\u00e9diate avec l\u2019\u00e9cole Jules-G\u00e9raud Sali\u00e8ge,<\/strong> rue Lise Meitner.<\/p>\n<p>    <a href=\"https:\/\/www.google.com\/maps\/embed?pb=!1m18!1m12!1m3!1d3822.6992723214858!2d1.4320677768181083!3d43.65319985242994!2m3!1f0!2f0!3f0!3m2!1i1024!2i768!4f13.1!3m3!1m2!1s0x12aea49a7ebc8f33%3A0x1c0bcb95dbc13cd6!2sEcole%20El%C3%A9mentaire%20Publique%20Jules-G%C3%A9raud%20Sali%C3%A8ge!5e1!3m2!1sfr!2sfr!4v1769672106081!5m2!1sfr!2sfr\" title=\"Ouvrie le lien\" target=\"_blank\" rel=\"noopener\">Cliquez ici pour visualiser le contenu<\/a><\/p>\n<p>L\u2019homme de 56\u00a0ans est d\u00e9c\u00e9d\u00e9<\/p>\n<p class=\" wall-content\">D\u2019apr\u00e8s une source polici\u00e8re d\u2019Actu Toulouse, il s\u2019agit d\u2019un \u00ab<strong>\u2009accident mortel<\/strong> avec un pi\u00e9ton renvers\u00e9\u2009\u00bb. La victime est<strong> un homme \u00e2g\u00e9 de 56\u00a0ans.<\/strong> Il a \u00e9t\u00e9 <strong>d\u00e9clar\u00e9 d\u00e9c\u00e9d\u00e9<\/strong> par le Samu.<\/p>\n<p class=\" wall-content\">Personnalisez votre actualit\u00e9 en ajoutant vos villes et m\u00e9dias en favori avec <a href=\"https:\/\/moncompte.actu.fr\" title=\"D\u00e9couvez Mon Actu\" rel=\"nofollow noopener\" data-trk=\"{&quot;cta&quot;:{&quot;action&quot;:&quot;https:\\\/\\\/moncompte.actu.fr&quot;,&quot;category&quot;:&quot;mon compte&quot;,&quot;from&quot;:&quot;article footer&quot;,&quot;name&quot;:&quot;Mon actu&quot;,&quot;type&quot;:&quot;cta&quot;}}\" target=\"_blank\">Mon Actu<\/a>.<\/p>\n","protected":false},"excerpt":{"rendered":"Par Mar\u00e9va Laville Publi\u00e9 le 29 janv. 2026 \u00e0 8h40 ; mis \u00e0 jour le 29 janv. 2026&hellip;\n","protected":false},"author":2,"featured_media":696897,"comment_status":"","ping_status":"","sticky":false,"template":"","format":"standard","meta":{"footnotes":""},"categories":[2816],"tags":[119,1111,11,1777,674,118,1011,27,12,2680,1311,25,2312],"class_list":{"0":"post-696896","1":"post","2":"type-post","3":"status-publish","4":"format-standard","5":"has-post-thumbnail","7":"category-toulouse","8":"tag-accident","9":"tag-actu","10":"tag-actualites","11":"tag-eu","12":"tag-europe","13":"tag-faits-divers","14":"tag-fr","15":"tag-france","16":"tag-news","17":"tag-occitanie","18":"tag-pompiers","19":"tag-republique-francaise","20":"tag-toulouse"},"share_on_mastodon":{"url":"https:\/\/pubeurope.com\/@fr\/115977423684463980","error":""},"_links":{"self":[{"href":"https:\/\/www.europesays.com\/fr\/wp-json\/wp\/v2\/posts\/696896","targetHints":{"allow":["GET"]}}],"collection":[{"href":"https:\/\/www.europesays.com\/fr\/wp-json\/wp\/v2\/posts"}],"about":[{"href":"https:\/\/www.europesays.com\/fr\/wp-json\/wp\/v2\/types\/post"}],"author":[{"embeddable":true,"href":"https:\/\/www.europesays.com\/fr\/wp-json\/wp\/v2\/users\/2"}],"replies":[{"embeddable":true,"href":"https:\/\/www.europesays.com\/fr\/wp-json\/wp\/v2\/comments?post=696896"}],"version-history":[{"count":0,"href":"https:\/\/www.europesays.com\/fr\/wp-json\/wp\/v2\/posts\/696896\/revisions"}],"wp:featuredmedia":[{"embeddable":true,"href":"https:\/\/www.europesays.com\/fr\/wp-json\/wp\/v2\/media\/696897"}],"wp:attachment":[{"href":"https:\/\/www.europesays.com\/fr\/wp-json\/wp\/v2\/media?parent=696896"}],"wp:term":[{"taxonomy":"category","embeddable":true,"href":"https:\/\/www.europesays.com\/fr\/wp-json\/wp\/v2\/categories?post=696896"},{"taxonomy":"post_tag","embeddable":true,"href":"https:\/\/www.europesays.com\/fr\/wp-json\/wp\/v2\/tags?post=696896"}],"curies":[{"name":"wp","href":"https:\/\/api.w.org\/{rel}","templated":true}]}}