{"id":696898,"date":"2026-01-29T08:23:10","date_gmt":"2026-01-29T08:23:10","guid":{"rendered":"https:\/\/www.europesays.com\/fr\/696898\/"},"modified":"2026-01-29T08:23:10","modified_gmt":"2026-01-29T08:23:10","slug":"renverse-par-une-voiture-sur-un-passage-pieton-un-homme-de-56-ans-trouve-la-mort-a-toulouse","status":"publish","type":"post","link":"https:\/\/www.europesays.com\/fr\/696898\/","title":{"rendered":"Renvers\u00e9 par une voiture sur un passage pi\u00e9ton, un homme de 56 ans trouve la mort \u00e0 Toulouse"},"content":{"rendered":"<p>\n                                                                    l&rsquo;essentiel<br \/>\n                                                                Un pi\u00e9ton de 56 ans est mort, au petit matin ce jeudi 19\u00a0janvier, apr\u00e8s avoir \u00e9t\u00e9 renvers\u00e9 par une voiture sur un passage prot\u00e9g\u00e9, \u00e0 Toulouse.\n                            <\/p>\n<p>Triste d\u00e9but de matin\u00e9e dans cette petite zone r\u00e9sidentielle et commerciale du nord de Toulouse. Ce jeudi 29\u00a0janvier 2026, vers 6\u00a0heures du matin, un pi\u00e9ton a \u00e9t\u00e9 victime d\u2019une violente collision avec une voiture, avenue de Fronton.<\/p>\n<p>Percut\u00e9 par une voiture<\/p>\n<p>Selon les premiers \u00e9l\u00e9ments de l\u2019enqu\u00eate, les faits se sont produits \u00e0 hauteur du n\u00b0\u00a0306, \u00e0 proximit\u00e9 imm\u00e9diate d\u2019un rond-point, \u00e0 hauteur d\u2019un passage pi\u00e9ton. \u00c2g\u00e9e de 56 ans, la victime (dont on ignore le sexe, pour l\u2019heure), se trouvait en arr\u00eat cardio-respiratoire \u00e0 l\u2019arriv\u00e9e des sapeurs-pompiers du SDIS 31.<\/p>\n<p>En d\u00e9pit de leurs efforts pour prodiguer les gestes qui sauvent, elle n\u2019a pu \u00eatre ranim\u00e9e. Le pi\u00e9ton a \u00e9t\u00e9 d\u00e9clar\u00e9 mort sur place par le m\u00e9decin du Samu.<\/p>\n<p>Circulation perturb\u00e9e<\/p>\n<p>La circulation a \u00e9t\u00e9 perturb\u00e9e dans le secteur, afin que les secours puissent assurer leur mission. Une enqu\u00eate a \u00e9t\u00e9 ouverte par les services de police pour d\u00e9terminer avec pr\u00e9cision les circonstances du drame.<\/p>\n","protected":false},"excerpt":{"rendered":"l&rsquo;essentiel Un pi\u00e9ton de 56 ans est mort, au petit matin ce jeudi 19\u00a0janvier, apr\u00e8s avoir \u00e9t\u00e9 renvers\u00e9&hellip;\n","protected":false},"author":2,"featured_media":696899,"comment_status":"","ping_status":"","sticky":false,"template":"","format":"standard","meta":{"footnotes":""},"categories":[2816],"tags":[3085,1111,11,1777,674,118,1011,27,2722,12,2680,25,2312],"class_list":{"0":"post-696898","1":"post","2":"type-post","3":"status-publish","4":"format-standard","5":"has-post-thumbnail","7":"category-toulouse","8":"tag-accidents","9":"tag-actu","10":"tag-actualites","11":"tag-eu","12":"tag-europe","13":"tag-faits-divers","14":"tag-fr","15":"tag-france","16":"tag-haute-garonne","17":"tag-news","18":"tag-occitanie","19":"tag-republique-francaise","20":"tag-toulouse"},"share_on_mastodon":{"url":"https:\/\/pubeurope.com\/@fr\/115977427589107932","error":""},"_links":{"self":[{"href":"https:\/\/www.europesays.com\/fr\/wp-json\/wp\/v2\/posts\/696898","targetHints":{"allow":["GET"]}}],"collection":[{"href":"https:\/\/www.europesays.com\/fr\/wp-json\/wp\/v2\/posts"}],"about":[{"href":"https:\/\/www.europesays.com\/fr\/wp-json\/wp\/v2\/types\/post"}],"author":[{"embeddable":true,"href":"https:\/\/www.europesays.com\/fr\/wp-json\/wp\/v2\/users\/2"}],"replies":[{"embeddable":true,"href":"https:\/\/www.europesays.com\/fr\/wp-json\/wp\/v2\/comments?post=696898"}],"version-history":[{"count":0,"href":"https:\/\/www.europesays.com\/fr\/wp-json\/wp\/v2\/posts\/696898\/revisions"}],"wp:featuredmedia":[{"embeddable":true,"href":"https:\/\/www.europesays.com\/fr\/wp-json\/wp\/v2\/media\/696899"}],"wp:attachment":[{"href":"https:\/\/www.europesays.com\/fr\/wp-json\/wp\/v2\/media?parent=696898"}],"wp:term":[{"taxonomy":"category","embeddable":true,"href":"https:\/\/www.europesays.com\/fr\/wp-json\/wp\/v2\/categories?post=696898"},{"taxonomy":"post_tag","embeddable":true,"href":"https:\/\/www.europesays.com\/fr\/wp-json\/wp\/v2\/tags?post=696898"}],"curies":[{"name":"wp","href":"https:\/\/api.w.org\/{rel}","templated":true}]}}