{"id":696928,"date":"2026-01-29T08:40:17","date_gmt":"2026-01-29T08:40:17","guid":{"rendered":"https:\/\/www.europesays.com\/fr\/696928\/"},"modified":"2026-01-29T08:40:17","modified_gmt":"2026-01-29T08:40:17","slug":"allemagne-a-partir-du-mois-de-juillet-il-faudra-un-permis-pour-avoir-un-chien-a-breme","status":"publish","type":"post","link":"https:\/\/www.europesays.com\/fr\/696928\/","title":{"rendered":"Allemagne. A partir du mois de juillet, il faudra un permis pour avoir un chien \u00e0 Br\u00eame"},"content":{"rendered":"<p>Aimer un\u00a0animal suffit-il pour savoir s&rsquo;en occuper correctement ? \u00c0 partir du 1er juillet prochain, une licence sera n\u00e9cessaire pour adopter un chien \u00e0 Br\u00eame,\u00a0dans le nord de l&rsquo;Allemagne, <a href=\"https:\/\/www.weser-kurier.de\/ratgeber\/hundefuehrerschein-so-sieht-in-bremen-die-praktische-pruefung-aus-doc83wio4fw1rnoy7muclh\" target=\"_blank\" rel=\"noopener\">annonce le journal local Weser Kurier.<\/a><\/p>\n<p>Toute personne achetant un nouveau\u00a0compagnon \u00e0 quatre pattes devra fournir\u00a0un certificat de comp\u00e9tence, qui comprend deux tests, un th\u00e9orique et un pratique, avec l\u2019animal. Le but ?\u00a0Les propri\u00e9taires doivent ainsi\u00a0prouver qu\u2019ils sont capables de prendre correctement soin de leur\u00a0toutou avant de l&rsquo;accueillir chez eux, afin de limiter la maltraitance et les abandons : son alimentation,\u00a0sa sant\u00e9, son \u00e9ducation, son comportement&#8230;<\/p>\n<p>Jusqu&rsquo;\u00e0 pr\u00e9sent, seule la\u00a0Basse-Saxe\u00a0avait introduit une obligation g\u00e9n\u00e9rale de licence canine pour tous les propri\u00e9taires de chiens &#8211; \u00e0 l&rsquo;exception des chasseurs, qui sont exempt\u00e9s sous certaines conditions.\u00a0En Allemagne, il n&rsquo;existe pas de r\u00e9glementation uniforme : la possession d&rsquo;un chien et les r\u00e8gles qui y sont associ\u00e9es rel\u00e8vent de la comp\u00e9tence des\u00a0r\u00e9gions.<\/p>\n<p>Cette nouvelle loi entrera \u00e9galement en vigueur \u00e0\u00a0Bremerhaven, selon le<a href=\"https:\/\/www.nordsee-zeitung.de\/bremerhaven\/hundegesetz-bremen-bremerhaven-hundefuehrerschein-2026-291067.html\" target=\"_blank\" rel=\"noopener\"> Nordsee Zeitung<\/a>\u00a0qui \u00e9voque, outre cette\u00a0preuve d\u2019expertise, d&rsquo;autres r\u00e8gles concernant l\u2019enregistrement, l\u2019assurance, mais aussi\u00a0la liste controvers\u00e9e des races. Car en Allemagne, il existe d\u00e9j\u00e0 une taxe sur les chiens. Ce sont les communes qui fixent le montant de cet\u00a0imp\u00f4t qui varie selon les races.\u00a0Pour les cat\u00e9gories 1 et 2, des chiens susceptibles d&rsquo;\u00eatre dangereux,\u00a0l\u2019imp\u00f4t annuel peut grimper \u00e0 1000 euros.<\/p>\n<p>  L&rsquo;Autriche inspir\u00e9e<\/p>\n<p>L&rsquo;exemple allemand aurait inspir\u00e9\u00a0les Autrichiens,<a href=\"https:\/\/www.wochenblatt-dlv.de\/oesterreich\/hundefuehrerschein-kommt-diese-neuen-regeln-gelten-2026-oesterreich-580637\" target=\"_blank\" rel=\"noopener\"> selon le magazine Wochenblatt<\/a>, qui affirmait\u00a0en avril dernier que le permis pour d\u00e9tenir un chien\u00a0deviendrait obligatoire sur tout le territoire d\u00e8s 2026. Il aurait la forme d&rsquo;une attestation consistant en un examen th\u00e9orique de quatre heures, \u00e0 r\u00e9ussir avant l\u2019acquisition du chien, puis un examen pratique de deux heures, \u00e9galement obligatoire et qui devra \u00eatre pass\u00e9 dans les douze mois suivant l\u2019adoption.<\/p>\n<p>La France pourrait-elle,\u00a0un jour, suivre le mouvement ?<\/p>\n","protected":false},"excerpt":{"rendered":"Aimer un\u00a0animal suffit-il pour savoir s&rsquo;en occuper correctement ? \u00c0 partir du 1er juillet prochain, une licence sera&hellip;\n","protected":false},"author":2,"featured_media":696929,"comment_status":"","ping_status":"","sticky":false,"template":"","format":"standard","meta":{"footnotes":""},"categories":[1587],"tags":[11,672,1867,1804,1805,1803,1777,674,107,329,1801,1757,12,1802],"class_list":{"0":"post-696928","1":"post","2":"type-post","3":"status-publish","4":"format-standard","5":"has-post-thumbnail","7":"category-allemagne","8":"tag-actualites","9":"tag-allemagne","10":"tag-animaux","11":"tag-bundesrepublik-deutschland","12":"tag-de","13":"tag-deutschland","14":"tag-eu","15":"tag-europe","16":"tag-fil-info","17":"tag-france-monde","18":"tag-germany","19":"tag-insolite","20":"tag-news","21":"tag-republique-federale-dallemagne"},"share_on_mastodon":{"url":"https:\/\/pubeurope.com\/@fr\/115977494473537804","error":""},"_links":{"self":[{"href":"https:\/\/www.europesays.com\/fr\/wp-json\/wp\/v2\/posts\/696928","targetHints":{"allow":["GET"]}}],"collection":[{"href":"https:\/\/www.europesays.com\/fr\/wp-json\/wp\/v2\/posts"}],"about":[{"href":"https:\/\/www.europesays.com\/fr\/wp-json\/wp\/v2\/types\/post"}],"author":[{"embeddable":true,"href":"https:\/\/www.europesays.com\/fr\/wp-json\/wp\/v2\/users\/2"}],"replies":[{"embeddable":true,"href":"https:\/\/www.europesays.com\/fr\/wp-json\/wp\/v2\/comments?post=696928"}],"version-history":[{"count":0,"href":"https:\/\/www.europesays.com\/fr\/wp-json\/wp\/v2\/posts\/696928\/revisions"}],"wp:featuredmedia":[{"embeddable":true,"href":"https:\/\/www.europesays.com\/fr\/wp-json\/wp\/v2\/media\/696929"}],"wp:attachment":[{"href":"https:\/\/www.europesays.com\/fr\/wp-json\/wp\/v2\/media?parent=696928"}],"wp:term":[{"taxonomy":"category","embeddable":true,"href":"https:\/\/www.europesays.com\/fr\/wp-json\/wp\/v2\/categories?post=696928"},{"taxonomy":"post_tag","embeddable":true,"href":"https:\/\/www.europesays.com\/fr\/wp-json\/wp\/v2\/tags?post=696928"}],"curies":[{"name":"wp","href":"https:\/\/api.w.org\/{rel}","templated":true}]}}