{"id":696930,"date":"2026-01-29T08:41:21","date_gmt":"2026-01-29T08:41:21","guid":{"rendered":"https:\/\/www.europesays.com\/fr\/696930\/"},"modified":"2026-01-29T08:41:21","modified_gmt":"2026-01-29T08:41:21","slug":"hausse-en-vue-en-europe-dans-un-concert-de-resultats","status":"publish","type":"post","link":"https:\/\/www.europesays.com\/fr\/696930\/","title":{"rendered":"Hausse en vue en Europe dans un concert de r\u00e9sultats"},"content":{"rendered":"<p>                    Les march\u00e9s actions europ\u00e9ens sont attendus dans le vert au lendemain de la d\u00e9cision de la Fed qui a maintenu, sans surprises, ses taux inchang\u00e9s.  Les investisseurs sont concentr\u00e9s sur la saison des r\u00e9sultats qui bat son plein avec STMicroelectronics, Eurofins, R\u00e9my Cointreau, Sanofi, Mersen, Kaufman &amp; Broad&#8230; Outre-Atlantique, Microsoft, Meta et Tesla ont rendu des copies contrast\u00e9es hier apr\u00e8s la cl\u00f4ture de Wall Street. L\u2019or a inscrit un nouveau sommet historique \u00e0 5 594,34 USD, sur fond de vives tensions entre les Etats-Unis et l\u2019Iran.<\/p>\n<p><b>Les valeurs \u00e0 suivre aujourd&rsquo;hui<\/b><\/p>\n<p><b>Exail Technologies<\/b><br \/>Le sp\u00e9cialiste des syst\u00e8mes de navigation et de la robotique maritime fait mieux que pr\u00e9vu, port\u00e9 par des livraisons dynamiques en fin d&rsquo;ann\u00e9e et la bonne ex\u00e9cution de programmes strat\u00e9giques.<\/p>\n<p><b>Groupe Crit<\/b><br \/>Groupe Crit annonce son chiffre d&rsquo;affaires r\u00e9alis\u00e9 sur le 4\u00e8me trimestre de l&rsquo;exercice 2025 (1er octobre &#8211; 31 d\u00e9cembre 2025). Le chiffre d&rsquo;affaires consolid\u00e9 du groupe s&rsquo;\u00e9tablit \u00e0 867,3 MEUR en hausse de 1,4% (2,0% \u00e0 p\u00e9rim\u00e8tre et change constant) par rapport \u00e0 la m\u00eame p\u00e9riode de l&rsquo;exercice pr\u00e9c\u00e9dent (855,6 MEUR).<br \/><b>STMicroelectronics<\/b><br \/>STMicroelectronics d\u00e9voile au titre de son 4e trimestre 2025 un BPA ajust\u00e9 (non GAAP) en chute de 70,3% en comparaison annuelle, \u00e0 0,11 dollar, et une marge d&rsquo;exploitation ajust\u00e9e en chute de 3,1 points \u00e0 8%.<br \/><b><br \/>Voltalia<\/b><br \/>Voltalia a r\u00e9alis\u00e9 au quatri\u00e8me trimestre 2025 un chiffre d&rsquo;affaires de 166,3 MEUR, en hausse de 8% \u00e0 taux constants.<\/p>\n<p><b>Les chiffres macro\u00e9conomiques<\/b><br \/>11h00 en zone euro<br \/>La confiance des consommateurs en janvier en zone euro et le climat des affaires en janvier seront connus \u00e0 11h00.<\/p>\n<p>Aux Etats-Unis, les inscriptions hebdomadaires au ch\u00f4mage, les commandes \u00e0 l&rsquo;industrie en novembre ainsi que la balance commerciale en novembre seront communiqu\u00e9es \u00e0 14h30 avant les stocks de grossistes \u00e0 16h et les stocks de gaz naturel \u00e0 16h30.\u00a0<\/p>\n<p>Vers 8h30, l&rsquo;euro est stable \u00e0 1,1977 dollar.\u00a0<\/p>\n<p><b>Hier \u00e0 Paris<\/b><br \/>Les bourses europ\u00e9ennes ont termin\u00e9 la s\u00e9ance de mercredi en ordre dispers\u00e9 avec toutefois une tendance pour la baisse. Le CAC 40 a notamment sign\u00e9 la plus forte baisse des grands indices du Vieux-Continent avec un repli de 1,06%, \u00e0 8 066,68 points, affect\u00e9 principalement par le repli du secteur du luxe apr\u00e8s la publication de LVMH<\/p>\n<p><b>Hier \u00e0 Wall Street<\/b><\/p>\n<p>Les march\u00e9s actions am\u00e9ricains ont cl\u00f4tur\u00e9 sur une note prudente apr\u00e8s la d\u00e9cision de politique mon\u00e9taire de la Fed. Comme attendu, cette derni\u00e8re a maintenu, \u00e0 10 voix contre 2, ses taux inchang\u00e9s. Le Dow Jones a grappill\u00e9 0,02% \u00e0 49015 points et l\u2019indice Nasdaq a pris 0,17% \u00e0 4 9015 points. Apr\u00e8s avoir franchi le seuil symbolique des 7 000 points pour la premi\u00e8re fois de son histoire en d\u00e9but de s\u00e9ance, l\u2019indice \u00e9largi S&amp;P 500 a finalement l\u00e2ch\u00e9 0,01% \u00e0 6978 points. <\/p>\n","protected":false},"excerpt":{"rendered":"Les march\u00e9s actions europ\u00e9ens sont attendus dans le vert au lendemain de la d\u00e9cision de la Fed qui&hellip;\n","protected":false},"author":2,"featured_media":660992,"comment_status":"","ping_status":"","sticky":false,"template":"","format":"standard","meta":{"footnotes":""},"categories":[1586],"tags":[11,340,1777,674,1011,27,12,25],"class_list":{"0":"post-696930","1":"post","2":"type-post","3":"status-publish","4":"format-standard","5":"has-post-thumbnail","7":"category-europe","8":"tag-actualites","9":"tag-bourse","10":"tag-eu","11":"tag-europe","12":"tag-fr","13":"tag-france","14":"tag-news","15":"tag-republique-francaise"},"share_on_mastodon":{"url":"https:\/\/pubeurope.com\/@fr\/115977498405262431","error":""},"_links":{"self":[{"href":"https:\/\/www.europesays.com\/fr\/wp-json\/wp\/v2\/posts\/696930","targetHints":{"allow":["GET"]}}],"collection":[{"href":"https:\/\/www.europesays.com\/fr\/wp-json\/wp\/v2\/posts"}],"about":[{"href":"https:\/\/www.europesays.com\/fr\/wp-json\/wp\/v2\/types\/post"}],"author":[{"embeddable":true,"href":"https:\/\/www.europesays.com\/fr\/wp-json\/wp\/v2\/users\/2"}],"replies":[{"embeddable":true,"href":"https:\/\/www.europesays.com\/fr\/wp-json\/wp\/v2\/comments?post=696930"}],"version-history":[{"count":0,"href":"https:\/\/www.europesays.com\/fr\/wp-json\/wp\/v2\/posts\/696930\/revisions"}],"wp:featuredmedia":[{"embeddable":true,"href":"https:\/\/www.europesays.com\/fr\/wp-json\/wp\/v2\/media\/660992"}],"wp:attachment":[{"href":"https:\/\/www.europesays.com\/fr\/wp-json\/wp\/v2\/media?parent=696930"}],"wp:term":[{"taxonomy":"category","embeddable":true,"href":"https:\/\/www.europesays.com\/fr\/wp-json\/wp\/v2\/categories?post=696930"},{"taxonomy":"post_tag","embeddable":true,"href":"https:\/\/www.europesays.com\/fr\/wp-json\/wp\/v2\/tags?post=696930"}],"curies":[{"name":"wp","href":"https:\/\/api.w.org\/{rel}","templated":true}]}}