{"id":696931,"date":"2026-01-29T08:42:16","date_gmt":"2026-01-29T08:42:16","guid":{"rendered":"https:\/\/www.europesays.com\/fr\/696931\/"},"modified":"2026-01-29T08:42:16","modified_gmt":"2026-01-29T08:42:16","slug":"lue-pourrait-inscrire-les-gardiens-de-la-revolution-comme-organisation-terroriste","status":"publish","type":"post","link":"https:\/\/www.europesays.com\/fr\/696931\/","title":{"rendered":"l\u2019UE pourrait inscrire les Gardiens de la r\u00e9volution comme \u00ab\u00a0organisation terroriste\u00a0\u00bb"},"content":{"rendered":"<p class=\"fs-5 \">Ce jeudi 29\u00a0janvier, les ministres des Affaires \u00e9trang\u00e8res de l\u2019Union europ\u00e9enne pourraient franchir un cap historique et diplomatique.<strong> L\u2019UE pourrait incrire les Gardiens de la r\u00e9volution iraniens sur la liste des organisations terroristes. <\/strong><\/p>\n<p class=\"fs-5 \">Port\u00e9e par un changement de position de la France et une volont\u00e9 de sanctionner fermement la r\u00e9pression sanglante en Iran ainsi que le soutien militaire \u00e0 la Russie, cette d\u00e9cision suscite d\u00e9j\u00e0 de vives menaces de la part de T\u00e9h\u00e9ran.<\/p>\n<p>        <img src=\"https:\/\/www.europesays.com\/fr\/wp-content\/uploads\/2026\/01\/f882bd1_ftp-1-vel6kshm0any-12680444.jpg\"   loading=\"lazy\" decoding=\"async\" alt=\"Les arrestations continuent en Iran, apr\u00e8s les manifestations ayant d\u00e9fi\u00e9 la R\u00e9publique islamique d\u00e9but janvier. Au moins 41.880\u00a0personnes ont \u00e9t\u00e9 interpell\u00e9es, et des milliers de protestataires tu\u00e9s.\" class=\"img-fluid position-absolute w-100 object-fit-cover rounded-2\" width=\"600\" height=\"400\"\/><\/p>\n<p class=\"fs-5 \">\u00ab\u00a0Je m\u2019attends \u00e9galement \u00e0 ce que nous convenions d\u2019inscrire les Gardiens de la r\u00e9volution iraniens sur la liste des organisations terroristes\u00a0\u00bb de l\u2019UE, a-t-elle affirm\u00e9 peu avant le d\u00e9but d\u2019une r\u00e9union des ministres des Affaires \u00e9trang\u00e8res de l\u2019Union europ\u00e9enne. \u00ab\u00a0Si vous agissez en terroriste, vous devez aussi \u00eatre trait\u00e9 comme tel\u00a0\u00bb, a-t-elle ajout\u00e9 devant la presse.<\/p>\n<p>                                                                                <strong>La France pr\u00eate \u00e0 se positionner <\/strong><\/p>\n<p class=\"fs-5 \">La France a annonc\u00e9 mercredi qu\u2019elle \u00e9tait d\u00e9sormais pr\u00eate \u00e0 prendre sa d\u00e9cision.<\/p>\n<p class=\"fs-5 \">\u00ab\u00a0L\u2019insoutenable r\u00e9pression de la r\u00e9volte pacifique du peuple iranien ne peut rester sans r\u00e9ponse\u00a0\u00bb, a affirm\u00e9 sur X le ministre fran\u00e7ais des Affaires \u00e9trang\u00e8res Jean-No\u00ebl Barrot.<\/p>\n<blockquote class=\"twitter-tweet\" data-dnt=\"true\" align=\"center\">\n<p lang=\"fr\" dir=\"ltr\">Iran : il ne peut y avoir d\u2019impunit\u00e9.<\/p>\n<p>L\u2019insoutenable r\u00e9pression de la r\u00e9volte pacifique du peuple iranien ne peut rester sans r\u00e9ponse. Son courage inou\u00ef face \u00e0 la violence qui s&rsquo;est abattue aveugl\u00e9ment sur lui ne peut rester vain.<\/p>\n<p>Avec nos partenaires europ\u00e9ens, nous prendrons\u2026<\/p>\n<p>\u2014 Jean-No\u00ebl Barrot (@jnbarrot) <a href=\"https:\/\/twitter.com\/jnbarrot\/status\/2016573900545474562?ref_src=twsrc%5Etfw\" target=\"_blank\" rel=\"noopener\">January 28, 2026<\/a><\/p><\/blockquote>\n<p class=\"fs-5 \">Le bras arm\u00e9 id\u00e9ologique de la R\u00e9publique islamique d\u2019Iran est <a target=\"_blank\" href=\"https:\/\/www.nicematin.com\/societe\/iran-pres-de-6-000-morts-confirmes-dans-les-manifestations-et-le-bilan-pourrait-etre-bien-plus-eleve-10666371\" rel=\"noopener\"><strong>accus\u00e9 par les organisations de droits humains d\u2019avoir orchestr\u00e9 la r\u00e9pression meurtri\u00e8re du vaste mouvement contestataire<\/strong><\/a> qui secoue le pays, faisant des milliers de morts.<\/p>\n<p class=\"fs-5 \">L\u2019Italie avait annonc\u00e9 la semaine derni\u00e8re son intention de proposer jeudi aux autres pays de l\u2019Union europ\u00e9enne d\u2019ajouter les Gardiens de la r\u00e9volution sur cette liste. <strong>Le soutien fran\u00e7ais pourrait peser lors de la d\u00e9cision.<\/strong><\/p>\n<p class=\"fs-5 \">L\u2019Iran a mis en garde contre des \u00ab\u00a0cons\u00e9quences destructrices\u00a0\u00bb si l\u2019UE d\u00e9cidait de cette inscription. Les Gardiens de la R\u00e9volution en Iran sont d\u00e9j\u00e0 l\u2019objet de sanctions europ\u00e9ennes. D\u2019autres vont \u00eatre d\u00e9cid\u00e9es jeudi, a indiqu\u00e9 Mme Kallas.<\/p>\n<p class=\"fs-5 \">Quelque 21 entit\u00e9s et individus parmi lesquels de hauts responsables des Gardiens vont \u00eatre cibl\u00e9s par ces sanctions, qui pr\u00e9voient une interdiction d\u2019entrer dans l\u2019UE et le gel des avoirs dans l\u2019Union europ\u00e9enne.<\/p>\n<p class=\"fs-5 \">Des sanctions vont \u00e9galement \u00eatre d\u00e9cid\u00e9es \u00e0 l\u2019encontre d\u2019une dizaine d\u2019individus et d\u2019entit\u00e9s en Iran, accus\u00e9s d\u2019aider la Russie dans sa guerre contre l\u2019Ukraine, gr\u00e2ce \u00e0 la fourniture de drones ou de missiles<\/p>\n<p>                                                                                                        <script async src=\"https:\/\/platform.twitter.com\/widgets.js\" charset=\"utf-8\"><\/script><\/p>\n","protected":false},"excerpt":{"rendered":"Ce jeudi 29\u00a0janvier, les ministres des Affaires \u00e9trang\u00e8res de l\u2019Union europ\u00e9enne pourraient franchir un cap historique et diplomatique.&hellip;\n","protected":false},"author":2,"featured_media":696932,"comment_status":"","ping_status":"","sticky":false,"template":"","format":"standard","meta":{"footnotes":""},"categories":[1586],"tags":[11,1777,674,1779,1011,27,12,25,1778,364],"class_list":{"0":"post-696931","1":"post","2":"type-post","3":"status-publish","4":"format-standard","5":"has-post-thumbnail","7":"category-europe","8":"tag-actualites","9":"tag-eu","10":"tag-europe","11":"tag-european-union","12":"tag-fr","13":"tag-france","14":"tag-news","15":"tag-republique-francaise","16":"tag-ue","17":"tag-union-europeenne"},"share_on_mastodon":{"url":"https:\/\/pubeurope.com\/@fr\/115977502334433053","error":""},"_links":{"self":[{"href":"https:\/\/www.europesays.com\/fr\/wp-json\/wp\/v2\/posts\/696931","targetHints":{"allow":["GET"]}}],"collection":[{"href":"https:\/\/www.europesays.com\/fr\/wp-json\/wp\/v2\/posts"}],"about":[{"href":"https:\/\/www.europesays.com\/fr\/wp-json\/wp\/v2\/types\/post"}],"author":[{"embeddable":true,"href":"https:\/\/www.europesays.com\/fr\/wp-json\/wp\/v2\/users\/2"}],"replies":[{"embeddable":true,"href":"https:\/\/www.europesays.com\/fr\/wp-json\/wp\/v2\/comments?post=696931"}],"version-history":[{"count":0,"href":"https:\/\/www.europesays.com\/fr\/wp-json\/wp\/v2\/posts\/696931\/revisions"}],"wp:featuredmedia":[{"embeddable":true,"href":"https:\/\/www.europesays.com\/fr\/wp-json\/wp\/v2\/media\/696932"}],"wp:attachment":[{"href":"https:\/\/www.europesays.com\/fr\/wp-json\/wp\/v2\/media?parent=696931"}],"wp:term":[{"taxonomy":"category","embeddable":true,"href":"https:\/\/www.europesays.com\/fr\/wp-json\/wp\/v2\/categories?post=696931"},{"taxonomy":"post_tag","embeddable":true,"href":"https:\/\/www.europesays.com\/fr\/wp-json\/wp\/v2\/tags?post=696931"}],"curies":[{"name":"wp","href":"https:\/\/api.w.org\/{rel}","templated":true}]}}