{"id":696942,"date":"2026-01-29T08:49:23","date_gmt":"2026-01-29T08:49:23","guid":{"rendered":"https:\/\/www.europesays.com\/fr\/696942\/"},"modified":"2026-01-29T08:49:23","modified_gmt":"2026-01-29T08:49:23","slug":"rybakina-ecarte-swiatek-et-retrouvera-pegula-en-demie","status":"publish","type":"post","link":"https:\/\/www.europesays.com\/fr\/696942\/","title":{"rendered":"Rybakina \u00e9carte Swiatek et retrouvera Pegula en demie"},"content":{"rendered":"<p>Elena Rybakina (WTA 5) s&rsquo;est qualifi\u00e9e pour les demi-finales de l&rsquo;Open d&rsquo;Australie en \u00e9cartant Iga Swiatek (2). Finaliste \u00e0 Melbourne en 2023, la Kazakhstanaise s&rsquo;est impos\u00e9e 7-5 6-1 devant la Polonaise, qui esp\u00e9rait bien d\u00e9crocher le dernier troph\u00e9e majeur manquant \u00e0 son palmar\u00e8s.<\/p>\n<p>\u00ab\u00a0Je suis tr\u00e8s contente de cette victoire, dans une si belle ambiance\u00a0\u00bb, a d\u00e9clar\u00e9 la toujours tr\u00e8s retenue joueuse d&rsquo;origine russe, qui avait perdu quatre de ses cinq matches contre la Polonaise l&rsquo;an dernier.<\/p>\n<p>\u00ab\u00a0J&rsquo;ai essay\u00e9 d&rsquo;\u00eatre agressive mais, dans le premier set, je n&rsquo;ai pas tr\u00e8s bien servi. Dans le second, j&rsquo;\u00e9tais plus d\u00e9tendue et mon service a \u00e9t\u00e9 plus efficace. Mon service m&rsquo;aide beaucoup, alors j&rsquo;esp\u00e8re que \u00e7a va continuer comme \u00e7a\u00a0\u00bb, a ajout\u00e9 la laur\u00e9ate de Wimbledon 2022.<\/p>\n<p>Iga Swiatek \u00e9choue quant \u00e0 elle encore \u00e0 atteindre la finale de l&rsquo;Open d&rsquo;Australie, o\u00f9 elle n&rsquo;a pas fait mieux que les demi-finales, en 2022 et 2025. Mercredi, la Polonaise a tent\u00e9 de faire jouer Elena Rybakina, de lui imposer une fili\u00e8re longue pour la faire sortir de sa zone de confort o\u00f9 sa puissance lui permet de gagner les points en un minimum de frappes. Sans succ\u00e8s.<\/p>\n<p>Rybakina jouera sa premi\u00e8re demi-finale en Grand Chelem depuis Wimbledon 2024, sa quatri\u00e8me au total. Elle a termin\u00e9 la saison 2025 en trombe avec le titre aux Masters et est la joueuse ayant remport\u00e9 le plus de victoires depuis Wimbledon (36 en comptant celle contre Swiatek mercredi).<\/p>\n<p>Contenu externe<\/p>\n<p> Ce contenu externe ne peut pas \u00eatre affich\u00e9 car il est susceptible de collecter des donn\u00e9es personnelles. Pour voir ce contenu vous devez autoriser la cat\u00e9gorie <strong>R\u00e9seaux sociaux<\/strong>. <\/p>\n<p> Accepter Plus d&rsquo;info <\/p>\n<p class=\"sources\">ats\/fg<\/p>\n","protected":false},"excerpt":{"rendered":"Elena Rybakina (WTA 5) s&rsquo;est qualifi\u00e9e pour les demi-finales de l&rsquo;Open d&rsquo;Australie en \u00e9cartant Iga Swiatek (2). Finaliste&hellip;\n","protected":false},"author":2,"featured_media":696943,"comment_status":"","ping_status":"","sticky":false,"template":"","format":"standard","meta":{"footnotes":""},"categories":[1415],"tags":[38550,11170,6903,79195,1011,27,2200,58388,4175,517,60,6006,1467,79196],"class_list":{"0":"post-696942","1":"post","2":"type-post","3":"status-publish","4":"format-standard","5":"has-post-thumbnail","7":"category-tennis","8":"tag-amanda-anisimova","9":"tag-demi-finale","10":"tag-elena-rybakina","11":"tag-elena-rybakina-iga-swiatek","12":"tag-fr","13":"tag-france","14":"tag-iga-swiatek","15":"tag-jessica-pegula","16":"tag-open-daustralie","17":"tag-sport","18":"tag-sports","19":"tag-succes","20":"tag-tennis","21":"tag-wta-open-daustralie-1-4"},"share_on_mastodon":{"url":"https:\/\/pubeurope.com\/@fr\/115977529736995668","error":""},"_links":{"self":[{"href":"https:\/\/www.europesays.com\/fr\/wp-json\/wp\/v2\/posts\/696942","targetHints":{"allow":["GET"]}}],"collection":[{"href":"https:\/\/www.europesays.com\/fr\/wp-json\/wp\/v2\/posts"}],"about":[{"href":"https:\/\/www.europesays.com\/fr\/wp-json\/wp\/v2\/types\/post"}],"author":[{"embeddable":true,"href":"https:\/\/www.europesays.com\/fr\/wp-json\/wp\/v2\/users\/2"}],"replies":[{"embeddable":true,"href":"https:\/\/www.europesays.com\/fr\/wp-json\/wp\/v2\/comments?post=696942"}],"version-history":[{"count":0,"href":"https:\/\/www.europesays.com\/fr\/wp-json\/wp\/v2\/posts\/696942\/revisions"}],"wp:featuredmedia":[{"embeddable":true,"href":"https:\/\/www.europesays.com\/fr\/wp-json\/wp\/v2\/media\/696943"}],"wp:attachment":[{"href":"https:\/\/www.europesays.com\/fr\/wp-json\/wp\/v2\/media?parent=696942"}],"wp:term":[{"taxonomy":"category","embeddable":true,"href":"https:\/\/www.europesays.com\/fr\/wp-json\/wp\/v2\/categories?post=696942"},{"taxonomy":"post_tag","embeddable":true,"href":"https:\/\/www.europesays.com\/fr\/wp-json\/wp\/v2\/tags?post=696942"}],"curies":[{"name":"wp","href":"https:\/\/api.w.org\/{rel}","templated":true}]}}