{"id":696948,"date":"2026-01-29T08:55:16","date_gmt":"2026-01-29T08:55:16","guid":{"rendered":"https:\/\/www.europesays.com\/fr\/696948\/"},"modified":"2026-01-29T08:55:16","modified_gmt":"2026-01-29T08:55:16","slug":"ray-j-revele-quil-na-plus-que-quelques-mois-a-vivre-a-cause-de-problemes-cardiaques","status":"publish","type":"post","link":"https:\/\/www.europesays.com\/fr\/696948\/","title":{"rendered":"Ray J r\u00e9v\u00e8le qu&rsquo;il n&rsquo;a \u00abplus que quelques mois \u00e0 vivre\u00bb \u00e0 cause de probl\u00e8mes cardiaques"},"content":{"rendered":"<p>Actualis\u00e928. janvier 2026, 18:19<\/p>\n<p>Sextape avec Kim K: Le chanteur Ray J n&rsquo;aurait \u00abplus que quelques mois \u00e0 vivre\u00bb<\/p>\n<p>Le partenaire de sextape de Kim Kardashian souffre de graves probl\u00e8mes cardiaques. La faute \u00e0 son mode de vie, assure-t-il.<\/p>\n<p>Autant c\u00e9l\u00e8bre pour sa fameuse sextape avec Kim Kardashian que pour sa reprise du morceau de Sting \u00abAnother Day In Paradise\u00bb avec sa s\u0153ur Brandy, le rappeur et chanteur Ray J n&rsquo;est pas certain de voir 2027. C&rsquo;est lui-m\u00eame qui a partag\u00e9 la nouvelle angoissante dans un live Instagram, expliquant que ses m\u00e9decins lui avaient signifi\u00e9 qu&rsquo;il ne lui restait \u00abplus que quelques mois \u00e0 vivre\u00bb.<\/p>\n<p>La faute \u00e0 des probl\u00e8mes cardiaques, qu&rsquo;il pr\u00e9sente comme incurables. Selon ses explications, son c\u0153ur ne fonctionnerait plus qu&rsquo;\u00e0 25% de ses capacit\u00e9s. Le chanteur avait r\u00e9cemment \u00e9t\u00e9 hospitalis\u00e9 \u00e0 Las Vegas, ce qui avait inqui\u00e9t\u00e9 sur son \u00e9tat de sant\u00e9.<\/p>\n<p>Des inqui\u00e9tudes qui se confirment, donc, et une maladie qui r\u00e9sulte, toujours selon lui, de son mode de vie malsain: \u00abJ&rsquo;ai tout fait foirer. Je pensais que je pouvais g\u00e9rer l&rsquo;alcool, les drogues, tout. Je pouvais boire plusieurs bouteilles chaque jour, comme si rien n&rsquo;allait m&rsquo;arriver, comme si j&rsquo;\u00e9tais indestructible\u00bb, confie-t-il.<\/p>\n<p>Si son interlocuteur tente de d\u00e9dramatiser en tentant de le convaincre qu&rsquo;il noircit le tableau, l&rsquo;artiste de 45 ans n&rsquo;en d\u00e9mord pas. Au point de pr\u00e9voir un d\u00e9placement en Ha\u00efti dans les prochaines semaines pour s&rsquo;en remettre au vaudou. Des affirmations \u00e0 prendre avec prudence, m\u00eame si l&rsquo;Am\u00e9ricain prend un ton grave au moment de rendre hommage \u00e0 ses parents et \u00e0 sa s\u0153ur Brandy.<\/p>\n<p>Cens\u00e9 incarner le futur du R&amp;B am\u00e9ricain au d\u00e9but des ann\u00e9es 2000, Ray J n&rsquo;a jamais r\u00e9alis\u00e9 la carri\u00e8re artistique qui se promettait \u00e0 lui, davantage habitu\u00e9 \u00e0 la rubrique potins qu&rsquo;au sommet des charts. Sa sextape tourn\u00e9e en 2003 avec Kim Kardashian, point de d\u00e9part de la c\u00e9l\u00e9brit\u00e9 de cette derni\u00e8re, a d\u00e9fray\u00e9 la chronique. Le natif du Mississippi a \u00e9galement entretenu des relations amoureuses avec Whitney Houston et Pamela Anderson.<\/p>\n<p>Tu nous suis d\u00e9j\u00e0 sur WhatsApp?<\/p>\n<p>Abonne-toi \u00e0 notre cha\u00eene, active la petite \ud83d\udd14 et tu recevras un <strong>r\u00e9cap de l&rsquo;actu<\/strong> chaque jour en <strong>d\u00e9but de soir\u00e9e<\/strong>.<\/p>\n<p>(th)<\/p>\n","protected":false},"excerpt":{"rendered":"Actualis\u00e928. janvier 2026, 18:19 Sextape avec Kim K: Le chanteur Ray J n&rsquo;aurait \u00abplus que quelques mois \u00e0&hellip;\n","protected":false},"author":2,"featured_media":696949,"comment_status":"","ping_status":"","sticky":false,"template":"","format":"standard","meta":{"footnotes":""},"categories":[1359],"tags":[58,59,1011,27,973],"class_list":{"0":"post-696948","1":"post","2":"type-post","3":"status-publish","4":"format-standard","5":"has-post-thumbnail","7":"category-people","8":"tag-divertissement","9":"tag-entertainment","10":"tag-fr","11":"tag-france","12":"tag-people"},"share_on_mastodon":{"url":"https:\/\/pubeurope.com\/@fr\/115977553466747659","error":""},"_links":{"self":[{"href":"https:\/\/www.europesays.com\/fr\/wp-json\/wp\/v2\/posts\/696948","targetHints":{"allow":["GET"]}}],"collection":[{"href":"https:\/\/www.europesays.com\/fr\/wp-json\/wp\/v2\/posts"}],"about":[{"href":"https:\/\/www.europesays.com\/fr\/wp-json\/wp\/v2\/types\/post"}],"author":[{"embeddable":true,"href":"https:\/\/www.europesays.com\/fr\/wp-json\/wp\/v2\/users\/2"}],"replies":[{"embeddable":true,"href":"https:\/\/www.europesays.com\/fr\/wp-json\/wp\/v2\/comments?post=696948"}],"version-history":[{"count":0,"href":"https:\/\/www.europesays.com\/fr\/wp-json\/wp\/v2\/posts\/696948\/revisions"}],"wp:featuredmedia":[{"embeddable":true,"href":"https:\/\/www.europesays.com\/fr\/wp-json\/wp\/v2\/media\/696949"}],"wp:attachment":[{"href":"https:\/\/www.europesays.com\/fr\/wp-json\/wp\/v2\/media?parent=696948"}],"wp:term":[{"taxonomy":"category","embeddable":true,"href":"https:\/\/www.europesays.com\/fr\/wp-json\/wp\/v2\/categories?post=696948"},{"taxonomy":"post_tag","embeddable":true,"href":"https:\/\/www.europesays.com\/fr\/wp-json\/wp\/v2\/tags?post=696948"}],"curies":[{"name":"wp","href":"https:\/\/api.w.org\/{rel}","templated":true}]}}