{"id":696954,"date":"2026-01-29T08:59:13","date_gmt":"2026-01-29T08:59:13","guid":{"rendered":"https:\/\/www.europesays.com\/fr\/696954\/"},"modified":"2026-01-29T08:59:13","modified_gmt":"2026-01-29T08:59:13","slug":"les-grands-retours-de-la-k-pop-declenchent-la-competition-en-fevrier-2026","status":"publish","type":"post","link":"https:\/\/www.europesays.com\/fr\/696954\/","title":{"rendered":"les grands retours de la K-pop d\u00e9clenchent la comp\u00e9tition en f\u00e9vrier 2026\u202f"},"content":{"rendered":"<p>Le mois de f\u00e9vrier 2026 s\u2019annonce comme un des plus charg\u00e9s du calendrier de la K-pop, avec <strong>de nombreux retours et nouvelles sorties pr\u00e9vues<\/strong>.<\/p>\n<p>Les artistes confirm\u00e9s et les groupes r\u00e9cents <strong>pr\u00e9parent des chansons et des albums qui s\u2019encha\u00eeneront <\/strong>tout au long du mois. Entre <strong>les comebacks tr\u00e8s attendus et les projets surprises<\/strong>, la concurrence sera intense.<\/p>\n<p><img loading=\"lazy\" decoding=\"async\" width=\"1080\" height=\"784\" src=\"https:\/\/www.europesays.com\/fr\/wp-content\/uploads\/2025\/12\/BLACKPINK-nouveau-report-de-lalbum-la-patience-des-fans-mise-a-lepreuve.jpg\" alt=\"BLACKPINK, ATEEZ, Hearts2Hearts... : les grands retours de la K-pop d\u00e9clenchent la comp\u00e9tition en f\u00e9vrier 2026\u202f\" class=\"wp-image-278463 lazyload\" title=\"BLACKPINK, ATEEZ, Hearts2Hearts... : les grands retours de la K-pop d\u00e9clenchent la comp\u00e9tition en f\u00e9vrier 2026\u202f\"  \/>BLACKPINK et IVE attendus en fin de mois<\/p>\n<p><strong>BLACKPINK fera son retour en tant que groupe complet le 27 f\u00e9vrier<\/strong>, marquant leur premi\u00e8re activit\u00e9 collective apr\u00e8s une longue p\u00e9riode consacr\u00e9e aux projets en solo. Pendant ce temps, chaque membre a renforc\u00e9 sa pr\u00e9sence dans le monde entier dans la musique, la mode et la culture, ce qui permet au groupe de toucher un public tr\u00e8s large.<\/p>\n<p>Gr\u00e2ce \u00e0 cette popularit\u00e9, <strong>BLACKPINK peut viser les premi\u00e8res places des classements<\/strong> et attirer beaucoup d\u2019attention sur les r\u00e9seaux sociaux. De nombreux observateurs consid\u00e8rent <strong>que ce comeback donnera le ton du mois et influencera les autres sorties pr\u00e9vues<\/strong>.<\/p>\n<p><strong>IVE pr\u00e9pare \u00e9galement un comeback pour la fin du mois<\/strong>, et le groupe pr\u00e9voit de <strong>sortir une chanson en avance le 9 f\u00e9vrier <\/strong>afin de maintenir l\u2019attention de ses fans. Le groupe encha\u00eene les succ\u00e8s et propose des titres qui plaisent \u00e0 un large public, et <strong>il change souvent son style musical pour rester int\u00e9ressant<\/strong>. Cette sortie avant le retour principal permet ainsi de rester visible dans un calendrier particuli\u00e8rement charg\u00e9 et de pr\u00e9parer le public \u00e0 la suite.<\/p>\n<p><img loading=\"lazy\" decoding=\"async\" width=\"1440\" height=\"720\" src=\"https:\/\/www.europesays.com\/fr\/wp-content\/uploads\/2026\/01\/ATEEZ-prolonge-son-contrat-avec-KQ-Entertainment-et-annonce-une-tournee-mondiale-de-grande-envergure.webp\" alt=\"BLACKPINK, ATEEZ, Hearts2Hearts... : les grands retours de la K-pop d\u00e9clenchent la comp\u00e9tition en f\u00e9vrier 2026\u202f\" class=\"wp-image-256848 lazyload\" title=\"BLACKPINK, ATEEZ, Hearts2Hearts... : les grands retours de la K-pop d\u00e9clenchent la comp\u00e9tition en f\u00e9vrier 2026\u202f\"  \/>Boys groups tr\u00e8s pr\u00e9sents d\u00e8s d\u00e9but f\u00e9vrier<\/p>\n<p>La concurrence commencera d\u00e8s les premiers jours du mois avec plusieurs boys groups qui publient de nouvelles chansons. <strong>ZEROBASEONE ouvrira le mois avec un nouvel album pr\u00e9vu le 2 f\u00e9vrier<\/strong>. Le groupe figure parmi les plus populaires de la nouvelle g\u00e9n\u00e9ration et, depuis ses d\u00e9buts, il montre une forte capacit\u00e9 de vente ainsi qu\u2019un engagement actif de ses fans, ce qui rend ce comeback tr\u00e8s attendu par le public et les professionnels.<\/p>\n<p><strong>ATEEZ fera son comeback le 6 f\u00e9vrier<\/strong> avec des performances puissantes et pleines d\u2019\u00e9nergie, ce qui devrait s\u00e9duire ses fans habituels et attirer de nouveaux spectateurs. Gr\u00e2ce \u00e0 ses nombreuses tourn\u00e9es internationales, le groupe reste tr\u00e8s suivi dans le monde entier et conserve une position solide sur le march\u00e9 de la musique K-pop.<\/p>\n<p><img loading=\"lazy\" decoding=\"async\" width=\"616\" height=\"461\" src=\"https:\/\/www.europesays.com\/fr\/wp-content\/uploads\/2026\/01\/Une-fan-violemment-blessee-par-la-securite-de-Hearts2Hearts-a-laeroport-elle-refuse-de-porter-plaint.webp\" alt=\"BLACKPINK, ATEEZ, Hearts2Hearts... : les grands retours de la K-pop d\u00e9clenchent la comp\u00e9tition en f\u00e9vrier 2026\u202f\" class=\"wp-image-250808 lazyload\" title=\"BLACKPINK, ATEEZ, Hearts2Hearts... : les grands retours de la K-pop d\u00e9clenchent la comp\u00e9tition en f\u00e9vrier 2026\u202f\"\/>Groupes r\u00e9cents et formats alternatifs en f\u00e9vrier<\/p>\n<p>En parall\u00e8le, des groupes plus r\u00e9cents cherchent aussi \u00e0 se faire conna\u00eetre durant ce mois tr\u00e8s comp\u00e9titif. <strong>TWS pr\u00e9pare un comeback, tandis que Hearts2Hearts planifie un retour en fin de mois. <\/strong>Pour eux, cette p\u00e9riode repr\u00e9sente une opportunit\u00e9 importante pour affirmer leur style musical et \u00e9largir leur base de fans, malgr\u00e9 la concurrence d\u00e9j\u00e0 tr\u00e8s forte.<\/p>\n<p><strong>BOYNEXTDOOR publiera le 4 f\u00e9vrier son premier album live<\/strong>, et m\u00eame si ce n\u2019est pas un comeback classique, cette sortie met en avant la qualit\u00e9 de leurs performances sur sc\u00e8ne. Elle montre \u00e9galement la confiance du groupe envers une communaut\u00e9 de fans soutenant leurs concerts.<\/p>\n<p>  Si vous appr\u00e9ciez notre travail, vous pouvez nous soutenir en nous suivant sur Google :  <a href=\"https:\/\/profile.google.com\/cp\/EjwKHGFsdHNlbGVjdGlvbi5vdWVzdC1mcmFuY2UuZnISHGFsdHNlbGVjdGlvbi5vdWVzdC1mcmFuY2UuZnI\" target=\"_blank\" rel=\"noopener nofollow external\" style=\"&#010; display:inline-block !important;&#010; padding:12px 20px !important;&#010; background:#ff2d89 !important;&#010; color:#fff !important;&#010; border-radius:999px !important;&#010; font-weight:700 !important;&#010; text-decoration:none !important;&#010; line-height:1 !important;&#010; border:0 !important;&#010; box-shadow:0 6px 18px rgba(255,45,137,.25) !important;&#010; transition:transform .06s ease, box-shadow .2s ease !important;\"> Suivre sur Google News <\/a><\/p>\n","protected":false},"excerpt":{"rendered":"Le mois de f\u00e9vrier 2026 s\u2019annonce comme un des plus charg\u00e9s du calendrier de la K-pop, avec de&hellip;\n","protected":false},"author":2,"featured_media":696955,"comment_status":"","ping_status":"","sticky":false,"template":"","format":"standard","meta":{"footnotes":""},"categories":[1355],"tags":[58,59,1011,27,1361,873],"class_list":{"0":"post-696954","1":"post","2":"type-post","3":"status-publish","4":"format-standard","5":"has-post-thumbnail","7":"category-musique","8":"tag-divertissement","9":"tag-entertainment","10":"tag-fr","11":"tag-france","12":"tag-music","13":"tag-musique"},"share_on_mastodon":{"url":"https:\/\/pubeurope.com\/@fr\/115977569386733982","error":""},"_links":{"self":[{"href":"https:\/\/www.europesays.com\/fr\/wp-json\/wp\/v2\/posts\/696954","targetHints":{"allow":["GET"]}}],"collection":[{"href":"https:\/\/www.europesays.com\/fr\/wp-json\/wp\/v2\/posts"}],"about":[{"href":"https:\/\/www.europesays.com\/fr\/wp-json\/wp\/v2\/types\/post"}],"author":[{"embeddable":true,"href":"https:\/\/www.europesays.com\/fr\/wp-json\/wp\/v2\/users\/2"}],"replies":[{"embeddable":true,"href":"https:\/\/www.europesays.com\/fr\/wp-json\/wp\/v2\/comments?post=696954"}],"version-history":[{"count":0,"href":"https:\/\/www.europesays.com\/fr\/wp-json\/wp\/v2\/posts\/696954\/revisions"}],"wp:featuredmedia":[{"embeddable":true,"href":"https:\/\/www.europesays.com\/fr\/wp-json\/wp\/v2\/media\/696955"}],"wp:attachment":[{"href":"https:\/\/www.europesays.com\/fr\/wp-json\/wp\/v2\/media?parent=696954"}],"wp:term":[{"taxonomy":"category","embeddable":true,"href":"https:\/\/www.europesays.com\/fr\/wp-json\/wp\/v2\/categories?post=696954"},{"taxonomy":"post_tag","embeddable":true,"href":"https:\/\/www.europesays.com\/fr\/wp-json\/wp\/v2\/tags?post=696954"}],"curies":[{"name":"wp","href":"https:\/\/api.w.org\/{rel}","templated":true}]}}